{"id":251433,"date":"2025-11-23T13:33:09","date_gmt":"2025-11-23T13:33:09","guid":{"rendered":"https:\/\/www.europesays.com\/es\/251433\/"},"modified":"2025-11-23T13:33:09","modified_gmt":"2025-11-23T13:33:09","slug":"rashford-regresa-y-flick-esta-aun-pendiente-de-pedri","status":"publish","type":"post","link":"https:\/\/www.europesays.com\/es\/251433\/","title":{"rendered":"Rashford regresa y Flick est\u00e1 a\u00fan pendiente de Pedri"},"content":{"rendered":"<p data-gtm-element-container=\"modulo-texto-link\" class=\"paragraph\">Despu\u00e9s de la reparadora goleada ante el <strong>Athletic <\/strong>a la vuelta del par\u00f3n internacional, el <strong>Bar\u00e7a<\/strong> se ejercit\u00f3 en la Ciutat Esportiva pensando en el partido de la quinta jornada de la <strong>Champions League <\/strong>ante el <strong>Chelsea<\/strong>, que se jugar\u00e1 este martes 25 de noviembre en <strong>Stamford Bridge<\/strong> a las 21.00 h.\u00a0<\/p>\n<p data-gtm-element-container=\"modulo-texto-link\" class=\"paragraph\">Los titulares ante el equipo bilba\u00edno tuvieron sesi\u00f3n de recuperaci\u00f3n, mientras que los suplentes y disponibles realizaron trabajo al margen. Entre ellos, <strong>Rashford<\/strong>, que se perdi\u00f3 este \u00faltimo partido de la <strong>LaLiga<\/strong> por una fuerte gripe. Ten\u00eda fiebre.\u00a0<\/p>\n<p data-gtm-element-container=\"modulo-texto-link\" class=\"paragraph\">Quien todav\u00eda no ha entrado en la din\u00e1mica del primer equipo despu\u00e9s de la lesi\u00f3n que sufri\u00f3 es <strong>Pedri<\/strong>, que no estuvo con el grupo. El jugador tiene buenas sensaciones pero el staff azulgrana debe valorar si est\u00e1 en condiciones para entrar en la convocatoria. Hay previsto una reuni\u00f3n ma\u00f1ana por la ma\u00f1ana con el jugador para conocer su estado y sensaciones.\u00a0<\/p>\n<p>    Lee tambi\u00e9n<\/p>\n<p data-gtm-element-container=\"modulo-texto-link\" class=\"paragraph\">A finales del mes de octubre, <strong>Pedri<\/strong> sufri\u00f3 una lesi\u00f3n en el b\u00edceps femoral y se estipul\u00f3 un periodo de baja que durar\u00eda unas tres semanas que ya se han cumplido.\u00a0<\/p>\n<p data-gtm-element-container=\"modulo-texto-link\" class=\"paragraph\">\u00a0<\/p>\n","protected":false},"excerpt":{"rendered":"Despu\u00e9s de la reparadora goleada ante el Athletic a la vuelta del par\u00f3n internacional, el Bar\u00e7a se ejercit\u00f3&hellip;\n","protected":false},"author":2,"featured_media":251434,"comment_status":"","ping_status":"","sticky":false,"template":"","format":"standard","meta":{"footnotes":""},"categories":[268],"tags":[168,25,24,280,282,281,23,167],"class_list":{"0":"post-251433","1":"post","2":"type-post","3":"status-publish","4":"format-standard","5":"has-post-thumbnail","7":"category-futbol","8":"tag-deportes","9":"tag-es","10":"tag-espana","11":"tag-football","12":"tag-futbol","13":"tag-soccer","14":"tag-spain","15":"tag-sports"},"share_on_mastodon":{"url":"https:\/\/pubeurope.com\/@es\/115599272196634628","error":""},"_links":{"self":[{"href":"https:\/\/www.europesays.com\/es\/wp-json\/wp\/v2\/posts\/251433","targetHints":{"allow":["GET"]}}],"collection":[{"href":"https:\/\/www.europesays.com\/es\/wp-json\/wp\/v2\/posts"}],"about":[{"href":"https:\/\/www.europesays.com\/es\/wp-json\/wp\/v2\/types\/post"}],"author":[{"embeddable":true,"href":"https:\/\/www.europesays.com\/es\/wp-json\/wp\/v2\/users\/2"}],"replies":[{"embeddable":true,"href":"https:\/\/www.europesays.com\/es\/wp-json\/wp\/v2\/comments?post=251433"}],"version-history":[{"count":0,"href":"https:\/\/www.europesays.com\/es\/wp-json\/wp\/v2\/posts\/251433\/revisions"}],"wp:featuredmedia":[{"embeddable":true,"href":"https:\/\/www.europesays.com\/es\/wp-json\/wp\/v2\/media\/251434"}],"wp:attachment":[{"href":"https:\/\/www.europesays.com\/es\/wp-json\/wp\/v2\/media?parent=251433"}],"wp:term":[{"taxonomy":"category","embeddable":true,"href":"https:\/\/www.europesays.com\/es\/wp-json\/wp\/v2\/categories?post=251433"},{"taxonomy":"post_tag","embeddable":true,"href":"https:\/\/www.europesays.com\/es\/wp-json\/wp\/v2\/tags?post=251433"}],"curies":[{"name":"wp","href":"https:\/\/api.w.org\/{rel}","templated":true}]}}