{"id":251437,"date":"2025-11-23T13:35:10","date_gmt":"2025-11-23T13:35:10","guid":{"rendered":"https:\/\/www.europesays.com\/es\/251437\/"},"modified":"2025-11-23T13:35:10","modified_gmt":"2025-11-23T13:35:10","slug":"arquitecta-lara-jimenez-gana-segundo-premio-en-concurso-internacional-inspirado-en-gaudi-avilared","status":"publish","type":"post","link":"https:\/\/www.europesays.com\/es\/251437\/","title":{"rendered":"Arquitecta Lara Jim\u00e9nez gana segundo premio en concurso internacional inspirado en Gaud\u00ed | \u00c1vilared"},"content":{"rendered":"<p>El certamen, enmarcado dentro del Sal\u00f3n Piscina &amp; Wellness Barcelona 2025, ten\u00eda como objetivo el dise\u00f1o de un centro acu\u00e1tico ubicado en el Parque G\u00fcell, uno de los espacios m\u00e1s emblem\u00e1ticos del arquitecto Antoni Gaud\u00ed. La propuesta de Jim\u00e9nez y Vasco destac\u00f3 por su integraci\u00f3n armoniosa con el paisaje y por la reinterpretaci\u00f3n contempor\u00e1nea de los principios gaudinianos.<\/p>\n<p>\u2018Horizonte Trencad\u00eds\u2019 se inspira en las formas org\u00e1nicas de la naturaleza que caracterizan el lenguaje arquitect\u00f3nico de Gaud\u00ed. El proyecto plantea un sistema hidr\u00e1ulico sostenible para la recogida de agua de lluvia en la colina del parque. El agua discurre a trav\u00e9s de aberturas que generan cortinas l\u00fadicas de agua y luz, alimentando las piscinas situadas en la cota inferior del centro acu\u00e1tico.<\/p>\n<p>Seg\u00fan sus autores, este dise\u00f1o busca \u00absimbolizar la unidad entre estructura y vida, transform\u00e1ndose en una presencia viva, sonora y cambiante que acompa\u00f1a al visitante a lo largo de su trayecto\u00bb. La propuesta fue una de las nominadas y el proyecto fue expuesto en la Innovation Zone del sal\u00f3n, en el recinto ferial barcelon\u00e9s.<\/p>\n<p>\u00a0<\/p>\n","protected":false},"excerpt":{"rendered":"El certamen, enmarcado dentro del Sal\u00f3n Piscina &amp; Wellness Barcelona 2025, ten\u00eda como objetivo el dise\u00f1o de un&hellip;\n","protected":false},"author":2,"featured_media":251438,"comment_status":"","ping_status":"","sticky":false,"template":"","format":"standard","meta":{"footnotes":""},"categories":[173],"tags":[9232,229,233,231,230,63670,63666,232,234,63669,146,147,25,24,63667,63664,63668,63665,23],"class_list":{"0":"post-251437","1":"post","2":"type-post","3":"status-publish","4":"format-standard","5":"has-post-thumbnail","7":"category-arte-y-diseno","8":"tag-antoni-gaudi","9":"tag-arte","10":"tag-arte-y-diseno","11":"tag-arts","12":"tag-arts-and-design","13":"tag-centro-acuatico-barcelona","14":"tag-concurso-internacional-arquitectura","15":"tag-design","16":"tag-diseno","17":"tag-diseno-sostenible","18":"tag-entertainment","19":"tag-entretenimiento","20":"tag-es","21":"tag-espana","22":"tag-horizonte-trencadis","23":"tag-lara-jimenez","24":"tag-parque-guell","25":"tag-segundo-premio","26":"tag-spain"},"share_on_mastodon":{"url":"https:\/\/pubeurope.com\/@es\/115599279623073684","error":""},"_links":{"self":[{"href":"https:\/\/www.europesays.com\/es\/wp-json\/wp\/v2\/posts\/251437","targetHints":{"allow":["GET"]}}],"collection":[{"href":"https:\/\/www.europesays.com\/es\/wp-json\/wp\/v2\/posts"}],"about":[{"href":"https:\/\/www.europesays.com\/es\/wp-json\/wp\/v2\/types\/post"}],"author":[{"embeddable":true,"href":"https:\/\/www.europesays.com\/es\/wp-json\/wp\/v2\/users\/2"}],"replies":[{"embeddable":true,"href":"https:\/\/www.europesays.com\/es\/wp-json\/wp\/v2\/comments?post=251437"}],"version-history":[{"count":0,"href":"https:\/\/www.europesays.com\/es\/wp-json\/wp\/v2\/posts\/251437\/revisions"}],"wp:featuredmedia":[{"embeddable":true,"href":"https:\/\/www.europesays.com\/es\/wp-json\/wp\/v2\/media\/251438"}],"wp:attachment":[{"href":"https:\/\/www.europesays.com\/es\/wp-json\/wp\/v2\/media?parent=251437"}],"wp:term":[{"taxonomy":"category","embeddable":true,"href":"https:\/\/www.europesays.com\/es\/wp-json\/wp\/v2\/categories?post=251437"},{"taxonomy":"post_tag","embeddable":true,"href":"https:\/\/www.europesays.com\/es\/wp-json\/wp\/v2\/tags?post=251437"}],"curies":[{"name":"wp","href":"https:\/\/api.w.org\/{rel}","templated":true}]}}