{"id":251439,"date":"2025-11-23T13:37:13","date_gmt":"2025-11-23T13:37:13","guid":{"rendered":"https:\/\/www.europesays.com\/es\/251439\/"},"modified":"2025-11-23T13:37:13","modified_gmt":"2025-11-23T13:37:13","slug":"cesar-luchara-por-demostrar-que-el-no-mato-a-emilio","status":"publish","type":"post","link":"https:\/\/www.europesays.com\/es\/251439\/","title":{"rendered":"C\u00e9sar luchar\u00e1 por demostrar que \u00e9l no mat\u00f3 a Emilio"},"content":{"rendered":"<p>La muerte de <b>Emilio <\/b>pondr\u00e1 todo patas arriba en <b><a title=\"La Encrucijada\" href=\"https:\/\/www.antena3.com\/series\/encrucijada\/\" target=\"_blank\" rel=\"nofollow noopener\">La Encrucijada<\/a><\/b>. El \u00faltimo cap\u00edtulo termin\u00f3 con la Guardia Civil encontrando el cad\u00e1ver del marido de Carmen en el maletero del coche de <b>C\u00e9sar<\/b>, as\u00ed que \u00e9l ahora mismo es el principal sospechoso.<\/p>\n<p>El mexicano har\u00e1 todo lo posible por <b>demostrar su inocencia <\/b>y lograr\u00e1 enga\u00f1ar a la comandante Serrano para intentar escapar y<b> encontrar al verdadero culpable<\/b> por sus propios medios. \u00bfLo conseguir\u00e1?<\/p>\n<p>Mientras tanto, los familiares y amigos de <b>Emilio <\/b>le dar\u00e1n su <b>\u00faltimo adi\u00f3s <\/b>y Sara intentar\u00e1 que su madre no le guarde rencor a su padre por todo lo que le confes\u00f3 antes de morir. Sin embargo, <b>Carmen no puede sentir pena<\/b> por el hombre que arrebat\u00f3 la vida a su peque\u00f1o Luisito.<\/p>\n<p><b>Sa\u00fal <\/b>disfrutar\u00e1 del chantaje a <b>Octavio <\/b>por lo ocurrido con <b>Emilio <\/b>y disfrutar\u00e1 de una <b>villa de lujo <\/b>junto a <b>Nando<\/b>, algo que levantar\u00e1 sospechas entre la Guardia Civil. \u00bfCu\u00e1nto tardar\u00e1n en descubrir la verdad?<\/p>\n<p>Mientras todo esto ocurre, <b>Amanda <\/b>sigue ocultando su <b>embarazo<\/b>. \u00a1No te pierdas todo lo que se viene en La Encrucijada, el jueves en Antena 3! Y si no puedes esperar\u2026 <b><a title=\"\u00a1adel\u00e1ntate en atresplayer!\" href=\"https:\/\/www.atresplayer.com\/antena3\/series\/la-encrucijada\/\" rel=\"nofollow noopener\" target=\"_blank\">\u00a1adel\u00e1ntate en atresplayer!<\/a><\/b><\/p>\n<p>   <img decoding=\"async\" title=\"\u201cQuiero jubilarte\u201d: Octavio Oramas, a punto de perderlo todo, esta noche en La Encrucijada\" alt=\"\u201cQuiero jubilarte\u201d: Octavio Oramas, a punto de perderlo todo, esta noche en La Encrucijada\" width=\"480\" height=\"270\" src=\"https:\/\/www.europesays.com\/es\/wp-content\/uploads\/2025\/11\/1763905033_908_70.jpg\" loading=\"lazy\" class=\"lazy\"\/><\/p>\n","protected":false},"excerpt":{"rendered":"La muerte de Emilio pondr\u00e1 todo patas arriba en La Encrucijada. El \u00faltimo cap\u00edtulo termin\u00f3 con la Guardia&hellip;\n","protected":false},"author":2,"featured_media":251440,"comment_status":"","ping_status":"","sticky":false,"template":"","format":"standard","meta":{"footnotes":""},"categories":[171],"tags":[146,147,25,24,23,214],"class_list":{"0":"post-251439","1":"post","2":"type-post","3":"status-publish","4":"format-standard","5":"has-post-thumbnail","7":"category-tv","8":"tag-entertainment","9":"tag-entretenimiento","10":"tag-es","11":"tag-espana","12":"tag-spain","13":"tag-tv"},"share_on_mastodon":{"url":"https:\/\/pubeurope.com\/@es\/115599288144690768","error":""},"_links":{"self":[{"href":"https:\/\/www.europesays.com\/es\/wp-json\/wp\/v2\/posts\/251439","targetHints":{"allow":["GET"]}}],"collection":[{"href":"https:\/\/www.europesays.com\/es\/wp-json\/wp\/v2\/posts"}],"about":[{"href":"https:\/\/www.europesays.com\/es\/wp-json\/wp\/v2\/types\/post"}],"author":[{"embeddable":true,"href":"https:\/\/www.europesays.com\/es\/wp-json\/wp\/v2\/users\/2"}],"replies":[{"embeddable":true,"href":"https:\/\/www.europesays.com\/es\/wp-json\/wp\/v2\/comments?post=251439"}],"version-history":[{"count":0,"href":"https:\/\/www.europesays.com\/es\/wp-json\/wp\/v2\/posts\/251439\/revisions"}],"wp:featuredmedia":[{"embeddable":true,"href":"https:\/\/www.europesays.com\/es\/wp-json\/wp\/v2\/media\/251440"}],"wp:attachment":[{"href":"https:\/\/www.europesays.com\/es\/wp-json\/wp\/v2\/media?parent=251439"}],"wp:term":[{"taxonomy":"category","embeddable":true,"href":"https:\/\/www.europesays.com\/es\/wp-json\/wp\/v2\/categories?post=251439"},{"taxonomy":"post_tag","embeddable":true,"href":"https:\/\/www.europesays.com\/es\/wp-json\/wp\/v2\/tags?post=251439"}],"curies":[{"name":"wp","href":"https:\/\/api.w.org\/{rel}","templated":true}]}}