{"id":25144,"date":"2025-08-04T14:08:11","date_gmt":"2025-08-04T14:08:11","guid":{"rendered":"https:\/\/www.europesays.com\/es\/25144\/"},"modified":"2025-08-04T14:08:11","modified_gmt":"2025-08-04T14:08:11","slug":"ultima-hora-fichajes-y-movimientos-6","status":"publish","type":"post","link":"https:\/\/www.europesays.com\/es\/25144\/","title":{"rendered":"\u00daltima hora, fichajes y movimientos"},"content":{"rendered":"<p>El mercado en la Liga Endesa y la Euroliga no para con la llegada del mes de agosto y los equipos siguen buscando los refuerzos necesarios para cerrar sus plantillas. Repasamos como cada d\u00eda los movimientos que se han producido en las distintas competiciones.<\/p>\n<p>M\u00e1s info:\u00a0<a href=\"https:\/\/www.gigantes.com\/liga-endesa\/tabla-mercado-liga-endesa-fichajes-altas-bajas\/\" rel=\"nofollow noopener\" target=\"_blank\">Consulta la tabla de mercado de Liga Endesa<\/a><br \/>\nM\u00e1s info: <a href=\"https:\/\/www.gigantes.com\/euroliga\/tabla-mercado-euroliga-fichajes-altas-bajas-temporada-2025-26\/\" rel=\"nofollow noopener\" target=\"_blank\">Consulta la tabla de mercado de Euroliga<\/a><br \/>\n\u2014\u2013<br \/>\nLa \u00faltima hora en el mercado del baloncesto europeo, en directo<br \/>\nCovir\u00e1n Granada se refuerza con Micah Speight<\/p>\n<p>El base, con cuatro temporadas de experiencia en Primera FEB, regresa a Espa\u00f1a para debutar en la Liga Endesa.<\/p>\n<p>Jeff Dowtin Jr llega a un acuerdo con Maccabi Tel Aviv<\/p>\n<p>Tras el fichaje oficial de Lonnie Walker, el periodista Marc Stein informa sobre la firma de Jeff Dowtin Jr, ex de los Sixers, por dos temporadas con Maccabi Tel Aviv.<\/p>\n<p>B\u00e0squet Girona incorpora a Jos\u00e9 Vildoza<\/p>\n<p>B\u00e0squet Girona ficha a Jos\u00e9 Vildoza, procedente de Boca Juniors. El base argentino, MVP de las finales por segundo a\u00f1o consecutivo y campe\u00f3n de la Liga Nacional, firma para la pr\u00f3xima temporada.<\/p>\n<p>BAXI Manresa anuncia el fichaje de Alfonso Plummer<\/p>\n<p>A sus 27 a\u00f1os, el escolta puertorrique\u00f1o llega procedente del ratiopharm Ulm y debutar\u00e1 en la Liga Endesa.<\/p>\n<p><strong>Lonnie Walker ficha por el Maccabi Tel Aviv<\/strong><\/p>\n<p>El escolta estadounidense regresa a Europa. Tras su primera intentona Europa con el Zalgiris, Walker consigui\u00f3 retornar a la NBA de la mano de los Philadelphia 76ers. Este verano, como agente libre, firma por tres temporadas con el club israel\u00ed.<\/p>\n<p>Nate Watson marcha cedido al Panionios<\/p>\n<p>El p\u00edvot de Casademont Zaragoza, con contrato hasta 2027, jugar\u00e1 en Grecia la temporada que viene. Panionios recibe a Watson en condici\u00f3n de cedido.<\/p>\n<p>M\u00e1s movimientos | <a href=\"https:\/\/www.gigantes.com\/liga-endesa\/mercado-fichajes-liga-endesa-acb-2-agosto\/\" rel=\"nofollow noopener\" target=\"_blank\">Mercado 2 de agosto<\/a><\/p>\n<p style=\"text-align: right;\">Foto: CA Boca Juniors<\/p>\n<p><a href=\"https:\/\/www.gigantes.com\/tienda\/?srsltid=AfmBOoqlKLoMe2MxAL77XtHDbuXA5XSEJIxYJGLJlcaz0YRCBtT8lx_s\" rel=\"nofollow noopener\" target=\"_blank\"><img loading=\"lazy\" decoding=\"async\" class=\"aligncenter wp-image-749935 size-full\" src=\"https:\/\/www.europesays.com\/es\/wp-content\/uploads\/2025\/08\/1754316490_323_INSTAGRAMdoble-1.jpg\" alt=\"\" width=\"1969\" height=\"1969\"  \/><\/a><\/p>\n<p>\t\t\t\t\t<img loading=\"lazy\" decoding=\"async\" src=\"https:\/\/www.europesays.com\/es\/wp-content\/uploads\/2025\/07\/1753851914_214_mano.png\" width=\"60\" height=\"60\" alt=\"Deliza hacia abajo\"\/>Sigue deslizando hacia abajo para ver m\u00e1s contenidos<\/p>\n","protected":false},"excerpt":{"rendered":"El mercado en la Liga Endesa y la Euroliga no para con la llegada del mes de agosto&hellip;\n","protected":false},"author":2,"featured_media":25145,"comment_status":"","ping_status":"","sticky":false,"template":"","format":"standard","meta":{"footnotes":""},"categories":[269],"tags":[299,298,168,25,24,750,751,23,167],"class_list":{"0":"post-25144","1":"post","2":"type-post","3":"status-publish","4":"format-standard","5":"has-post-thumbnail","7":"category-baloncesto","8":"tag-baloncesto","9":"tag-basketball","10":"tag-deportes","11":"tag-es","12":"tag-espana","13":"tag-mercado-euroliga","14":"tag-mercado-liga-endesa","15":"tag-spain","16":"tag-sports"},"share_on_mastodon":{"url":"","error":""},"_links":{"self":[{"href":"https:\/\/www.europesays.com\/es\/wp-json\/wp\/v2\/posts\/25144","targetHints":{"allow":["GET"]}}],"collection":[{"href":"https:\/\/www.europesays.com\/es\/wp-json\/wp\/v2\/posts"}],"about":[{"href":"https:\/\/www.europesays.com\/es\/wp-json\/wp\/v2\/types\/post"}],"author":[{"embeddable":true,"href":"https:\/\/www.europesays.com\/es\/wp-json\/wp\/v2\/users\/2"}],"replies":[{"embeddable":true,"href":"https:\/\/www.europesays.com\/es\/wp-json\/wp\/v2\/comments?post=25144"}],"version-history":[{"count":0,"href":"https:\/\/www.europesays.com\/es\/wp-json\/wp\/v2\/posts\/25144\/revisions"}],"wp:featuredmedia":[{"embeddable":true,"href":"https:\/\/www.europesays.com\/es\/wp-json\/wp\/v2\/media\/25145"}],"wp:attachment":[{"href":"https:\/\/www.europesays.com\/es\/wp-json\/wp\/v2\/media?parent=25144"}],"wp:term":[{"taxonomy":"category","embeddable":true,"href":"https:\/\/www.europesays.com\/es\/wp-json\/wp\/v2\/categories?post=25144"},{"taxonomy":"post_tag","embeddable":true,"href":"https:\/\/www.europesays.com\/es\/wp-json\/wp\/v2\/tags?post=25144"}],"curies":[{"name":"wp","href":"https:\/\/api.w.org\/{rel}","templated":true}]}}