{"id":251441,"date":"2025-11-23T13:38:10","date_gmt":"2025-11-23T13:38:10","guid":{"rendered":"https:\/\/www.europesays.com\/es\/251441\/"},"modified":"2025-11-23T13:38:10","modified_gmt":"2025-11-23T13:38:10","slug":"la-cantante-elene-uribarri-reivindica-el-valor-cultural-del-alternativo","status":"publish","type":"post","link":"https:\/\/www.europesays.com\/es\/251441\/","title":{"rendered":"La cantante Elene Uribarri reivindica el valor cultural del alternativo"},"content":{"rendered":"<p>\n        Elene Uribarri (22 a\u00f1os, <a href=\"https:\/\/www.noticiasdealava.eus\/tags\/galdakao\/\" title=\"Galdakao\" rel=\"nofollow noopener\" target=\"_blank\" class=\"link copy\">Galdakao<\/a>) no tiene uno ni dos, sino tres proyectos musicales. Ak\u00eber es la banda que lidera (canta y toca la guitarra) desde hace unos a\u00f1os, aunque no fue hasta finales de 2024 que sacaron su primer single, Bazoaz, distribuido por el sello \u00c1tico Stereo de Bizkaia. Con influencias dispares del rock alternativo de los 90 y 2000 (American Football, Neutral Milk Hotel, Los Planetas), cada vez es m\u00e1s habitual ver a Ak\u00eber en la programaci\u00f3n musical de gaztetxes o festivales peque\u00f1itos.\n<\/p>\n<p class=\"article-body__text \">\n        \u00a0Con su carrera en solitario como Elene, parece que intenta emular al malogrado cantautor indie Elliot Smith cantando en <a href=\"https:\/\/www.noticiasdealava.eus\/tags\/euskera\/\" title=\"euskera\" rel=\"nofollow noopener\" target=\"_blank\" class=\"link copy\">euskera<\/a>, aunque no se cierra a explorar otros g\u00e9neros. Por \u00faltimo, reconoce en esta entrevista que Funeral de caballo es un peque\u00f1o pasatiempo entre amigos. Inquieta y con talento, la cantante y estudiante de Bellas Artes tiene adem\u00e1s un discurso pol\u00edtico bastante bien armado y consecuente con sus ideas anticapitalistas.\u00a0\u00a0\n<\/p>\n<p class=\"article-body__text question-answers__question\">\u00bfTres grupos no son multitud? \u00bfC\u00f3mo se las apa\u00f1a?<\/p>\n<p class=\"article-body__text question-answers__answer\">-Podr\u00eda parecer que son muchos, pero realmente solo el grupo Ak\u00eber es muy activo y solo a veces, va por temporadas, como estas \u00faltimas semanas que hemos tenido varios conciertos como por ejemplo en Lemoa, Gasteiz, Zugarramurdi o Donostia. Nos consideramos un grupo que disfrutamos mucho tocando, pero que si en alg\u00fan mes no nos surge ning\u00fan concierto, no nos molesta ni nos agobia. En mi proyecto personal tambi\u00e9n podr\u00eda decir que va por temporadas, pero es verdad que ahora mismo no estoy tan activa por razones externas como mis estudios, pero siempre estoy preparada y feliz de tocar alg\u00fan ac\u00fastico donde me llamen. Y, por \u00faltimo, tengo un grupo con dos amigos llamado Funeral de Caballo, que surgi\u00f3 en verano entre conversaciones y gustos musicales parecidos entre nosotros. Desde entonces, hemos tenido la ocasi\u00f3n de tocar dos veces, una en La Terminal en Bilbo y otra en fiestas de Galdakao.\u00a0<\/p>\n<p>        \u00abTe agradezco que me compares con Elliott Smith, porque para m\u00ed es un cumplido\u201d<\/p>\n<p class=\"article-body__text question-answers__question\">Repasando los singles de su proyecto en solitario, en dos a\u00f1os pasa de hacer algo en plan cantautora a lo Elliot Smith a meterse en el charco del pospunk con Zaldi Gorri. Menudo cambio.<\/p>\n<p class=\"article-body__text question-answers__answer\">-Te agradezco que me compares con el cantautor Elliott Smith porque para m\u00ed es un cumplido, ya que es uno de mis mayores referentes musicales y me parece un gran artista. Y tengo que admitir que s\u00ed que es uno de mis g\u00e9neros favoritos y con el que he empezado a tocar o m\u00e1s he hecho, pero eso tampoco significa que me tenga que quedar anclada y no poder experimentar m\u00e1s estilos o corrientes. S\u00e9 que todav\u00eda me queda mucho que hacer y salir de mi zona de confort para descubrir nuevas cosas. Zaldi Gorri es un proyecto en el que disfrut\u00e9 mucho y puse mi granito de arena, pero solo hay que ver todo el material de Bris para darse cuenta de que ellos s\u00ed que tienen un estilo muy marcado. En el futuro puede que no vaya a hacer m\u00e1s m\u00fasica de este estilo, o puede que s\u00ed; qui\u00e9n sabe.\u00a0<\/p>\n<p><strong>Chapoteando en aguas subterr\u00e1neas<\/strong><\/p>\n<p>Ak\u00eber es una banda con conciencia pol\u00edtica. Fuera de Spotify, la plataforma musical por excelencia, creen en la filosof\u00eda DIY (por do it yourself, hazlo t\u00fa mismo): ellos mismos graban y producen sus canciones en su propio estudio de grabaci\u00f3n. Est\u00e1n bajo el paraguas del universo independiente y contracultural del sello \u00c1tico Stereo, lo que no parece una elecci\u00f3n casual. All\u00ed, comparten espacio, entre otros, con sus amigos de Plentzia Norman Bates. Adem\u00e1s del circuito de gaztetxes, este a\u00f1o han tocado en cert\u00e1menes de bandas emergentes como el Baratza Fest de Zarautz, en el espacio de creaci\u00f3n de La Terminal de Zorrotzaurre, en Bilbao, o el Doble Check Festibala de la sala donostiarra Dabadaba.<\/p>\n<p class=\"article-body__text question-answers__question\">Su canci\u00f3n m\u00e1s escuchada en Spotify y, quiz\u00e1s, una de la m\u00e1s sorprendentes es la adaptaci\u00f3n de un poema de Gabriel Aresti. \u00bfPor qu\u00e9 cree que su figura no deja de reivindicarse?\u00a0<\/p>\n<p class=\"article-body__text question-answers__answer\">-Aresti es una figura fundamental de la cultura vasca y uno de los grandes innovadores de la literatura. Representa una versi\u00f3n distinta de ese movimiento: una cultura vasca obrera y comunista. Yo tuve el honor de tomar parte en el disco de colaboraci\u00f3n de EKIDA en el 50 aniversario de su muerte llamado Bigarrenez Aresti etorkizunaren aurrean y de compartir el proyecto con otros artistas. Tambi\u00e9n particip\u00e9 en la obra de teatro presentada y creada por EKIDA, donde se ense\u00f1aba al p\u00fablico lo importante que fue para la cultura vasca el recorrido del escritor.<\/p>\n<p>        \u00abEs nuestro deber como m\u00fasicos desarrollar el arte fuera de la l\u00f3gica del mercado\u201d<\/p>\n<p class=\"article-body__text question-answers__question\">\u00bfQu\u00e9 puede aportar Aresti a la <a href=\"https:\/\/www.noticiasdealava.eus\/tags\/euskal-herria\/\" title=\"Euskal Herria\" target=\"_blank\" rel=\"nofollow noopener\">Euskal Herria<\/a> de 2025?<\/p>\n<p class=\"article-body__text question-answers__answer\">-Demuestra que un comunista puede contribuir a una cultura nacional. Proyecta al pueblo vasco a un nuevo futuro comunista y lo hace perdurar como patrimonio a conservar. Aresti es una figura muy importante para la emancipaci\u00f3n de la clase trabajadora hasta el d\u00eda de hoy.\u00a0<\/p>\n<p class=\"article-body__text question-answers__question\">\u00bfHan retirado la m\u00fasica de Ak\u00eber de Spotify por principios \u00e9ticos?<\/p>\n<p class=\"article-body__text question-answers__answer\">-Desde un principio hemos tenido nuestras dudas de retirar nuestra m\u00fasica de Spotify por su propia rentabilidad y por el bienestar y el futuro del grupo, pero, al final, hablando entre nosotros y con grupos cercanos llegamos a la conclusi\u00f3n de dar el paso. La raz\u00f3n m\u00e1s clara y obvia fue por la causa Palestina. Nos unimos al proyecto de Musikariak Palestinarekin, que es un proyecto que promueve que las bandas que tengan su m\u00fasica en Spotify la retiren por el hecho de que la plataforma invirti\u00f3 700 millones de d\u00f3lares en armamento para Israel y tambi\u00e9n porque precariza a los propios artistas, pag\u00e1ndoles una m\u00edsera cantidad de dinero o aislando a m\u00fasicos no tan conocidos.\u00a0<\/p>\n<p class=\"article-body__text question-answers__question\">Me llama la atenci\u00f3n que entre las influencias de la banda est\u00e9n Los Planetas. No es un grupo demasiado reivindicado en la escena euskaldun.\u00a0<\/p>\n<p class=\"article-body__text question-answers__answer\">-Como grupo tenemos bastante claro cu\u00e1les son nuestros referentes musicales y muchos de ellos son de fuera de Euskal Herria, lo que no quiere decir que no tengamos influencias de otras bandas de aqu\u00ed. Pero se podr\u00eda decir que los grupos que m\u00e1s nos llaman la atenci\u00f3n no se encuentran en nuestro alrededor o, por lo menos, todav\u00eda no los hemos descubierto.\u00a0<\/p>\n<p class=\"article-body__text question-answers__question\">El gaztetxe de <a href=\"https:\/\/www.noticiasdealava.eus\/tags\/zumaia\/\" title=\"Zumaia\" target=\"_blank\" rel=\"nofollow noopener\">Zumaia<\/a>, el de Gasteiz, el de Lemoa\u2026 Ak\u00eber toca b\u00e1sicamente en centros autogestionados. \u00bfSin los gaztetxes la escena alternativa musical vasca estar\u00eda coja?<\/p>\n<p class=\"article-body__text question-answers__answer\">-El capitalismo se sirve del negocio de la m\u00fasica para sus intereses econ\u00f3micos e ideol\u00f3gicos y los gaztetxes son una soluci\u00f3n para salir del monopolio de la producci\u00f3n y la distribuci\u00f3n, del mainstream. Creo que es nuestro deber como m\u00fasicos fomentar ese tipo de espacios para desarrollar nuestro arte fuera de la l\u00f3gica del mercado, para seguir esa red organizada fuera de la rentabilidad y el dinero, fuera de las tendencias dependientes del mercado. En Euskal Herria tenemos la suerte de tener estos espacios a nuestro alcance, pero tambi\u00e9n creo que deber\u00edamos luchar para que este tipo de ocio llegue a un p\u00fablico m\u00e1s despolitizado y abrirle las puertas a esta red autogestionada con la que poder combatir la sociedad capitalista colectivamente y no como individuos.<\/p>\n","protected":false},"excerpt":{"rendered":"Elene Uribarri (22 a\u00f1os, Galdakao) no tiene uno ni dos, sino tres proyectos musicales. Ak\u00eber es la banda&hellip;\n","protected":false},"author":2,"featured_media":251442,"comment_status":"","ping_status":"","sticky":false,"template":"","format":"standard","meta":{"footnotes":""},"categories":[170],"tags":[4328,12198,146,147,25,24,184,185,23,63671],"class_list":{"0":"post-251441","1":"post","2":"type-post","3":"status-publish","4":"format-standard","5":"has-post-thumbnail","7":"category-musica","8":"tag-cantante","9":"tag-elene","10":"tag-entertainment","11":"tag-entretenimiento","12":"tag-es","13":"tag-espana","14":"tag-music","15":"tag-musica","16":"tag-spain","17":"tag-uribarri"},"share_on_mastodon":{"url":"https:\/\/pubeurope.com\/@es\/115599291438667781","error":""},"_links":{"self":[{"href":"https:\/\/www.europesays.com\/es\/wp-json\/wp\/v2\/posts\/251441","targetHints":{"allow":["GET"]}}],"collection":[{"href":"https:\/\/www.europesays.com\/es\/wp-json\/wp\/v2\/posts"}],"about":[{"href":"https:\/\/www.europesays.com\/es\/wp-json\/wp\/v2\/types\/post"}],"author":[{"embeddable":true,"href":"https:\/\/www.europesays.com\/es\/wp-json\/wp\/v2\/users\/2"}],"replies":[{"embeddable":true,"href":"https:\/\/www.europesays.com\/es\/wp-json\/wp\/v2\/comments?post=251441"}],"version-history":[{"count":0,"href":"https:\/\/www.europesays.com\/es\/wp-json\/wp\/v2\/posts\/251441\/revisions"}],"wp:featuredmedia":[{"embeddable":true,"href":"https:\/\/www.europesays.com\/es\/wp-json\/wp\/v2\/media\/251442"}],"wp:attachment":[{"href":"https:\/\/www.europesays.com\/es\/wp-json\/wp\/v2\/media?parent=251441"}],"wp:term":[{"taxonomy":"category","embeddable":true,"href":"https:\/\/www.europesays.com\/es\/wp-json\/wp\/v2\/categories?post=251441"},{"taxonomy":"post_tag","embeddable":true,"href":"https:\/\/www.europesays.com\/es\/wp-json\/wp\/v2\/tags?post=251441"}],"curies":[{"name":"wp","href":"https:\/\/api.w.org\/{rel}","templated":true}]}}