{"id":251443,"date":"2025-11-23T13:39:31","date_gmt":"2025-11-23T13:39:31","guid":{"rendered":"https:\/\/www.europesays.com\/es\/251443\/"},"modified":"2025-11-23T13:39:31","modified_gmt":"2025-11-23T13:39:31","slug":"alex-guimera-y-oscar-tusquets-nos-presentan-dios-lo-ve","status":"publish","type":"post","link":"https:\/\/www.europesays.com\/es\/251443\/","title":{"rendered":"Alex Guimer\u00e0 y \u00d3scar Tusquets nos presentan Dios lo ve"},"content":{"rendered":"<p>En este Va de cine en Radio 5 abrimos la semana con una visita especial: el director \u00c0lex Guimer\u00e0 y el arquitecto, dibujante y escritor \u00d3scar Tusquets pasan por el programa para hablarnos de &#8216;Dios lo ve&#8217;, un documental singular que retrata, con humor y sin solemnidades, la mirada poli\u00e9drica de Tusquets.<\/p>\n<p>Una vez m\u00e1s, Ruth Gabriel nos gu\u00eda por la cartelera y las novedades m\u00e1s jugosas de la actualidad cinematogr\u00e1fica. Regresa tambi\u00e9n Pau Subir\u00f3s con una nueva lecci\u00f3n de guion, para seguir desentra\u00f1ando los mecanismos de la escritura en cine.<\/p>\n<p>Y cerramos con Berto Vega, que esta semana se sumerge en la banda sonora de &#8216;Urchin&#8217;, el debut en la direcci\u00f3n del actor Harris Dickinson, una de las pel\u00edculas m\u00e1s valoradas del momento.<\/p>\n<p>\u00a1Nos escuchamos en el pr\u00f3ximo Va de cine!<\/p>\n","protected":false},"excerpt":{"rendered":"En este Va de cine en Radio 5 abrimos la semana con una visita especial: el director \u00c0lex&hellip;\n","protected":false},"author":2,"featured_media":251444,"comment_status":"","ping_status":"","sticky":false,"template":"","format":"standard","meta":{"footnotes":""},"categories":[169],"tags":[63673,177,146,147,25,24,176,175,133,1448,1986,1987,23,63672],"class_list":{"0":"post-251443","1":"post","2":"type-post","3":"status-publish","4":"format-standard","5":"has-post-thumbnail","7":"category-cine","8":"tag-alex-guimera-y-oscar-tusquets-nos-presentan-dios-lo-ve","9":"tag-cine","10":"tag-entertainment","11":"tag-entretenimiento","12":"tag-es","13":"tag-espana","14":"tag-film","15":"tag-movies","16":"tag-online","17":"tag-radio","18":"tag-rne","19":"tag-rtve-play","20":"tag-spain","21":"tag-va-de-cine-en-radio-5"},"share_on_mastodon":{"url":"https:\/\/pubeurope.com\/@es\/115599295445426169","error":""},"_links":{"self":[{"href":"https:\/\/www.europesays.com\/es\/wp-json\/wp\/v2\/posts\/251443","targetHints":{"allow":["GET"]}}],"collection":[{"href":"https:\/\/www.europesays.com\/es\/wp-json\/wp\/v2\/posts"}],"about":[{"href":"https:\/\/www.europesays.com\/es\/wp-json\/wp\/v2\/types\/post"}],"author":[{"embeddable":true,"href":"https:\/\/www.europesays.com\/es\/wp-json\/wp\/v2\/users\/2"}],"replies":[{"embeddable":true,"href":"https:\/\/www.europesays.com\/es\/wp-json\/wp\/v2\/comments?post=251443"}],"version-history":[{"count":0,"href":"https:\/\/www.europesays.com\/es\/wp-json\/wp\/v2\/posts\/251443\/revisions"}],"wp:featuredmedia":[{"embeddable":true,"href":"https:\/\/www.europesays.com\/es\/wp-json\/wp\/v2\/media\/251444"}],"wp:attachment":[{"href":"https:\/\/www.europesays.com\/es\/wp-json\/wp\/v2\/media?parent=251443"}],"wp:term":[{"taxonomy":"category","embeddable":true,"href":"https:\/\/www.europesays.com\/es\/wp-json\/wp\/v2\/categories?post=251443"},{"taxonomy":"post_tag","embeddable":true,"href":"https:\/\/www.europesays.com\/es\/wp-json\/wp\/v2\/tags?post=251443"}],"curies":[{"name":"wp","href":"https:\/\/api.w.org\/{rel}","templated":true}]}}