{"id":251447,"date":"2025-11-23T13:41:10","date_gmt":"2025-11-23T13:41:10","guid":{"rendered":"https:\/\/www.europesays.com\/es\/251447\/"},"modified":"2025-11-23T13:41:10","modified_gmt":"2025-11-23T13:41:10","slug":"principales-recomendaciones-para-prevenir-la-enfermedad","status":"publish","type":"post","link":"https:\/\/www.europesays.com\/es\/251447\/","title":{"rendered":"principales recomendaciones para prevenir la enfermedad"},"content":{"rendered":"\n<p>Salud c\u00e1ncer sintomas   <\/p>\n<p>  <img decoding=\"async\" src=\"https:\/\/www.europesays.com\/es\/wp-content\/uploads\/2025\/11\/salud-cancer-sintomas.jpg\" alt=\"\" title=\"\" width=\"1200\" height=\"675\" id=\"1733165-Libre-1685448464_embed\" crossorigin=\"anonymous\" fetchpriority=\"high\" decode=\"async\"\/>      <\/p>\n<p>En ese sentido, la prevenci\u00f3n y la vacunaci\u00f3n contra el Virus del Papiloma Humano (VPH), y la detecci\u00f3n a tiempo se presentan como una respuesta efectiva que puede salvar vidas, ya que es el factor de riesgo m\u00e1s relevante en el desarrollo del c\u00e1ncer de cuello uterino.<\/p>\n<p>Desde la perspectiva de la OMS y las sociedades m\u00e9dicas, las acciones deben dirigirse a trav\u00e9s de la inmunizaci\u00f3n, las pruebas de VPH y el acceso oportuno al tratamiento m\u00e9dico adecuado.<\/p>\n<p>Ante este panorama, los objetivos son vacunar al 90% de las ni\u00f1as antes de los 15 a\u00f1os, testear al 70% de las mujeres entre 35 y 45 a\u00f1os y brindar tratamiento oportuno al 90% de las personas con lesiones. Este enfoque, que integra la prevenci\u00f3n primaria y la detecci\u00f3n precoz, permitir\u00e1 disminuir la carga del <strong>c\u00e1ncer <\/strong>de cuello uterino a partir de un cambio de h\u00e1bito social y sanitario.<\/p>\n<p>A partir de un estudio realizado por la OMS, se estima que el 99% de estos casos est\u00e1n ligados a la presencia de este virus, que se transmite por contacto sexual y que es tan com\u00fan que se calcula que el 80% de las personas lo contraer\u00e1 en alg\u00fan momento de sus vidas.<\/p>\n<p>\u201cConcientizar sobre el VPH tanto en mujeres como en hombres es clave para la prevenci\u00f3n de diversos tipos de <strong>c\u00e1ncer<\/strong>, especialmente el de cuello uterino. Es fundamental que toda la comunidad cuente con recursos educativos para priorizar la <strong>salud <\/strong>y romper con los mitos\u201d, afirm\u00f3 Gabriela Bugar\u00edn, directora m\u00e9dica de Oncolog\u00eda de MSD Argentina.<\/p>\n<p>La inmunizaci\u00f3n aparece como una de las principales herramientas para disminuir el impacto del <strong>c\u00e1ncer <\/strong>cervicouterino y diversos estudios desarrollados por especialistas respaldan la eficacia de la inmunizaci\u00f3n para reducir el riesgo de desarrollar la <strong>enfermedad <\/strong>en etapas posteriores de la vida.<\/p>\n<p>Entre los principales avances en la \u00faltima d\u00e9cada aparece la inclusi\u00f3n de la vacunaci\u00f3n en el Calendario Nacional argentino y del trabajo interdisciplinario sostenido. Es por ello que profesionales de la <strong>salud <\/strong>y equipos educativos cumplen un rol central al brindar informaci\u00f3n clara, despejar dudas, y promover la vacunaci\u00f3n.<\/p>\n<p>Adem\u00e1s, como medidas preventivas, los chequeos ginecol\u00f3gicos peri\u00f3dicos de rutina -como el Papanicolaou y el test de VPH- permiten lograr un diagn\u00f3stico precoz y el tratamiento oportuno de las lesiones en los pacientes, ya que otorgan una ventaja significativa en la posibilidad de revertir o frenar una lesi\u00f3n a tiempo.<\/p>\n<p> Prevencion: las medidas m\u00e1s efectivas <\/p>\n<p>La prevenci\u00f3n del <strong>c\u00e1ncer <\/strong>de cuello uterino es un paso importante para evitar problemas en la <strong>salud <\/strong>y entre las principales recomendaciones se destacan completar el esquema de vacunaci\u00f3n contra el VPH tanto en ni\u00f1as como en varones, realizar los ex\u00e1menes ginecol\u00f3gicos y pruebas de detecci\u00f3n seg\u00fan edad y antecedentes personales, y consultar a un especialista ante cualquier cambio o s\u00edntoma inusual.<\/p>\n<p>En ese sentido, los profesionales de la <strong>salud <\/strong>destacan la importancia de promover el autocuidado, el acceso a informaci\u00f3n confiable y el di\u00e1logo abierto en el entorno familiar y social. \u201cLa educaci\u00f3n es clave para generar conciencia. Brindar informaci\u00f3n clara y basada en evidencia nos permite construir una narrativa positiva sobre la vacunaci\u00f3n contra el VPH, los chequeos m\u00e9dicos regulares y los beneficios de la detecci\u00f3n temprana\u201d, indic\u00f3 Bugar\u00edn.<\/p>\n<p>Salud c\u00e1ncer estudio   <\/p>\n<p>  <img loading=\"lazy\" decoding=\"async\" src=\"https:\/\/www.diariouno.com.ar\/css-custom\/298\/lazy.svg\" data-td-src-property=\"https:\/\/media.diariouno.com.ar\/p\/041a080f7083a0ad4b70669de9668230\/adjuntos\/298\/imagenes\/009\/661\/0009661823\/1200x0\/smart\/salud-cancer-estudio.jpg\" alt=\"\" title=\"\" width=\"1200\" height=\"675\" id=\"1733166-Libre-504069973_embed\"\/>      <\/p>\n<p>Sin embargo, las mujeres con menores ingresos tienen menos posibilidades de acceder a controles de rutina, indica un informe, y muchas llegan al diagn\u00f3stico en etapas avanzadas, cuando las opciones terap\u00e9uticas se reducen. Esta inequidad convierte al <strong>c\u00e1ncer <\/strong>de \u00fatero en un desaf\u00edo tanto sanitario como social y de ese modo, merece la atenci\u00f3n de todos los sectores.<\/p>\n<p title=\"KAOYAJhCjAIll0zGM534aQ\" data-ipspy=\"KAOYAJhCjAIll0zGM534aQ\">En el Mes de Acci\u00f3n para la Eliminaci\u00f3n del <strong>C\u00e1ncer <\/strong>de Cuello Uterino y del compromiso sostenido con la equidad en salud por parte de MSD, la problem\u00e1tica fue analizada en el encuentro organizado de manera conjunta por Noticias Argentinas y Voces Vitales titulado \u201cDel Di\u00e1logo A La Acci\u00f3n: Desaf\u00edos del <strong>C\u00e1ncer <\/strong>Femenino en Argentina\u201d.<\/p>\n<p>Este ciclo de encuentros pone el foco en los distintos tipos de <strong>c\u00e1ncer <\/strong>de la mujer y en las desigualdades que atraviesan a poblaciones vulnerables en Argentina, en la que los especialistas manifestaron su preocupaci\u00f3n frente al hecho de que en Argentina, el acceso a la detecci\u00f3n y al tratamiento del <strong>c\u00e1ncer <\/strong>var\u00eda seg\u00fan el nivel socioecon\u00f3mico, la cobertura m\u00e9dica y la zona geogr\u00e1fica.<\/p>\n","protected":false},"excerpt":{"rendered":"Salud c\u00e1ncer sintomas En ese sentido, la prevenci\u00f3n y la vacunaci\u00f3n contra el Virus del Papiloma Humano (VPH),&hellip;\n","protected":false},"author":2,"featured_media":251448,"comment_status":"","ping_status":"","sticky":false,"template":"","format":"standard","meta":{"footnotes":""},"categories":[92],"tags":[25,24,165,166,23],"class_list":{"0":"post-251447","1":"post","2":"type-post","3":"status-publish","4":"format-standard","5":"has-post-thumbnail","7":"category-salud","8":"tag-es","9":"tag-espana","10":"tag-health","11":"tag-salud","12":"tag-spain"},"share_on_mastodon":{"url":"https:\/\/pubeurope.com\/@es\/115599303819685366","error":""},"_links":{"self":[{"href":"https:\/\/www.europesays.com\/es\/wp-json\/wp\/v2\/posts\/251447","targetHints":{"allow":["GET"]}}],"collection":[{"href":"https:\/\/www.europesays.com\/es\/wp-json\/wp\/v2\/posts"}],"about":[{"href":"https:\/\/www.europesays.com\/es\/wp-json\/wp\/v2\/types\/post"}],"author":[{"embeddable":true,"href":"https:\/\/www.europesays.com\/es\/wp-json\/wp\/v2\/users\/2"}],"replies":[{"embeddable":true,"href":"https:\/\/www.europesays.com\/es\/wp-json\/wp\/v2\/comments?post=251447"}],"version-history":[{"count":0,"href":"https:\/\/www.europesays.com\/es\/wp-json\/wp\/v2\/posts\/251447\/revisions"}],"wp:featuredmedia":[{"embeddable":true,"href":"https:\/\/www.europesays.com\/es\/wp-json\/wp\/v2\/media\/251448"}],"wp:attachment":[{"href":"https:\/\/www.europesays.com\/es\/wp-json\/wp\/v2\/media?parent=251447"}],"wp:term":[{"taxonomy":"category","embeddable":true,"href":"https:\/\/www.europesays.com\/es\/wp-json\/wp\/v2\/categories?post=251447"},{"taxonomy":"post_tag","embeddable":true,"href":"https:\/\/www.europesays.com\/es\/wp-json\/wp\/v2\/tags?post=251447"}],"curies":[{"name":"wp","href":"https:\/\/api.w.org\/{rel}","templated":true}]}}