{"id":251449,"date":"2025-11-23T13:42:09","date_gmt":"2025-11-23T13:42:09","guid":{"rendered":"https:\/\/www.europesays.com\/es\/251449\/"},"modified":"2025-11-23T13:42:09","modified_gmt":"2025-11-23T13:42:09","slug":"el-ojo-critico-cuando-el-monstruo-es-el-protagonista","status":"publish","type":"post","link":"https:\/\/www.europesays.com\/es\/251449\/","title":{"rendered":"El ojo cr\u00edtico &#8211; Cuando el monstruo es el protagonista"},"content":{"rendered":"<p>Hacemos un recorrido con nuestro colaborador, Guillermo Busutil, por los grandes iconos de la literatura de terror.  Pero antes, recibimos a la escritora y activista feminista Ana Bernal-Trivi\u00f1o que nos presenta su nuevo libro \u00abLas ra\u00edces del poder\u00bb, donde explora las bases hist\u00f3ricas del machismo y el patriarcado. Completamos el programa de hoy con una visita al Gran Teatre del Liceu de Barcelona para junto a Agnes Batll\u00e9 para asistir al restreno de \u00abL\u00b4elisir d\u00b4amore\u00bb de Mario Gas, 42 a\u00f1os despu\u00e9s. Adem\u00e1s, Marta Rey nos acerca la obra de Irene M\u00e1rquez, ganadora del &#8216;Premio El Ojo Cr\u00edtico&#8217; 2025 en la categor\u00eda de c\u00f3mic. <\/p>\n","protected":false},"excerpt":{"rendered":"Hacemos un recorrido con nuestro colaborador, Guillermo Busutil, por los grandes iconos de la literatura de terror. Pero&hellip;\n","protected":false},"author":2,"featured_media":251450,"comment_status":"","ping_status":"","sticky":false,"template":"","format":"standard","meta":{"footnotes":""},"categories":[91],"tags":[63674,8519,146,147,25,24,133,1448,1986,1987,23],"class_list":{"0":"post-251449","1":"post","2":"type-post","3":"status-publish","4":"format-standard","5":"has-post-thumbnail","7":"category-entretenimiento","8":"tag-cuando-el-monstruo-es-el-protagonista","9":"tag-el-ojo-critico","10":"tag-entertainment","11":"tag-entretenimiento","12":"tag-es","13":"tag-espana","14":"tag-online","15":"tag-radio","16":"tag-rne","17":"tag-rtve-play","18":"tag-spain"},"share_on_mastodon":{"url":"https:\/\/pubeurope.com\/@es\/115599307410414186","error":""},"_links":{"self":[{"href":"https:\/\/www.europesays.com\/es\/wp-json\/wp\/v2\/posts\/251449","targetHints":{"allow":["GET"]}}],"collection":[{"href":"https:\/\/www.europesays.com\/es\/wp-json\/wp\/v2\/posts"}],"about":[{"href":"https:\/\/www.europesays.com\/es\/wp-json\/wp\/v2\/types\/post"}],"author":[{"embeddable":true,"href":"https:\/\/www.europesays.com\/es\/wp-json\/wp\/v2\/users\/2"}],"replies":[{"embeddable":true,"href":"https:\/\/www.europesays.com\/es\/wp-json\/wp\/v2\/comments?post=251449"}],"version-history":[{"count":0,"href":"https:\/\/www.europesays.com\/es\/wp-json\/wp\/v2\/posts\/251449\/revisions"}],"wp:featuredmedia":[{"embeddable":true,"href":"https:\/\/www.europesays.com\/es\/wp-json\/wp\/v2\/media\/251450"}],"wp:attachment":[{"href":"https:\/\/www.europesays.com\/es\/wp-json\/wp\/v2\/media?parent=251449"}],"wp:term":[{"taxonomy":"category","embeddable":true,"href":"https:\/\/www.europesays.com\/es\/wp-json\/wp\/v2\/categories?post=251449"},{"taxonomy":"post_tag","embeddable":true,"href":"https:\/\/www.europesays.com\/es\/wp-json\/wp\/v2\/tags?post=251449"}],"curies":[{"name":"wp","href":"https:\/\/api.w.org\/{rel}","templated":true}]}}