{"id":251454,"date":"2025-11-23T13:45:10","date_gmt":"2025-11-23T13:45:10","guid":{"rendered":"https:\/\/www.europesays.com\/es\/251454\/"},"modified":"2025-11-23T13:45:10","modified_gmt":"2025-11-23T13:45:10","slug":"europa-busca-blindar-a-ucrania-frente-a-una-nueva-agresion-en-su-enmienda-al-plan-de-ee-uu-y-rusia-internacional","status":"publish","type":"post","link":"https:\/\/www.europesays.com\/es\/251454\/","title":{"rendered":"Europa busca blindar a Ucrania frente a una nueva agresi\u00f3n en su enmienda al plan de EE UU y Rusia | Internacional"},"content":{"rendered":"<p class=\"\">Representantes de Estados Unidos, Ucrania y Europa <a href=\"https:\/\/elpais.com\/internacional\/2025-11-22\/los-lideres-europeos-buscan-una-respuesta-comun-ante-la-determinacion-de-ee-uu-para-imponer-su-plan-sobre-ucrania.html\" target=\"_self\" rel=\"nofollow noopener\" title=\"https:\/\/elpais.com\/internacional\/2025-11-22\/los-lideres-europeos-buscan-una-respuesta-comun-ante-la-determinacion-de-ee-uu-para-imponer-su-plan-sobre-ucrania.html\">se re\u00fanen este domingo en Ginebra<\/a> (Suiza) para tratar el pol\u00e9mico plan de paz ruso-estadounidense que esboza un acuerdo para poner fin a la guerra imperialista lanzada por el Kremlin contra Kiev en febrero de 2022. La hoja de ruta, redactada sin la participaci\u00f3n de Ucrania ni de Europa, es denominada por los m\u00e1s cr\u00edticos como una \u201clista de deseos\u201d de Putin. Senadores estadounidenses sostienen, de hecho, que el \u00fanico autor ha sido el Kremlin. Este plan requiere que Ucrania ceda territorio, limite su ej\u00e9rcito y renuncie a sus ambiciones de ingresar en la OTAN. <\/p>\n<p class=\"\">Los l\u00edderes europeos est\u00e1n todav\u00eda conmocionados y en proceso de digerir que, de nuevo, han sido escorados en un asunto que es parte esencial de la arquitectura de seguridad de Europa. Ahora, parecen asumir la propuesta ruso- estadounidense como base, pero tratan de impulsar una serie de enmiendas clave para ayudar a Kiev a lograr mejores condiciones. <\/p>\n<p class=\"\">La idea europea, seg\u00fan fuentes al corriente de la negociaci\u00f3n, es obtener un blindaje de Ucrania con s\u00f3lidas garant\u00edas de seguridad que les permitir\u00edan defenderla en caso de una nueva agresi\u00f3n (algo que funcionar\u00eda como disuasi\u00f3n para el Kremlin), as\u00ed como la promesa de que Kiev no se vea obligada a limitar el peso de su ej\u00e9rcito y su armamento, como apunta el plan ruso-estadounidense de 28 puntos. Tambi\u00e9n buscan matizar las cl\u00e1usulas seg\u00fan las cuales el pa\u00eds invadido se ver\u00eda obligado a ceder territorio.<\/p>\n<p class=\"\">Los europeos, que llevan semanas debatiendo una propuesta de la Comisi\u00f3n Europea para entregar a Kiev 180.000 millones de activos soberanos rusos inmovilizados en territorio comunitario (fundamentalmente en B\u00e9lgica) por las sanciones, reclaman tambi\u00e9n que esos fondos se entreguen a Kiev como compensaci\u00f3n y se utilicen para la reconstrucci\u00f3n. Mientras, el plan ruso-estadounidense recoge que unos 100.000 millones de los activos rusos se invertir\u00e1n en la reconstrucci\u00f3n y en inversiones en Ucrania, pero en un formato liderado por Estados Unidos, que recibir\u00eda el 50% de los beneficios. Europa a\u00f1adir\u00eda adem\u00e1s, seg\u00fan ese plan redactado sin los europeos, otros 100.000 millones para la reconstrucci\u00f3n.<\/p>\n<p class=\"\">Alemania, Francia y el Reino Unido <a href=\"https:\/\/elpais.com\/internacional\/2025-11-23\/ultima-hora-de-la-guerra-entre-rusia-y-ucrania-en-directo.html\" target=\"_self\" rel=\"nofollow noopener\" title=\"https:\/\/elpais.com\/internacional\/2025-11-23\/ultima-hora-de-la-guerra-entre-rusia-y-ucrania-en-directo.html\">han enviado a asesores de seguridad nacional<\/a> a la cita de Ginebra, en la que participan el secretario de Estado de EE UU, Marco Rubio, el enviado especial de la Casa Blanca para Ucrania, Steve Witkoff y un equipo ucranio liderado por Andrii Yermak, jefe de Gabinete <a href=\"https:\/\/elpais.com\/internacional\/2025-11-23\/la-tormenta-perfecta-se-cierne-sobre-zelenski.html\" target=\"_self\" rel=\"nofollow noopener\" title=\"https:\/\/elpais.com\/internacional\/2025-11-23\/la-tormenta-perfecta-se-cierne-sobre-zelenski.html\">del presidente ucranio, Volod\u00edmir Zelenski.<\/a> La Uni\u00f3n Europea tambi\u00e9n ha enviado a representantes a una reuni\u00f3n en la que los europeos quieren comprar tiempo para Ucrania. <\/p>\n<p>M\u00e1s informaci\u00f3n<\/p>\n<p class=\"\">El presidente estadounidense, Donald Trump, puso a Kiev el jueves (d\u00eda en el que se celebra Acci\u00f3n de gracias en EE UU) como fecha l\u00edmite para aceptar el plan. Pese a ese calendario tan perentorio, en las \u00faltimas horas ha sugerido que esa hoja de ruta <a href=\"https:\/\/elpais.com\/internacional\/2025-11-22\/trump-sugiere-que-podria-aceptar-cambios-en-su-plan-para-ucrania-no-es-mi-oferta-definitiva.html\" target=\"_self\" rel=\"nofollow noopener\" title=\"https:\/\/elpais.com\/internacional\/2025-11-22\/trump-sugiere-que-podria-aceptar-cambios-en-su-plan-para-ucrania-no-es-mi-oferta-definitiva.html\">podr\u00eda no ser el documento final<\/a> y que, en funci\u00f3n de c\u00f3mo responda Ucrania, podr\u00eda estar abierto a ampliar el plazo.<\/p>\n<p class=\"\">\u201cCualquier plan de paz cre\u00edble y sostenible debe, ante todo, detener las matanzas y poner fin a la guerra, sin sembrar las semillas de un conflicto futuro\u201d, ha dicho este domingo en un v\u00eddeo-comunicado Ursula von der Leyen. La presidenta de la Comisi\u00f3n Europea ha ahondado en la postura de los aliados occidentales de Kiev de que \u201clas fronteras no se pueden cambiar por la fuerza\u201d y de que el pa\u00eds invadido no debe recortar su ej\u00e9rcito. \u201cDebe reflejarse plenamente la centralidad de la Uni\u00f3n Europea a la hora de garantizar la paz en Ucrania\u201d, ha insistido la jefa del Ejecutivo comunitario, que participa en la cumbre del G-20 en Sud\u00e1frica.<\/p>\n<p class=\"\">Mientras, el plan ruso-estadounidense sigue recibiendo cr\u00edticas. El s\u00e1bado por la noche, un grupo de senadores (tambi\u00e9n republicanos) aseguraron que Rubio les hab\u00eda comentado que la hoja de ruta era de autor\u00eda rusa. Tras la pol\u00e9mica, antes de salir hacia Ginebra, el secretario de Estado de EE UU ha insistido en que el plan de 28 puntos fue \u201cescrito por Estados Unidos\u201d y que se hab\u00eda basado en \u201caportaciones\u201d tanto de Rusia como de Ucrania.<\/p>\n<p class=\"\">El s\u00e1bado, los aliados de Ucrania presentes en la cumbre del G-20 en Sud\u00e1frica emitieron una declaraci\u00f3n en la que reclamaban que el plan de 28 puntos requer\u00eda \u201ctrabajo adicional\u201d y que tal y como est\u00e1 \u201cdejar\u00eda a Ucrania <a href=\"https:\/\/elpais.com\/internacional\/2025-10-21\/los-principales-lideres-europeos-reclaman-a-trump-que-ucrania-no-ceda-territorio-a-rusia-antes-de-negociar-la-paz.html\" target=\"_self\" rel=\"nofollow noopener\" title=\"https:\/\/elpais.com\/internacional\/2025-10-21\/los-principales-lideres-europeos-reclaman-a-trump-que-ucrania-no-ceda-territorio-a-rusia-antes-de-negociar-la-paz.html\">vulnerable a ataques<\/a>\u201d.<\/p>\n<blockquote class=\"twitter-tweet\">\n<p lang=\"en\" dir=\"ltr\">Together with the leaders of Europe, Canada and Japan, we have declared our readiness to work on the 28-point plan despite some reservations. However, before we start our work,  it would be good to know for sure who is the author of the plan and where was it created.<\/p>\n<p>\u2014 Donald Tusk (@donaldtusk) <a href=\"https:\/\/twitter.com\/donaldtusk\/status\/1992518269295845381?ref_src=twsrc%5Etfw\" rel=\"nofollow noopener\" target=\"_blank\">November 23, 2025<\/a><\/p><\/blockquote>\n<p class=\"\">\u201cJuntos, los l\u00edderes europeos, Canad\u00e1 y Jap\u00f3n hemos declarado nuestra disposici\u00f3n para trabajar en el plan de 28 puntos pese a que tenemos ciertas reservas. Sin embargo, antes de comenzar ser\u00eda bueno saber con certeza qui\u00e9n es el autor del plan y d\u00f3nde se cre\u00f3\u201d, ha escrito, certero, el primer ministro polaco, Donald Tusk, en las redes sociales.<\/p>\n<p><script async src=\"https:\/\/platform.twitter.com\/widgets.js\" charset=\"utf-8\"><\/script><\/p>\n","protected":false},"excerpt":{"rendered":"Representantes de Estados Unidos, Ucrania y Europa se re\u00fanen este domingo en Ginebra (Suiza) para tratar el pol\u00e9mico&hellip;\n","protected":false},"author":2,"featured_media":251455,"comment_status":"","ping_status":"","sticky":false,"template":"","format":"standard","meta":{"footnotes":""},"categories":[42],"tags":[8738,17,18,70,71,72,629,700,13,14,63675,69,7082,11,61,62,63,64,19,20,9,10,15,16,1613,1614,12,7081,21,22,1617,65,66,67],"class_list":{"0":"post-251454","1":"post","2":"type-post","3":"status-publish","4":"format-standard","5":"has-post-thumbnail","7":"category-internacional","8":"tag-ataques-militares","9":"tag-breaking-news","10":"tag-breakingnews","11":"tag-conflictos","12":"tag-conflictos-armados","13":"tag-conflictos-internacionales","14":"tag-estados-unidos","15":"tag-europa","16":"tag-featured-news","17":"tag-featurednews","18":"tag-ginebra-suiza","19":"tag-guerra","20":"tag-guerra-de-rusia-en-ucrania","21":"tag-headlines","22":"tag-internacional","23":"tag-international","24":"tag-international-news","25":"tag-internationalnews","26":"tag-latest-news","27":"tag-latestnews","28":"tag-news","29":"tag-noticias","30":"tag-noticias-destacadas","31":"tag-noticiasdestacadas","32":"tag-otan","33":"tag-rusia","34":"tag-titulares","35":"tag-ucrania","36":"tag-ultimas-noticias","37":"tag-ultimasnoticias","38":"tag-union-europea","39":"tag-world","40":"tag-world-news","41":"tag-worldnews"},"share_on_mastodon":{"url":"","error":"Validation failed: Text character limit of 500 exceeded"},"_links":{"self":[{"href":"https:\/\/www.europesays.com\/es\/wp-json\/wp\/v2\/posts\/251454","targetHints":{"allow":["GET"]}}],"collection":[{"href":"https:\/\/www.europesays.com\/es\/wp-json\/wp\/v2\/posts"}],"about":[{"href":"https:\/\/www.europesays.com\/es\/wp-json\/wp\/v2\/types\/post"}],"author":[{"embeddable":true,"href":"https:\/\/www.europesays.com\/es\/wp-json\/wp\/v2\/users\/2"}],"replies":[{"embeddable":true,"href":"https:\/\/www.europesays.com\/es\/wp-json\/wp\/v2\/comments?post=251454"}],"version-history":[{"count":0,"href":"https:\/\/www.europesays.com\/es\/wp-json\/wp\/v2\/posts\/251454\/revisions"}],"wp:featuredmedia":[{"embeddable":true,"href":"https:\/\/www.europesays.com\/es\/wp-json\/wp\/v2\/media\/251455"}],"wp:attachment":[{"href":"https:\/\/www.europesays.com\/es\/wp-json\/wp\/v2\/media?parent=251454"}],"wp:term":[{"taxonomy":"category","embeddable":true,"href":"https:\/\/www.europesays.com\/es\/wp-json\/wp\/v2\/categories?post=251454"},{"taxonomy":"post_tag","embeddable":true,"href":"https:\/\/www.europesays.com\/es\/wp-json\/wp\/v2\/tags?post=251454"}],"curies":[{"name":"wp","href":"https:\/\/api.w.org\/{rel}","templated":true}]}}