{"id":251458,"date":"2025-11-23T13:47:13","date_gmt":"2025-11-23T13:47:13","guid":{"rendered":"https:\/\/www.europesays.com\/es\/251458\/"},"modified":"2025-11-23T13:47:13","modified_gmt":"2025-11-23T13:47:13","slug":"las-piscinas-cubiertas-de-alcala-al-servicio-del-deporte-y-la-salud","status":"publish","type":"post","link":"https:\/\/www.europesays.com\/es\/251458\/","title":{"rendered":"Las piscinas cubiertas de Alcal\u00e1, al servicio del deporte y la salud"},"content":{"rendered":"<p>Las piscinas municipales de Alcal\u00e1 de Guada\u00edra son un activo en salud al servicio de la poblaci\u00f3n en los que participan m\u00e1s de 2.200 usuarios tanto en las actividades acu\u00e1ticas municipales de car\u00e1cter terap\u00e9utico o en las de aprendizaje y perfeccionamiento de la nataci\u00f3n, como uno de los deportes m\u00e1s completos y beneficiosos para el cuerpo humano.<\/p>\n<p>Fomentar los h\u00e1bitos saludables para incrementar la calidad de vida es uno de los objetivos que se implementan desde el Gobierno municipal que destaca que el h\u00e1bito de la pr\u00e1ctica del deporte adaptado es una de las herramientas m\u00e1s efectivas para aumentar la salud. Es por ello que se destinan esfuerzos a ofrecer alternativas saludables a la poblaci\u00f3n desde las piscinas cubiertas, gestionadas por la Delegaci\u00f3n de Deportes con la colaboraci\u00f3n de Salud para algunas \u00e1reas.<\/p>\n<p>Concretamente, entre las opciones m\u00e1s demandadas por la poblaci\u00f3n est\u00e1 la nataci\u00f3n terap\u00e9utica, desarrollada tanto en la piscina Cubierta Los Alcores del Complejo Deportivo Malasma\u00f1anas, en la zona norte, como en el Complejo Deportivo del Distrito Sur. \u00c9sta es una actividad dirigida por profesionales para fortalecer musculatura y mejorar la movilidad para todas las edades. Otras opciones terap\u00e9uticas de desarrollan en una u otra instalaci\u00f3n dependiendo de los horarios y cuadrantes.<\/p>\n<p><img decoding=\"async\" src=\"https:\/\/www.europesays.com\/es\/wp-content\/uploads\/2025\/11\/9161-fisioterapia.jpg\"\/><\/p>\n<p>Destaca entre las opciones terap\u00e9uticas especialmente la Nataci\u00f3n Oncol\u00f3gica impartida en el Distrito Sur por profesionales con formaci\u00f3n espec\u00edfica en oncolog\u00eda y ejercicio terap\u00e9utico para personas que est\u00e1n pasando por el proceso del c\u00e1ncer (antes, durante o despu\u00e9s del tratamiento). Con grupos reducidos, se ofrece un ejercicio adaptado de bajo impacto que reduce la presi\u00f3n en las articulaciones y huesos, mejora la capacidad funcional y resistencia cardiovascular, cruciales para pacientes que dolor o fatiga, ayudando a mitigar tambi\u00e9n otros efectos secundarios de los tratamientos, como la p\u00e9rdida de masa muscular, la rigidez articular, e incluso el estado de \u00e1nimo, como la mejora psicol\u00f3gica por sus efectos relajantes y el apoyo\u00a0 grupal a la autoestima.<\/p>\n<p>Es resaltable igualmente la alternativa de Nataci\u00f3n TDAH, una actividad acu\u00e1tica dirigida a ni\u00f1os\/as con trastorno por d\u00e9ficit de atenci\u00f3n e hiperactividad con acompa\u00f1amiento familiar que les proporciona una estimulaci\u00f3n multisensorial, que mejora la concentraci\u00f3n y reduce la hiperactividad, ofrecida igualmente por profesionales.\u00a0 Igualmente se desarrolla la nataci\u00f3n adaptada para personas con problemas de desarrollo psicomotriz con cursos individuales, o la aquactividad asistida, \u00e9sta en modo grupal y todo con finalidad terap\u00e9utica.<\/p>\n<p>Paralelamente, se desarrollan ejercicios de nataci\u00f3n supervisada, tambi\u00e9n de bajo impacto para pacientes derivados por prescripci\u00f3n m\u00e9dica en las llamadas Unidades Activas de Ejercicio F\u00edsico (UAEF), dirigidos por profesionales graduados en Ciencias de la Actividad F\u00edsica y del Deporte. Adem\u00e1s, es un proyecto piloto a nivel regional bajo el paraguas de fondos europeos vinculados al Consejo Superior de Deportes.<\/p>\n<p>Junto a la nataci\u00f3n terap\u00e9utica para adultos y para menores, se desarrollan otras alternativas como la nataci\u00f3n espec\u00edfica para personas mayores, o para beb\u00e9s, la opci\u00f3n para el n\u00facleo familiar, tambi\u00e9n el aquagym, y, por supuesto los cursos de nataci\u00f3n en iniciaci\u00f3n y perfeccionamiento para adultos y para menores, tambi\u00e9n con ampl\u00edsima demanda.<\/p>\n<p><img decoding=\"async\" src=\"https:\/\/www.europesays.com\/es\/wp-content\/uploads\/2025\/11\/9161-menores-piscina.jpg\"\/><\/p>\n<p>Ambas piscinas sirven igualmente para la opci\u00f3n del nado libre, para asociaciones que hacen uno de las instalaciones y para los para los entrenamientos y competiciones de clubes locales de nataci\u00f3n, con sus cuadrantes de horario y calles. En definitiva, unas instalaciones que dan un servicio a la poblaci\u00f3n, uniendo deporte y salud.<\/p>\n","protected":false},"excerpt":{"rendered":"Las piscinas municipales de Alcal\u00e1 de Guada\u00edra son un activo en salud al servicio de la poblaci\u00f3n en&hellip;\n","protected":false},"author":2,"featured_media":251459,"comment_status":"","ping_status":"","sticky":false,"template":"","format":"standard","meta":{"footnotes":""},"categories":[5],"tags":[24471,24470,24478,24469,1250,17,18,777,209,24474,168,24489,2026,24491,24480,25,24,13,14,24488,24487,24490,24492,24473,11,2178,3624,15235,891,6850,19,20,6688,24483,24054,24497,4044,24493,9,10,15,16,24477,24482,24415,24472,12365,24496,1922,24485,24481,24479,24475,24484,19497,24486,1171,23,24494,12,24476,4664,21,22,24495],"class_list":{"0":"post-251458","1":"post","2":"type-post","3":"status-publish","4":"format-standard","5":"has-post-thumbnail","7":"category-titulares","8":"tag-accesibilidad","9":"tag-administracion-electronica","10":"tag-agenda-de-actividades","11":"tag-alcala-de-guadaira","12":"tag-ayuntamiento","13":"tag-breaking-news","14":"tag-breakingnews","15":"tag-ciudad","16":"tag-cultura","17":"tag-datos-abiertos","18":"tag-deportes","19":"tag-desarrollo-economico","20":"tag-educacion","21":"tag-edusi","22":"tag-equipamientos","23":"tag-es","24":"tag-espana","25":"tag-featured-news","26":"tag-featurednews","27":"tag-feria-de-alcala","28":"tag-fiestas-mayores","29":"tag-formacion-y-empleo","30":"tag-gestion-tributaria","31":"tag-gobierno-abierto","32":"tag-headlines","33":"tag-igualdad","34":"tag-infancia","35":"tag-infraestructura","36":"tag-inmigrantes","37":"tag-juventud","38":"tag-latest-news","39":"tag-latestnews","40":"tag-medio-ambiente","41":"tag-molinos","42":"tag-movilidad-urbana","43":"tag-movilidad-y-transporte","44":"tag-mujeres","45":"tag-museo-de-alcala","46":"tag-news","47":"tag-noticias","48":"tag-noticias-destacadas","49":"tag-noticiasdestacadas","50":"tag-oferta-de-empleo","51":"tag-oromana","52":"tag-participacion-ciudadana","53":"tag-personas-con-discapacidad","54":"tag-personas-mayores","55":"tag-punto-limpio","56":"tag-redes-sociales","57":"tag-secretaria","58":"tag-sede-electronica","59":"tag-servicio-de-quejas-y-sugerencias","60":"tag-servicios-destacados","61":"tag-servicios-municipales","62":"tag-servicios-sociales","63":"tag-servicios-urbanos","64":"tag-sevilla","65":"tag-spain","66":"tag-teatro-auditorio-riberas-del-guadaira","67":"tag-titulares","68":"tag-tramites-y-servicios","69":"tag-turismo","70":"tag-ultimas-noticias","71":"tag-ultimasnoticias","72":"tag-universidad-popular"},"share_on_mastodon":{"url":"","error":"Validation failed: Text character limit of 500 exceeded"},"_links":{"self":[{"href":"https:\/\/www.europesays.com\/es\/wp-json\/wp\/v2\/posts\/251458","targetHints":{"allow":["GET"]}}],"collection":[{"href":"https:\/\/www.europesays.com\/es\/wp-json\/wp\/v2\/posts"}],"about":[{"href":"https:\/\/www.europesays.com\/es\/wp-json\/wp\/v2\/types\/post"}],"author":[{"embeddable":true,"href":"https:\/\/www.europesays.com\/es\/wp-json\/wp\/v2\/users\/2"}],"replies":[{"embeddable":true,"href":"https:\/\/www.europesays.com\/es\/wp-json\/wp\/v2\/comments?post=251458"}],"version-history":[{"count":0,"href":"https:\/\/www.europesays.com\/es\/wp-json\/wp\/v2\/posts\/251458\/revisions"}],"wp:featuredmedia":[{"embeddable":true,"href":"https:\/\/www.europesays.com\/es\/wp-json\/wp\/v2\/media\/251459"}],"wp:attachment":[{"href":"https:\/\/www.europesays.com\/es\/wp-json\/wp\/v2\/media?parent=251458"}],"wp:term":[{"taxonomy":"category","embeddable":true,"href":"https:\/\/www.europesays.com\/es\/wp-json\/wp\/v2\/categories?post=251458"},{"taxonomy":"post_tag","embeddable":true,"href":"https:\/\/www.europesays.com\/es\/wp-json\/wp\/v2\/tags?post=251458"}],"curies":[{"name":"wp","href":"https:\/\/api.w.org\/{rel}","templated":true}]}}