{"id":251460,"date":"2025-11-23T13:52:11","date_gmt":"2025-11-23T13:52:11","guid":{"rendered":"https:\/\/www.europesays.com\/es\/251460\/"},"modified":"2025-11-23T13:52:11","modified_gmt":"2025-11-23T13:52:11","slug":"sin-sorpresas-en-la-final-espana-se-juega-la-davis-con-la-misma-alineacion","status":"publish","type":"post","link":"https:\/\/www.europesays.com\/es\/251460\/","title":{"rendered":"Sin sorpresas en la final: Espa\u00f1a se juega la Davis con la misma alineaci\u00f3n"},"content":{"rendered":"<p class=\"\">Como estipula la norma, a falta de una hora para el inicio de la eliminatoria, Espa\u00f1a e Italia dieron a conocer las nominaciones de sus capitanes para jugarse el t\u00edtulo de <a href=\"https:\/\/as.com\/tenis\/copa_davis\/\" target=\"_blank\" rel=\"noreferrer nofollow noopener\" title=\"https:\/\/as.com\/tenis\/copa_davis\/\">Copa Davis.<\/a> Y, como era de esperar, no hubo novedad alguna en la composici\u00f3n de los equipos, que no han cambiado nada desde que debutaron en los cuartos de final en Bolonia.<b> David Ferrer y Filippo<\/b> <b>Volandri<\/b>, capitanes de ambos equipos, que curiosamente se enfrentaron como jugadores en 2006, en la \u00faltima eliminatoria entre los dos pa\u00edses mediterr\u00e1neos hasta la fecha, est\u00e1n l\u00f3gicamente muy satisfechos con sus jugadores, y por ello han decidido no tocar nada. El<b> Carre\u00f1o-Berrettini, Munar-Cobolli y Granollers-Mart\u00ednez contra Vavassori-Bolelli<\/b> compondr\u00e1n la final de la Davis de 2025 que se juegan espa\u00f1oles e italianos este domingo (15:00 el primer partido, M+). Todo listo.<\/p>\n<p class=\"\">La Fiera di Bologna, que se llenar\u00e1 con m\u00e1s de 10.000 espectadores volcados, obviamente, con los anfitriones, comenzar\u00e1 su jornada de tenis con el duelo entre <b>Pablo Carre\u00f1o, de 34 a\u00f1os y 89\u00ba mundial, y Matteo Berrettini, 29 y 56\u00ba.<\/b> El de Roma no es, por ranking, el n\u00famero dos de unos italianos que no cuentan con Jannik Sinner ni con Lorenzo Musetti, pero su sensacional rendimiento \u00faltimamente en la Davis hace imposible no elegirlo para abrir las eliminatorias. Berrettini anda en una racha de <b>10 victorias consecutivas<\/b> en partidos individuales de la copa del mundo, en la que no pierde desde 2019. El balance entre \u00e9l y Carre\u00f1o es de 1-1, con un triunfo para Pablo en el Masters 1.000 de Canad\u00e1 de 2022 que acab\u00f3 ganando, y otro para Berrettini en el Abierto de Australia de aquel a\u00f1o. La elecci\u00f3n de Berrettini hace que quien no juegue por Italia sea Lorenzo Sonego, 30 y 39\u00ba, in\u00e9dito esta semana.<\/p>\n<p class=\"\">A continuaci\u00f3n, el partido que puede ser la gran clave para Espa\u00f1a en la consecuci\u00f3n de la Davis ser\u00e1 el duelo entre n\u00fameros uno. Ambos no son realmente los mejores por ranking de sus pa\u00edses, pero las circunstancias en forma de bajas de las estrellas as\u00ed lo han provocado. <b>Jaume Munar, de 28 a\u00f1os y 36\u00ba del ranking mundial, chocar\u00e1 con Flavio Cobolli, 23 y 22\u00ba.<\/b> El transalpino, como Berrettini, ha ganado los dos partidos que ha disputado esta semana, aunque ante Zizou Bergs el viernes sufri\u00f3 de lo lindo, teniendo que salvar siete bolas de partido. El \u00fanico precedente entre ambos se produjo este mismo a\u00f1o, hace un par de meses en el Masters 1.000 de Shangh\u00e1i, y <b>la victoria se la llev\u00f3 Munar en dos sets. <\/b>Hay motivos para so\u00f1ar.<\/p>\n<p class=\"\">Por \u00faltimo, si la eliminatoria llega 1-1, como le ha pasado a Espa\u00f1a en sus dos rondas previas en Bolonia, el t\u00edtulo se decidir\u00eda en un dobles en el que, una vez m\u00e1s, <b>Marcel Granollers y Pedro Mart\u00ednez<\/b> ser\u00e1n los representantes de la Armada. Catal\u00e1n y valenciano andan invictos en esta Davis (Mart\u00ednez lleva seis de seis a lo largo del a\u00f1o), y se han destapado como una sensacional pareja, verdugos de Chequia y de Alemania (Krawietz y Puetz ten\u00edan un 39-2 en Davis). Sus rivales ser\u00e1n dos especialistas como <b>Simone Bolelli y Andrea Vavassori, 13\u00ba y 14\u00ba del mundo en dobles<\/b>, pareja que juega junta todo el a\u00f1o (vienen de ser semifinalistas de las ATP Finals) y que en la presente temporada ha levantado cuatro t\u00edtulos, aunque ninguno de ellos por encima de un 500 (cayeron en la final de Australia). Bolelli y Vavassori todav\u00eda no han sido de la partida esta semana, ya que Italia super\u00f3 a Austria y B\u00e9lgica por 2-0, sin necesidad de acudir al dobles. Las cartas ya est\u00e1n sobre la mesa, y la Ensaladera anda en juego.<\/p>\n<p>Noticias relacionadas<\/p>\n<p class=\"\"><b>\u00a1Tus opiniones importan!<\/b> Comenta en los art\u00edculos y suscr\u00edbete gratis a nuestra <a href=\"https:\/\/asfan.as.com\/newsletters\/\" target=\"_blank\" rel=\"nofollow noopener\" title=\"https:\/\/asfan.as.com\/newsletters\/\">newsletter<\/a> y a las alertas informativas en la <a href=\"https:\/\/as.com\/aplicacion-de-as-n\/\" target=\"_blank\" rel=\"nofollow noopener\" title=\"https:\/\/as.com\/aplicacion-de-as-n\/\">App<\/a> o el canal de <a href=\"https:\/\/www.whatsapp.com\/channel\/0029VaAasdA7j6g745nz9M10\" target=\"_blank\" rel=\"nofollow noopener\" title=\"https:\/\/www.whatsapp.com\/channel\/0029VaAasdA7j6g745nz9M10\">WhatsApp<\/a>. <\/p>\n<p class=\"\">\u00bfBuscas licenciar contenido? Haz clic <a href=\"https:\/\/profesional.elpais.com\/soluciones-sindicacion?utm_medium=interno&amp;utm_source=crosslinking&amp;utm_campaign=sindicacion_as_pie_articulos\" target=\"_blank\" rel=\"nofollow noopener\" title=\"https:\/\/profesional.elpais.com\/soluciones-sindicacion?utm_medium=interno&amp;utm_source=crosslinking&amp;utm_campaign=sindicacion_as_pie_articulos\">aqu\u00ed<\/a><\/p>\n","protected":false},"excerpt":{"rendered":"Como estipula la norma, a falta de una hora para el inicio de la eliminatoria, Espa\u00f1a e Italia&hellip;\n","protected":false},"author":2,"featured_media":251461,"comment_status":"","ping_status":"","sticky":false,"template":"","format":"standard","meta":{"footnotes":""},"categories":[274],"tags":[168,25,24,23,167,327,326],"class_list":{"0":"post-251460","1":"post","2":"type-post","3":"status-publish","4":"format-standard","5":"has-post-thumbnail","7":"category-tenis","8":"tag-deportes","9":"tag-es","10":"tag-espana","11":"tag-spain","12":"tag-sports","13":"tag-tenis","14":"tag-tennis"},"share_on_mastodon":{"url":"https:\/\/pubeurope.com\/@es\/115599346632339450","error":""},"_links":{"self":[{"href":"https:\/\/www.europesays.com\/es\/wp-json\/wp\/v2\/posts\/251460","targetHints":{"allow":["GET"]}}],"collection":[{"href":"https:\/\/www.europesays.com\/es\/wp-json\/wp\/v2\/posts"}],"about":[{"href":"https:\/\/www.europesays.com\/es\/wp-json\/wp\/v2\/types\/post"}],"author":[{"embeddable":true,"href":"https:\/\/www.europesays.com\/es\/wp-json\/wp\/v2\/users\/2"}],"replies":[{"embeddable":true,"href":"https:\/\/www.europesays.com\/es\/wp-json\/wp\/v2\/comments?post=251460"}],"version-history":[{"count":0,"href":"https:\/\/www.europesays.com\/es\/wp-json\/wp\/v2\/posts\/251460\/revisions"}],"wp:featuredmedia":[{"embeddable":true,"href":"https:\/\/www.europesays.com\/es\/wp-json\/wp\/v2\/media\/251461"}],"wp:attachment":[{"href":"https:\/\/www.europesays.com\/es\/wp-json\/wp\/v2\/media?parent=251460"}],"wp:term":[{"taxonomy":"category","embeddable":true,"href":"https:\/\/www.europesays.com\/es\/wp-json\/wp\/v2\/categories?post=251460"},{"taxonomy":"post_tag","embeddable":true,"href":"https:\/\/www.europesays.com\/es\/wp-json\/wp\/v2\/tags?post=251460"}],"curies":[{"name":"wp","href":"https:\/\/api.w.org\/{rel}","templated":true}]}}