{"id":251462,"date":"2025-11-23T13:53:10","date_gmt":"2025-11-23T13:53:10","guid":{"rendered":"https:\/\/www.europesays.com\/es\/251462\/"},"modified":"2025-11-23T13:53:10","modified_gmt":"2025-11-23T13:53:10","slug":"es-una-leyenda-de-espana-y-asi-habla-de-un-chileno-es-de-nivel-mundial-el-estado-debe-ayudarlo","status":"publish","type":"post","link":"https:\/\/www.europesays.com\/es\/251462\/","title":{"rendered":"Es una leyenda de Espa\u00f1a y as\u00ed habla de un chileno: \u201cEs de nivel mundial&#8230; El Estado debe ayudarlo\u201d"},"content":{"rendered":"<p class=\"\"><b>Haimar Zubeld\u00eda es considerado uno de los diez mejores ciclistas en la historia de Espa\u00f1a<\/b>. El espa\u00f1ol, quien cuenta con <b>cinco Top 10 en el Tour de Francia, <\/b>visit\u00f3 el pa\u00eds para competir en la <b>Titan Forest Patagonia <\/b>y qued\u00f3 maravillado, seg\u00fan cuenta en entrevista con As. <\/p>\n<p class=\"\">\u201cVinimos con tres d\u00edas de antelaci\u00f3n, as\u00ed que visitamos la ciudad de Coyhaique y es espectacular. Se ve que la gente tambi\u00e9n sigue el ciclismo, a uno lo conocen y eso ilusiona mucho.<b> Ven\u00eda con muchas expectativas con lo que nos \u00edbamos a encontrar aqu\u00ed en la Patagonia y con creces ha cumplido<\/b>\u201d, destaca. <\/p>\n<p class=\"\">Zubeld\u00eda hizo un repaso de su carrera, abord\u00f3 su vida post retiro y habl\u00f3 sobre el deporte chileno. \u201cChile tiene grandes corredores de MTB.<b> Lo sigo a (Mart\u00edn) Vidaurre, que est\u00e1 en el top mundial. Aqu\u00ed hay afici\u00f3n, por lo que he visto, necesitan oportunidades. Los \u00f3rganos gubernamentales les tienen que prestar ayuda para que puedan volar a Europa, porque el ciclismo casi siempre est\u00e1 all\u00ed<\/b>\u201c, dice. <\/p>\n<p class=\"\"><b>&#8211; \u00bfC\u00f3mo fueron los inicios de su carrera?<\/b><\/p>\n<p class=\"\">&#8211; Llevo en el ciclismo desde muy peque\u00f1ito. Mi padre era cicloturista y \u00e9l me inculc\u00f3 esto de las dos ruedas. Lo que en principio era un hobby se convirti\u00f3 en mi profesi\u00f3n. Estuve 20 a\u00f1os como corredor de carretera. Una vez terminada esa faceta de mi vida, quer\u00eda seguir alrededor del mundo del ciclismo y hoy en d\u00eda trabajo con una empresa textil. Eso me hace salir a la carretera y tener que probar las cosas en condiciones extremas, con calor y con fr\u00edo. <\/p>\n<p class=\"\"><b>&#8211; \u00bfEs muy dif\u00edcil congeniar la vida personal con la vida profesional?<\/b><\/p>\n<p class=\"\">&#8211; Ahora me lo tomo de otra manera. Hemos tenido much\u00edsimos a\u00f1os en los que priorizaba siempre la bicicleta porque era mi profesi\u00f3n, pero ahora tengo que atender a la familia. Ellos tambi\u00e9n se han sacrificado mucho. <\/p>\n<p class=\"\"><b>&#8211; \u00bfLa calidad de vida familiar ha mejorado despu\u00e9s de su retiro?<\/b><\/p>\n<p class=\"\">&#8211; Tengo dos hijas. La peque\u00f1a hace balonmano y la mayor es ciclista, es junior. Cada vez que puedo salgo con ella. Es bonito tener v\u00ednculos con tu hija. Mi esposa tambi\u00e9n es ciclista, le gusta mucho.<\/p>\n<p class=\"\"><b>&#8211; \u00bfCu\u00e1l considera que es el mayor logro de su trayectoria?<\/b><\/p>\n<p>Noticias relacionadas<\/p>\n<p class=\"\">&#8211; La primera vez que corr\u00ed en el Tour de Francia, me qued\u00e9 enamorado de esa carrera. Luego lo hice 16 veces m\u00e1s. La primera vez que consegu\u00ed estar en el Top 10 fue en 2003, con un quinto puesto, luego lo repet\u00ed y en tantos a\u00f1os lo logr\u00e9 cinco veces. Yo creo que esos son los mayores logros que tengo en mi vida. <\/p>\n<p class=\"\"><b>\u00a1Tus opiniones importan!<\/b> Comenta en los art\u00edculos y suscr\u00edbete gratis a nuestra <a href=\"https:\/\/asfan.as.com\/newsletters\/\" target=\"_blank\" rel=\"nofollow noopener\" title=\"https:\/\/asfan.as.com\/newsletters\/\">newsletter<\/a> y a las alertas informativas en la <a href=\"https:\/\/as.com\/aplicacion-de-as-n\/\" target=\"_blank\" rel=\"nofollow noopener\" title=\"https:\/\/as.com\/aplicacion-de-as-n\/\">App<\/a> o el canal de <a href=\"https:\/\/www.whatsapp.com\/channel\/0029VaAasdA7j6g745nz9M10\" target=\"_blank\" rel=\"nofollow noopener\" title=\"https:\/\/www.whatsapp.com\/channel\/0029VaAasdA7j6g745nz9M10\">WhatsApp<\/a>. \u00bfBuscas licenciar contenido? Haz clic <a href=\"https:\/\/profesional.elpais.com\/soluciones-sindicacion?utm_medium=interno&amp;utm_source=crosslinking&amp;utm_campaign=sindicacion_as_pie_articulos\" target=\"_blank\" rel=\"nofollow noopener\" title=\"https:\/\/profesional.elpais.com\/soluciones-sindicacion?utm_medium=interno&amp;utm_source=crosslinking&amp;utm_campaign=sindicacion_as_pie_articulos\">aqu\u00ed<\/a><\/p>\n","protected":false},"excerpt":{"rendered":"Haimar Zubeld\u00eda es considerado uno de los diez mejores ciclistas en la historia de Espa\u00f1a. El espa\u00f1ol, quien&hellip;\n","protected":false},"author":2,"featured_media":251463,"comment_status":"","ping_status":"","sticky":false,"template":"","format":"standard","meta":{"footnotes":""},"categories":[273],"tags":[313,312,168,25,24,23,167],"class_list":{"0":"post-251462","1":"post","2":"type-post","3":"status-publish","4":"format-standard","5":"has-post-thumbnail","7":"category-ciclismo","8":"tag-ciclismo","9":"tag-cycling","10":"tag-deportes","11":"tag-es","12":"tag-espana","13":"tag-spain","14":"tag-sports"},"share_on_mastodon":{"url":"https:\/\/pubeurope.com\/@es\/115599350401357641","error":""},"_links":{"self":[{"href":"https:\/\/www.europesays.com\/es\/wp-json\/wp\/v2\/posts\/251462","targetHints":{"allow":["GET"]}}],"collection":[{"href":"https:\/\/www.europesays.com\/es\/wp-json\/wp\/v2\/posts"}],"about":[{"href":"https:\/\/www.europesays.com\/es\/wp-json\/wp\/v2\/types\/post"}],"author":[{"embeddable":true,"href":"https:\/\/www.europesays.com\/es\/wp-json\/wp\/v2\/users\/2"}],"replies":[{"embeddable":true,"href":"https:\/\/www.europesays.com\/es\/wp-json\/wp\/v2\/comments?post=251462"}],"version-history":[{"count":0,"href":"https:\/\/www.europesays.com\/es\/wp-json\/wp\/v2\/posts\/251462\/revisions"}],"wp:featuredmedia":[{"embeddable":true,"href":"https:\/\/www.europesays.com\/es\/wp-json\/wp\/v2\/media\/251463"}],"wp:attachment":[{"href":"https:\/\/www.europesays.com\/es\/wp-json\/wp\/v2\/media?parent=251462"}],"wp:term":[{"taxonomy":"category","embeddable":true,"href":"https:\/\/www.europesays.com\/es\/wp-json\/wp\/v2\/categories?post=251462"},{"taxonomy":"post_tag","embeddable":true,"href":"https:\/\/www.europesays.com\/es\/wp-json\/wp\/v2\/tags?post=251462"}],"curies":[{"name":"wp","href":"https:\/\/api.w.org\/{rel}","templated":true}]}}