{"id":251466,"date":"2025-11-23T13:56:16","date_gmt":"2025-11-23T13:56:16","guid":{"rendered":"https:\/\/www.europesays.com\/es\/251466\/"},"modified":"2025-11-23T13:56:16","modified_gmt":"2025-11-23T13:56:16","slug":"el-regreso-de-julian-alvarez-tras-un-inusual-descanso","status":"publish","type":"post","link":"https:\/\/www.europesays.com\/es\/251466\/","title":{"rendered":"El regreso de Juli\u00e1n Alvarez tras un inusual descanso"},"content":{"rendered":"<p data-gtm-element-container=\"modulo-texto-link\" class=\"paragraph\">Los n\u00fameros de<strong> Juli\u00e1n Alvarez <\/strong>esta temporada son indiscutibles, y le colocan como el gran l\u00edder del <strong>Atl\u00e9tico de Madrid<\/strong>. Ha anotado nueve goles y ha repartido cuatro asistencias en 15 partidos, eso quiere decir que casi participa en un tanto de los colchoneros cada partido. Una aut\u00e9ntica barbaridad.<\/p>\n<p data-gtm-element-container=\"modulo-texto-link\" class=\"paragraph\">A pesar de estos datos, la sensaci\u00f3n de muchos es que el <strong>Ara\u00f1a <\/strong>no termina de aportar en el juego lo que se espera de \u00e9l. En algunos encuentros se le ha notado que le falta la chispa que mostr\u00f3 la temporada pasada o en esta en partidos concretos como pueda ser el del <strong>Rayo Vallecano<\/strong> en el que anot\u00f3 un \u2018hat-trick\u2019.<\/p>\n<p>        LA PREVIA<\/p>\n<p>    Javier G. G\u00f3mara<\/p>\n<p>             <img loading=\"lazy\" decoding=\"async\" data-full-src=\"https:\/\/www.mundodeportivo.com\/uploads\/2025\/11\/22\/6921ad8c7d7e2.jpeg\" alt=\"Horizontal\" width=\"334\" height=\"164\" src=\"https:\/\/www.europesays.com\/es\/wp-content\/uploads\/2025\/11\/6921ad8c7d7e2.r_d.2761-1608.jpeg\" class=\"lazy\"\/><\/p>\n<p data-gtm-element-container=\"modulo-texto-link\" class=\"paragraph\">Ahora, afronta el \u00faltimo tramo de la temporada tras un inusual descanso. En esta ventana no ha ido con la Selecci\u00f3n de <strong>Argentina <\/strong>porque no lleg\u00f3 \u201cen tiempo y forma con los tr\u00e1mites sanitarios vinculados a la vacuna de la fiebre amarilla que deben tener para ingresar a <strong>Angola<\/strong>\u00ab. Pa\u00eds en el que disput\u00f3 un partido amistoso, la <strong>Albiceleste<\/strong>.<\/p>\n<p>    Lee tambi\u00e9n<\/p>\n<p data-gtm-element-container=\"modulo-texto-link\" class=\"paragraph\">Esto le ha servido para poder descansar y cargar pilas, teniendo un fin de semana libre. Algo poco habitual en un futbolista que por ejemplo la campa\u00f1a pasada solo tuvo una semana de vacaciones porque jug\u00f3 la <strong>Copa Am\u00e9rica<\/strong> y los <strong>Juegos Ol\u00edmpicos<\/strong>. Normalmente, es fijo tanto en el <strong>Atl\u00e9tico <\/strong>como con <strong>Argentina<\/strong>, a lo que se une que es un jugador que desde que lleg\u00f3 al <strong>Metropolitano <\/strong>solo se ha perdido un partido por lesi\u00f3n y otro por sanci\u00f3n.\u00a0<\/p>\n<p>        Lee tambi\u00e9n<\/p>\n<p>    Walter Zimmermann<\/p>\n<p>             <img loading=\"lazy\" decoding=\"async\" data-full-src=\"https:\/\/www.mundodeportivo.com\/uploads\/2024\/05\/15\/66451ec01a553.jpeg\" alt=\"Horizontal\" width=\"334\" height=\"164\" src=\"https:\/\/www.europesays.com\/es\/wp-content\/uploads\/2025\/11\/66451ec01a553.r_d.1913-1106.jpeg\" class=\"lazy\"\/><\/p>\n<p data-gtm-element-container=\"modulo-texto-link\" class=\"paragraph\">Un descanso que se ha visto alterado por una indisposici\u00f3n. Unos problemas que le impidieron entrenarse con el resto de sus compa\u00f1eros el pasado mi\u00e9rcoles y que le obligaron a trabajar al margen el pasado jueves. As\u00ed que est\u00e1 por ver si ese descanso que le permita recuperar su mejor versi\u00f3n, se ver\u00e1 reflejado en el partido contra el <strong>Getafe<\/strong>.<\/p>\n","protected":false},"excerpt":{"rendered":"Los n\u00fameros de Juli\u00e1n Alvarez esta temporada son indiscutibles, y le colocan como el gran l\u00edder del Atl\u00e9tico&hellip;\n","protected":false},"author":2,"featured_media":251467,"comment_status":"","ping_status":"","sticky":false,"template":"","format":"standard","meta":{"footnotes":""},"categories":[268],"tags":[168,25,24,280,282,281,23,167],"class_list":{"0":"post-251466","1":"post","2":"type-post","3":"status-publish","4":"format-standard","5":"has-post-thumbnail","7":"category-futbol","8":"tag-deportes","9":"tag-es","10":"tag-espana","11":"tag-football","12":"tag-futbol","13":"tag-soccer","14":"tag-spain","15":"tag-sports"},"share_on_mastodon":{"url":"https:\/\/pubeurope.com\/@es\/115599362930155990","error":""},"_links":{"self":[{"href":"https:\/\/www.europesays.com\/es\/wp-json\/wp\/v2\/posts\/251466","targetHints":{"allow":["GET"]}}],"collection":[{"href":"https:\/\/www.europesays.com\/es\/wp-json\/wp\/v2\/posts"}],"about":[{"href":"https:\/\/www.europesays.com\/es\/wp-json\/wp\/v2\/types\/post"}],"author":[{"embeddable":true,"href":"https:\/\/www.europesays.com\/es\/wp-json\/wp\/v2\/users\/2"}],"replies":[{"embeddable":true,"href":"https:\/\/www.europesays.com\/es\/wp-json\/wp\/v2\/comments?post=251466"}],"version-history":[{"count":0,"href":"https:\/\/www.europesays.com\/es\/wp-json\/wp\/v2\/posts\/251466\/revisions"}],"wp:featuredmedia":[{"embeddable":true,"href":"https:\/\/www.europesays.com\/es\/wp-json\/wp\/v2\/media\/251467"}],"wp:attachment":[{"href":"https:\/\/www.europesays.com\/es\/wp-json\/wp\/v2\/media?parent=251466"}],"wp:term":[{"taxonomy":"category","embeddable":true,"href":"https:\/\/www.europesays.com\/es\/wp-json\/wp\/v2\/categories?post=251466"},{"taxonomy":"post_tag","embeddable":true,"href":"https:\/\/www.europesays.com\/es\/wp-json\/wp\/v2\/tags?post=251466"}],"curies":[{"name":"wp","href":"https:\/\/api.w.org\/{rel}","templated":true}]}}