{"id":251472,"date":"2025-11-23T14:00:12","date_gmt":"2025-11-23T14:00:12","guid":{"rendered":"https:\/\/www.europesays.com\/es\/251472\/"},"modified":"2025-11-23T14:00:12","modified_gmt":"2025-11-23T14:00:12","slug":"asi-es-el-retorno-de-buffy-cazavampiros-el-fenomeno-adolescente-mas-oscuro-de-los-90","status":"publish","type":"post","link":"https:\/\/www.europesays.com\/es\/251472\/","title":{"rendered":"As\u00ed es el retorno de \u00abBuffy Cazavampiros\u00bb, el fen\u00f3meno adolescente m\u00e1s oscuro de los 90"},"content":{"rendered":"<p>En un movimiento que parece un gui\u00f1o directo a quienes crecieron en los a\u00f1os noventa, <a title=\"VinTV\" href=\"https:\/\/www.larazon.es\/television\/recuerdas-cuando-tele-molaba-vintv-tambien_2025060768441bc569892f4033698323.html\" target=\"_blank\" rel=\"nofollow noopener\">VinTV<\/a> reabre las puertas de Sunnydale con el regreso de <strong data-start=\"967\" data-end=\"1014\"><a title=\"&quot;Buffy Cazavampiros&quot;\" href=\"https:\/\/www.larazon.es\/television\/primeras-imagenes-reboot-buffy-cazavampiros_2025080968971f3c6d08be7a8a4b181c.html\" target=\"_blank\" rel=\"nofollow noopener\">\u00abBuffy Cazavampiros\u00bb<\/a> a la televisi\u00f3n lineal<\/strong>. Ya no hablamos de plataformas, de maratones o de spoilers en redes: se trata de volver a ver televisi\u00f3n como antes, con horarios fijos y episodios semanales. Y en este formato, pocas series tienen tanto sentido como esta.<\/p>\n<p><strong data-start=\"1239\" data-end=\"1312\"><strong data-start=\"967\" data-end=\"1014\"><a title=\"&quot;Buffy Cazavampiros&quot;\" href=\"https:\/\/www.larazon.es\/television\/primeras-imagenes-reboot-buffy-cazavampiros_2025080968971f3c6d08be7a8a4b181c.html\" target=\"_blank\" rel=\"nofollow noopener\">\u00abBuffy Cazavampiros\u00bb<\/a><\/strong> no fue solo una serie sobre monstruos y vampiros<\/strong>. Fue una obra que combin\u00f3 drama adolescente, dilemas existenciales y fantas\u00eda oscura con una protagonista que redefini\u00f3 lo que significaba ser hero\u00edna. Buffy Summers, interpretada por <a title=\"Sarah Michelle Gellar\" href=\"https:\/\/www.larazon.es\/television\/series\/sarah-michelle-gellar-rompe-promesa-vuelve-ser-buffy-dije-que-haria-jamas_2025102268f91f3d85cbf43a9a17a5c2.html\" target=\"_blank\" rel=\"nofollow noopener\">Sarah Michelle Gellar<\/a>, parec\u00eda una chica m\u00e1s&#8230; hasta que acept\u00f3 su destino como La Elegida, esa figura destinada a enfrentarse sola contra las criaturas de la noche.<\/p>\n<p>Pero Buffy nunca estuvo realmente sola. <strong data-start=\"1705\" data-end=\"1837\">Willow y Xander no fueron secundarios: fueron el coraz\u00f3n de una historia donde la amistad salvaba m\u00e1s vidas que cualquier estaca<\/strong>. El tr\u00edo inicial, junto al vigilante Rupert Giles \u2014ese bibliotecario con m\u00e1s capas que un grimorio antiguo\u2014, sosten\u00eda un universo que creci\u00f3 episodio tras episodio, con monstruos que eran met\u00e1foras, romances imposibles y preguntas que nadie m\u00e1s se atrev\u00eda a hacer.<\/p>\n<p>El regreso a <a title=\"VinTV\" href=\"https:\/\/www.larazon.es\/television\/recuerdas-cuando-tele-molaba-vintv-tambien_2025060768441bc569892f4033698323.html\" target=\"_blank\" rel=\"nofollow noopener\">VinTV<\/a> no es un simple reciclaje nost\u00e1lgico. <strong data-start=\"2161\" data-end=\"2361\">Es la oportunidad de revisar un relato que, sin buscarlo, acab\u00f3 hablando de salud mental, identidad, consentimiento y empoderamiento femenino antes de que esas palabras estuvieran en boca de todos<\/strong>. Incluso su relaci\u00f3n con Angel \u2014el vampiro con alma, con pasado, con culpa\u2014 sigue resonando como una de las m\u00e1s intensas del audiovisual reciente.<\/p>\n<p>La emisi\u00f3n incluir\u00e1 desde la primera temporada, donde Buffy se enfrenta al Maestro y descubre que <strong data-start=\"2608\" data-end=\"2676\">Sunnydale es mucho m\u00e1s que un pueblo sobre una Boca del Infierno<\/strong>, hasta las complejidades que llegar\u00edan despu\u00e9s. Para quienes ya la vieron, ser\u00e1 un reencuentro con una parte de s\u00ed mismos; para quienes no, es una invitaci\u00f3n a entrar en un universo que lo tiene todo: drama, humor, horror, acci\u00f3n&#8230; y personajes que no envejecen ni en el recuerdo.<\/p>\n<p>En tiempos donde se discute qu\u00e9 significa realmente una <strong data-start=\"3016\" data-end=\"3038\">expresi\u00f3n cultural<\/strong> en la televisi\u00f3n, <a title=\"&quot;Buffy Cazavampiros&quot;\" href=\"https:\/\/www.larazon.es\/television\/primeras-imagenes-reboot-buffy-cazavampiros_2025080968971f3c6d08be7a8a4b181c.html\" target=\"_blank\" rel=\"nofollow noopener\">\u00abBuffy Cazavampiros\u00bb<\/a> demuestra que lo popular no est\u00e1 re\u00f1ido con lo profundo. Volver a verla es, en cierto modo, enfrentarse otra vez a esas preguntas que nos hicimos de adolescentes&#8230; solo que ahora, con algunas respuestas nuevas. <strong data-start=\"3290\" data-end=\"3371\">Y con la certeza de que, aunque los vampiros cambien de forma, la lucha sigue<\/strong>.<\/p>\n","protected":false},"excerpt":{"rendered":"En un movimiento que parece un gui\u00f1o directo a quienes crecieron en los a\u00f1os noventa, VinTV reabre las&hellip;\n","protected":false},"author":2,"featured_media":251473,"comment_status":"","ping_status":"","sticky":false,"template":"","format":"standard","meta":{"footnotes":""},"categories":[171],"tags":[146,147,25,24,23,214],"class_list":{"0":"post-251472","1":"post","2":"type-post","3":"status-publish","4":"format-standard","5":"has-post-thumbnail","7":"category-tv","8":"tag-entertainment","9":"tag-entretenimiento","10":"tag-es","11":"tag-espana","12":"tag-spain","13":"tag-tv"},"share_on_mastodon":{"url":"https:\/\/pubeurope.com\/@es\/115599378083109058","error":""},"_links":{"self":[{"href":"https:\/\/www.europesays.com\/es\/wp-json\/wp\/v2\/posts\/251472","targetHints":{"allow":["GET"]}}],"collection":[{"href":"https:\/\/www.europesays.com\/es\/wp-json\/wp\/v2\/posts"}],"about":[{"href":"https:\/\/www.europesays.com\/es\/wp-json\/wp\/v2\/types\/post"}],"author":[{"embeddable":true,"href":"https:\/\/www.europesays.com\/es\/wp-json\/wp\/v2\/users\/2"}],"replies":[{"embeddable":true,"href":"https:\/\/www.europesays.com\/es\/wp-json\/wp\/v2\/comments?post=251472"}],"version-history":[{"count":0,"href":"https:\/\/www.europesays.com\/es\/wp-json\/wp\/v2\/posts\/251472\/revisions"}],"wp:featuredmedia":[{"embeddable":true,"href":"https:\/\/www.europesays.com\/es\/wp-json\/wp\/v2\/media\/251473"}],"wp:attachment":[{"href":"https:\/\/www.europesays.com\/es\/wp-json\/wp\/v2\/media?parent=251472"}],"wp:term":[{"taxonomy":"category","embeddable":true,"href":"https:\/\/www.europesays.com\/es\/wp-json\/wp\/v2\/categories?post=251472"},{"taxonomy":"post_tag","embeddable":true,"href":"https:\/\/www.europesays.com\/es\/wp-json\/wp\/v2\/tags?post=251472"}],"curies":[{"name":"wp","href":"https:\/\/api.w.org\/{rel}","templated":true}]}}