{"id":251474,"date":"2025-11-23T14:01:18","date_gmt":"2025-11-23T14:01:18","guid":{"rendered":"https:\/\/www.europesays.com\/es\/251474\/"},"modified":"2025-11-23T14:01:18","modified_gmt":"2025-11-23T14:01:18","slug":"arch-enemy-y-alissa-white-gluz-separan-sus-caminos","status":"publish","type":"post","link":"https:\/\/www.europesays.com\/es\/251474\/","title":{"rendered":"Arch Enemy y Alissa White-Gluz separan sus caminos"},"content":{"rendered":"<p>La banda comunica en redes sociales la salida de su vocalista<img loading=\"lazy\" decoding=\"async\" width=\"799\" height=\"1000\" data-wp-class--hide=\"state.isContentHidden\" data-wp-class--show=\"state.isContentVisible\" data-wp-init=\"callbacks.setButtonStyles\" data-wp-on-async--click=\"actions.showLightbox\" data-wp-on-async--load=\"callbacks.setButtonStyles\" data-wp-on-async-window--resize=\"callbacks.setButtonStyles\" src=\"https:\/\/www.europesays.com\/es\/wp-content\/uploads\/2025\/11\/Arch-Enemy-Comunicado.jpg\" alt=\"\" class=\"wp-image-46532\"  \/>    <\/p>\n<p><strong>Arch Enemy<\/strong> ha anunciado la salida de <strong>Alissa White-Gluz<\/strong>, vocalista del grupo desde 2014, a trav\u00e9s de una publicaci\u00f3n en Instagram. El mensaje, breve pero claro, confirma que ambas partes han decidido poner fin a su colaboraci\u00f3n despu\u00e9s de once a\u00f1os de trabajo conjunto, giras internacionales y algunos de los discos m\u00e1s reconocidos de la formaci\u00f3n sueca en su etapa reciente.<\/p>\n<p>En el comunicado, la banda expresa:<\/p>\n<p>\u00abArch Enemy se ha separado de la cantante Alissa White-Gluz. Estamos agradecidos por el tiempo y la m\u00fasica que hemos compartido y le deseamos lo mejor.<\/p>\n<p>Donde hay un final, tambi\u00e9n hay un comienzo.<\/p>\n<p>Nos vemos en 2026.\u00bb<\/p>\n<p>Por su parte, Alissa ha publicado en sus redes:<\/p>\n<p>\u201cDespu\u00e9s de 12 a\u00f1os en Arch Enemy, hemos tomado caminos separados. Estoy eternamente agradecida a los miles de incre\u00edbles fans que he conocido en el camino.<\/p>\n<p>\u00a1Gracias, Beastlings!<\/p>\n<p>No puedo esperar para compartir en lo que he estado trabajando con todos ustedes (con algunas grandes sorpresas preparadas).<\/p>\n<p>Mant\u00e9nganse atentos para grandes noticias en 2026 y nos vemos muy pronto.\u201d<\/p>\n<p>La noticia ha generado un amplio debate en la escena del metal, donde la presencia de <strong>Alissa<\/strong> marc\u00f3 un antes y un despu\u00e9s en la imagen y el sonido del grupo, heredando el puesto de <strong>Angela Gossow<\/strong> e impulsando una nueva etapa de visibilidad global para <strong>Arch Enemy<\/strong>. Por ahora, la banda no ha comunicado qui\u00e9n asumir\u00e1 el papel de vocalista.<\/p>\n<p>Cr\u00f3nica de los \u00faltimos conciertos de <strong>Arch Enemy<\/strong> con <strong>Alissa<\/strong>:<\/p>\n<p>Londres: https:\/\/metalhammer.es\/arch-enemy-amorphis-london\/<\/p>\n<p>Madrid: https:\/\/metalhammer.es\/arch-enemy-madrid-vistalegre\/<\/p>\n","protected":false},"excerpt":{"rendered":"La banda comunica en redes sociales la salida de su vocalista Arch Enemy ha anunciado la salida de&hellip;\n","protected":false},"author":2,"featured_media":251475,"comment_status":"","ping_status":"","sticky":false,"template":"","format":"standard","meta":{"footnotes":""},"categories":[170],"tags":[63680,63681,146,147,25,24,184,185,63682,23],"class_list":{"0":"post-251474","1":"post","2":"type-post","3":"status-publish","4":"format-standard","5":"has-post-thumbnail","7":"category-musica","8":"tag-alissawhitegluz","9":"tag-archenemy","10":"tag-entertainment","11":"tag-entretenimiento","12":"tag-es","13":"tag-espana","14":"tag-music","15":"tag-musica","16":"tag-noticiasrock","17":"tag-spain"},"share_on_mastodon":{"url":"https:\/\/pubeurope.com\/@es\/115599382260098393","error":""},"_links":{"self":[{"href":"https:\/\/www.europesays.com\/es\/wp-json\/wp\/v2\/posts\/251474","targetHints":{"allow":["GET"]}}],"collection":[{"href":"https:\/\/www.europesays.com\/es\/wp-json\/wp\/v2\/posts"}],"about":[{"href":"https:\/\/www.europesays.com\/es\/wp-json\/wp\/v2\/types\/post"}],"author":[{"embeddable":true,"href":"https:\/\/www.europesays.com\/es\/wp-json\/wp\/v2\/users\/2"}],"replies":[{"embeddable":true,"href":"https:\/\/www.europesays.com\/es\/wp-json\/wp\/v2\/comments?post=251474"}],"version-history":[{"count":0,"href":"https:\/\/www.europesays.com\/es\/wp-json\/wp\/v2\/posts\/251474\/revisions"}],"wp:featuredmedia":[{"embeddable":true,"href":"https:\/\/www.europesays.com\/es\/wp-json\/wp\/v2\/media\/251475"}],"wp:attachment":[{"href":"https:\/\/www.europesays.com\/es\/wp-json\/wp\/v2\/media?parent=251474"}],"wp:term":[{"taxonomy":"category","embeddable":true,"href":"https:\/\/www.europesays.com\/es\/wp-json\/wp\/v2\/categories?post=251474"},{"taxonomy":"post_tag","embeddable":true,"href":"https:\/\/www.europesays.com\/es\/wp-json\/wp\/v2\/tags?post=251474"}],"curies":[{"name":"wp","href":"https:\/\/api.w.org\/{rel}","templated":true}]}}