{"id":251476,"date":"2025-11-23T14:02:32","date_gmt":"2025-11-23T14:02:32","guid":{"rendered":"https:\/\/www.europesays.com\/es\/251476\/"},"modified":"2025-11-23T14:02:32","modified_gmt":"2025-11-23T14:02:32","slug":"la-hora-de-los-depredadores-el-diplo","status":"publish","type":"post","link":"https:\/\/www.europesays.com\/es\/251476\/","title":{"rendered":"La hora de los depredadores \u2013 El Dipl\u00f3"},"content":{"rendered":"<p>\n                        EL CAOS COMO ARMA DE LOS PODEROSOS                    <\/p>\n<p>En un mundo donde la Inteligencia Artificial est\u00e1 fuera de control, el respeto a las instituciones y los derechos es algo irrelevante para los aut\u00f3cratas y los magnates de la tecnolog\u00eda. Giuliano da Empoli, autor de \u201cEl mago del Kremlin\u201d y \u201cLos ingenieros del caos\u201d, lleva a\u00f1os movi\u00e9ndose en las altas esferas de la pol\u00edtica internacional y ha sido testigo de c\u00f3mo se est\u00e1 construyendo el nuevo orden mundial: el de los depredadores. En este adelanto de su nuevo libro, cuenta qui\u00e9nes son, qu\u00e9 piensan y cu\u00e1les son sus planes.<\/p>\n<p><img decoding=\"async\" src=\"https:\/\/www.europesays.com\/es\/wp-content\/uploads\/2025\/11\/trump-depredadores.jpg\" class=\"mx-auto w-full\"\/> Trump en la ceremonia del D\u00eda de los Veteranos en el Anfiteatro del Cementerio Nacional de Arlington, 11-11-<br \/>\n2025, Virginia (Daniel Torok\/White House)<\/p>\n<p>POST TYPE: notas_web<\/p>\n<p>Washington, noviembre de 2024<br \/>\n\u201cHa, ha, ha, I\u2019m back!\u201d Donald Trump ha empezado con esa risa hom\u00e9rica y ese anuncio amenazador varias de las llamadas telef\u00f3nicas a jefes de Estado extranjeros que ha estado haciendo. Algunos de sus interlocutores deben de haberse quedado un poco desconcertados, pero no es el caso&#8230;<\/p>\n<p>Si quer\u00e9s seguir leyendo<\/p>\n<p>Suscribite y acced\u00e9 sin l\u00edmite a todos nuestros contenidos. <\/p>\n<p> Reg\u00edstrate y disfrut\u00e1 gratis de tus primeras lecturas.<\/p>\n<p>        Si ya sos suscriptor,<br \/>\n        <a href=\"https:\/\/www.eldiplo.org\/mi-cuenta\/?form=login&amp;redirect_to=\/notas-web\/la-hora-de-los-depredadores\/\" class=\"underline font-bold hover:text-black\" rel=\"nofollow noopener\" target=\"_blank\">entr\u00e1 aqu\u00ed<\/a><\/p>\n","protected":false},"excerpt":{"rendered":"EL CAOS COMO ARMA DE LOS PODEROSOS En un mundo donde la Inteligencia Artificial est\u00e1 fuera de control,&hellip;\n","protected":false},"author":2,"featured_media":251477,"comment_status":"","ping_status":"","sticky":false,"template":"","format":"standard","meta":{"footnotes":""},"categories":[169],"tags":[177,146,147,25,24,176,175,23],"class_list":{"0":"post-251476","1":"post","2":"type-post","3":"status-publish","4":"format-standard","5":"has-post-thumbnail","7":"category-cine","8":"tag-cine","9":"tag-entertainment","10":"tag-entretenimiento","11":"tag-es","12":"tag-espana","13":"tag-film","14":"tag-movies","15":"tag-spain"},"share_on_mastodon":{"url":"https:\/\/pubeurope.com\/@es\/115599386114484717","error":""},"_links":{"self":[{"href":"https:\/\/www.europesays.com\/es\/wp-json\/wp\/v2\/posts\/251476","targetHints":{"allow":["GET"]}}],"collection":[{"href":"https:\/\/www.europesays.com\/es\/wp-json\/wp\/v2\/posts"}],"about":[{"href":"https:\/\/www.europesays.com\/es\/wp-json\/wp\/v2\/types\/post"}],"author":[{"embeddable":true,"href":"https:\/\/www.europesays.com\/es\/wp-json\/wp\/v2\/users\/2"}],"replies":[{"embeddable":true,"href":"https:\/\/www.europesays.com\/es\/wp-json\/wp\/v2\/comments?post=251476"}],"version-history":[{"count":0,"href":"https:\/\/www.europesays.com\/es\/wp-json\/wp\/v2\/posts\/251476\/revisions"}],"wp:featuredmedia":[{"embeddable":true,"href":"https:\/\/www.europesays.com\/es\/wp-json\/wp\/v2\/media\/251477"}],"wp:attachment":[{"href":"https:\/\/www.europesays.com\/es\/wp-json\/wp\/v2\/media?parent=251476"}],"wp:term":[{"taxonomy":"category","embeddable":true,"href":"https:\/\/www.europesays.com\/es\/wp-json\/wp\/v2\/categories?post=251476"},{"taxonomy":"post_tag","embeddable":true,"href":"https:\/\/www.europesays.com\/es\/wp-json\/wp\/v2\/tags?post=251476"}],"curies":[{"name":"wp","href":"https:\/\/api.w.org\/{rel}","templated":true}]}}