{"id":251486,"date":"2025-11-23T14:07:13","date_gmt":"2025-11-23T14:07:13","guid":{"rendered":"https:\/\/www.europesays.com\/es\/251486\/"},"modified":"2025-11-23T14:07:13","modified_gmt":"2025-11-23T14:07:13","slug":"diputacion-aborda-en-una-jornada-de-huelvalab-en-la-palma-del-condado-como-proteger-datos-desde-la-ciberseguridad-en-la-nube","status":"publish","type":"post","link":"https:\/\/www.europesays.com\/es\/251486\/","title":{"rendered":"Diputaci\u00f3n aborda en una jornada de HuelvaLAB en La Palma del Condado c\u00f3mo proteger datos desde la ciberseguridad en la nube"},"content":{"rendered":"<p>La Diputaci\u00f3n Provincial de Huelva, a trav\u00e9s de su iniciativa HuelvaLAB y en colaboraci\u00f3n con el Ayuntamiento de La Palma del Condado, celebrar\u00e1 el pr\u00f3ximo viernes 28 de noviembre una jornada pr\u00e1ctica sobre ciberseguridad orientada a profesionales del sector agro y otros \u00e1mbitos que trabajan con datos sensibles en entornos digitalizados. La sesi\u00f3n tendr\u00e1 lugar en el Sal\u00f3n de Actos del Ayuntamiento a partir de las 9:30 horas.<\/p>\n<p>La actividad, titulada \u00abCiberseguridad en la nube: protegiendo los datos en entornos conectados del agro y otros \u00e1mbitos profesionales\u00bb, tiene como objetivo sensibilizar sobre los riesgos m\u00e1s habituales asociados al uso de servicios en la nube, as\u00ed como ofrecer pautas claras para prevenir brechas de seguridad que puedan derivar en p\u00e9rdida de informaci\u00f3n, interrupci\u00f3n de operaciones o da\u00f1os reputacionales.<\/p>\n<p>La jornada se enmarca en el compromiso de la Diputaci\u00f3n Provincial con la digitalizaci\u00f3n, la innovaci\u00f3n y la seguridad tecnol\u00f3gica en sectores estrat\u00e9gicos de la provincia. Desde HuelvaLAB, proyecto coordinado por el Servicio de Tecnolog\u00eda de la Informaci\u00f3n, se promueven acciones que contribuyen a fortalecer las capacidades digitales de empresas, entidades y profesionales, con especial atenci\u00f3n a las actividades vinculadas al sector agroforestal.<\/p>\n<p><strong>Contenido de la Jornada<\/strong><\/p>\n<p>El encuentro ser\u00e1 inaugurado por la alcaldesa de La Palma del Condado y vicepresidenta de la Diputaci\u00f3n Provincial, Roc\u00edo Moreno Dom\u00ednguez, y contar\u00e1 con la intervenci\u00f3n de Ram\u00f3n Salado como ponente. Este especialista en ciberseguridad es director de tecnolog\u00eda en BeeHackers, OWASP coleader, HackTheBox Ambassador y cibercooperante de INCIBE.<\/p>\n<p>Salado acumula m\u00e1s de quince a\u00f1os de experiencia en el sector, cinco de ellos en la Administraci\u00f3n P\u00fablica, y es docente en programas de posgrado de la Universidad de Sevilla, la UNIA y la C\u00e1mara de Comercio de Sevilla. Adem\u00e1s, est\u00e1 certificado en OSCP, CEH, LPIC y por el MIT (Massachusetts Institute of Technology) en Cybersecurity: Technology, Application and Policy.<\/p>\n<p>Durante su intervenci\u00f3n el ponente analizar\u00e1 vulnerabilidades habituales en el trabajo en la nube, ejemplos reales de incidentes y las medidas necesarias para que organizaciones y profesionales adopten una cultura de seguridad activa. Igualmente, la conferencia abordar\u00e1 cuestiones como el cifrado, el control de accesos, la autenticaci\u00f3n segura y la correcta gesti\u00f3n de identidades digitales, as\u00ed como el valor de la confianza digital en procesos de transformaci\u00f3n tecnol\u00f3gica.<\/p>\n<p>El programa incluye tambi\u00e9n una presentaci\u00f3n del Centro de Operaciones de Ciberseguridad de las Entidades Locales (COCS-EELL), a cargo de Pablo Borrero Mora, coordinador t\u00e9cnico in situ de la provincia de Huelva.<\/p>\n<p>La jornada finalizar\u00e1 con un desayuno de conexi\u00f3n profesional, pensado para favorecer el intercambio de experiencias entre asistentes y reforzar la red de colaboraci\u00f3n.<\/p>\n<p><strong>Inscripci\u00f3n abierta<\/strong><\/p>\n<p>La participaci\u00f3n es gratuita y las plazas son limitadas por el aforo. Para asistir es necesario completar el formulario disponible en el siguiente enlace https:\/\/forms.gle\/ePaVegSu6TFtVGiT6 o enviar un mensaje a HuelvaLAB por Whatsapp al tel\u00e9fono +34 637 95 72 02.<\/p>\n<p>Con actividades como esta la iniciativa de la Diputaci\u00f3n Provincial HuelvaLAB refuerza su papel como un espacio de capacitaci\u00f3n, apoyo y acompa\u00f1amiento en materia de digitalizaci\u00f3n, seguridad tecnol\u00f3gica e innovaci\u00f3n aplicada a sectores claves del territorio.<\/p>\n","protected":false},"excerpt":{"rendered":"La Diputaci\u00f3n Provincial de Huelva, a trav\u00e9s de su iniciativa HuelvaLAB y en colaboraci\u00f3n con el Ayuntamiento de&hellip;\n","protected":false},"author":2,"featured_media":251487,"comment_status":"","ping_status":"","sticky":false,"template":"","format":"standard","meta":{"footnotes":""},"categories":[80],"tags":[82,95,94,25,24,23],"class_list":{"0":"post-251486","1":"post","2":"type-post","3":"status-publish","4":"format-standard","5":"has-post-thumbnail","7":"category-economia","8":"tag-business","9":"tag-economia","10":"tag-economy","11":"tag-es","12":"tag-espana","13":"tag-spain"},"share_on_mastodon":{"url":"https:\/\/pubeurope.com\/@es\/115599406523021077","error":""},"_links":{"self":[{"href":"https:\/\/www.europesays.com\/es\/wp-json\/wp\/v2\/posts\/251486","targetHints":{"allow":["GET"]}}],"collection":[{"href":"https:\/\/www.europesays.com\/es\/wp-json\/wp\/v2\/posts"}],"about":[{"href":"https:\/\/www.europesays.com\/es\/wp-json\/wp\/v2\/types\/post"}],"author":[{"embeddable":true,"href":"https:\/\/www.europesays.com\/es\/wp-json\/wp\/v2\/users\/2"}],"replies":[{"embeddable":true,"href":"https:\/\/www.europesays.com\/es\/wp-json\/wp\/v2\/comments?post=251486"}],"version-history":[{"count":0,"href":"https:\/\/www.europesays.com\/es\/wp-json\/wp\/v2\/posts\/251486\/revisions"}],"wp:featuredmedia":[{"embeddable":true,"href":"https:\/\/www.europesays.com\/es\/wp-json\/wp\/v2\/media\/251487"}],"wp:attachment":[{"href":"https:\/\/www.europesays.com\/es\/wp-json\/wp\/v2\/media?parent=251486"}],"wp:term":[{"taxonomy":"category","embeddable":true,"href":"https:\/\/www.europesays.com\/es\/wp-json\/wp\/v2\/categories?post=251486"},{"taxonomy":"post_tag","embeddable":true,"href":"https:\/\/www.europesays.com\/es\/wp-json\/wp\/v2\/tags?post=251486"}],"curies":[{"name":"wp","href":"https:\/\/api.w.org\/{rel}","templated":true}]}}