{"id":251488,"date":"2025-11-23T14:08:13","date_gmt":"2025-11-23T14:08:13","guid":{"rendered":"https:\/\/www.europesays.com\/es\/251488\/"},"modified":"2025-11-23T14:08:13","modified_gmt":"2025-11-23T14:08:13","slug":"necesitamos-una-realidad-compartida-hannah-arendt-el-antidoto-contra-los-hechos-alternativos-ideas","status":"publish","type":"post","link":"https:\/\/www.europesays.com\/es\/251488\/","title":{"rendered":"Necesitamos una realidad compartida: Hannah Arendt, el ant\u00eddoto contra los hechos alternativos | Ideas"},"content":{"rendered":"<p class=\"\">El 4 de diciembre de 1975, <a href=\"https:\/\/elpais.com\/cultura\/2020\/05\/29\/babelia\/1590760982_169067.html\" target=\"_blank\" rel=\"noreferrer nofollow noopener\" title=\"https:\/\/elpais.com\/cultura\/2020\/05\/29\/babelia\/1590760982_169067.html\">Hannah Arendt<\/a> mor\u00eda en su apartamento de Nueva York cuando un infarto fulminante la sorprendi\u00f3 en mitad de una conversaci\u00f3n con amigos. Al d\u00eda siguiente encontraron en su m\u00e1quina de escribir una hoja a medio comenzar con una sola palabra escrita: \u201cJudging\u201d. Juzgar. Aquella palabra solitaria qued\u00f3 como un testamento involuntario, como si Arendt hubiera querido decirnos, en el \u00faltimo momento, que de todas las facultades humanas que hab\u00eda explorado a lo largo de su vida intelectual \u2014la acci\u00f3n, la libertad, el pensamiento, la natalidad\u2014 hab\u00eda una que merec\u00eda ser rescatada con urgencia para nuestro tiempo: la capacidad de juzgar.<\/p>\n<p class=\"\">Cincuenta a\u00f1os tras su muerte, ese pensamiento inconcluso resuena con inquietante actualidad. Vivimos una \u00e9poca donde <a href=\"https:\/\/elpais.com\/salud-y-bienestar\/2023-10-02\/las-redes-sociales-nos-animan-a-tener-una-opinion-sobre-todo-dan-lyons-analiza-como-los-bocazas-estan-arruinando-el-mundo.html\" target=\"_blank\" rel=\"nofollow noopener\" title=\"https:\/\/elpais.com\/salud-y-bienestar\/2023-10-02\/las-redes-sociales-nos-animan-a-tener-una-opinion-sobre-todo-dan-lyons-analiza-como-los-bocazas-estan-arruinando-el-mundo.html\">todos opinamos sobre todo<\/a> y las redes sociales amplifican cada juicio instant\u00e1neo, cada veredicto emocional. Y sin embargo, hemos perdido algo esencial: la capacidad de discernir entre lo verdadero y lo falso, de orientarnos en un mundo que se desmorona bajo nuestros pies. El folio inconcluso de Arendt no era solo el borrador de un cap\u00edtulo filos\u00f3fico, sino una pregunta lanzada desde el futuro: \u00bfqu\u00e9 ocurre cuando una sociedad pierde la facultad de juzgar pol\u00edticamente?<\/p>\n<p>M\u00e1s informaci\u00f3nEl bur\u00f3crata en la jaula de cristal<\/p>\n<p class=\"\">Para entender por qu\u00e9 Arendt se obsesion\u00f3 con el juicio hasta convertirlo en el tema de sus \u00faltimos a\u00f1os, hay que volver a Jerusal\u00e9n. Es abril de 1961 y <a href=\"https:\/\/elpais.com\/elpais\/2013\/07\/25\/opinion\/1374764105_218903.html\" target=\"_blank\" rel=\"nofollow noopener\" title=\"https:\/\/elpais.com\/elpais\/2013\/07\/25\/opinion\/1374764105_218903.html\">Arendt viaja como corresponsal de la revista The New Yorker<\/a> a cubrir el juicio contra Adolf Eichmann, el nazi responsable de la log\u00edstica del Holocausto. Esperaba encontrar un monstruo, la encarnaci\u00f3n del mal radical, alguien cuya maldad pudiera explicar lo inexplicable. Lo que vio la dej\u00f3 perpleja de una manera que ninguna teor\u00eda filos\u00f3fica pod\u00eda resolver.<\/p>\n<p class=\"\">Dentro de la jaula de cristal construida para protegerlo en el tribunal, <a href=\"https:\/\/elpais.com\/ideas\/2024-12-15\/senti-que-el-angel-de-la-muerte-venia-a-llevarme.html\" target=\"_blank\" rel=\"nofollow noopener\" title=\"https:\/\/elpais.com\/ideas\/2024-12-15\/senti-que-el-angel-de-la-muerte-venia-a-llevarme.html\">Eichmann no parec\u00eda un demonio<\/a>. Era un hombre gris, mediocre, que hablaba en clich\u00e9s burocr\u00e1ticos y repet\u00eda frases hechas. \u201cSimplemente cumpl\u00eda \u00f3rdenes\u201d, dec\u00eda una y otra vez. No mostraba sadismo ni odio visceral, m\u00e1s bien daba la impresi\u00f3n de alguien profundamente irreflexivo, incapaz de ponerse en el lugar de otros o imaginar el sufrimiento que hab\u00eda administrado con eficiencia germ\u00e1nica. Arendt lo describir\u00eda como alguien de una \u201cmanifiesta superficialidad\u201d, y de esa experiencia desconcertante nacer\u00eda uno de los conceptos m\u00e1s potentes y controvertidos del pensamiento pol\u00edtico contempor\u00e1neo: la banalidad del mal. Arendt no estaba diciendo que el Holocausto fuera banal, sino algo mucho m\u00e1s inquietante: que el mal extremo puede surgir, no de la maldad consciente o la perversi\u00f3n deliberada, sino de la simple ausencia de pensamiento. Eichmann era peligroso precisamente porque hab\u00eda dejado de pensar, apagando ese di\u00e1logo interior que nos hace preguntarnos: \u00bfqu\u00e9 estoy haciendo? \u00bfPuedo vivir conmigo mismo despu\u00e9s de esto?<\/p>\n<p class=\"\">La pregunta que la persigui\u00f3 durante a\u00f1os fue radical: si amigos y colegas para quienes \u201cla moralidad iba de suyo\u201d adoptaron sin escr\u00fapulos un c\u00f3digo de conducta criminal durante el nazismo, \u00bfqu\u00e9 fundamento ten\u00eda realmente la moralidad? Los grandes paradigmas \u00e9ticos \u2014el deber kantiano, los fines aristot\u00e9licos, el utilitarismo\u2014 no impidieron que una sociedad altamente civilizada se coordinara casi autom\u00e1ticamente en la barbarie. \u00bfQu\u00e9 queda, entonces, cuando todas las normas colapsan? La respuesta fue tan sencilla como exigente: nuestra capacidad de juzgar por nosotros mismos, sin pasamanos a los que aferrarnos, la misma facultad que Eichmann hab\u00eda abandonado reemplazando el pensamiento por la obediencia, por el cumplimiento mec\u00e1nico de reglas. <a href=\"https:\/\/elpais.com\/elpais\/2021\/05\/10\/laboratorio_de_felicidad\/1620678896_693491.html\" target=\"_blank\" rel=\"nofollow noopener\" title=\"https:\/\/elpais.com\/elpais\/2021\/05\/10\/laboratorio_de_felicidad\/1620678896_693491.html\">No hab\u00eda decisi\u00f3n en \u00e9l<\/a>, no hab\u00eda conciencia, no hab\u00eda juicio. Solo repetici\u00f3n y sumisi\u00f3n. Y eso \u2014descubri\u00f3 Arendt con horror\u2014 es m\u00e1s peligroso que cualquier forma de maldad deliberada. Porque mientras el mal radical es excepcional, la banalidad del mal puede extenderse como una epidemia. Todos podemos caer en ella, s\u00f3lo hace falta dejar de pensar.<\/p>\n<p>El coraje de la imparcialidad<\/p>\n<p class=\"\">Su retrato de Eichmann cay\u00f3 como una bomba, especialmente entre la comunidad jud\u00eda, pero algo desat\u00f3 una pol\u00e9mica mayor: sus observaciones sobre el papel de <a href=\"https:\/\/elpais.com\/cultura\/2020\/01\/14\/babelia\/1579022302_584315.html\" target=\"_blank\" rel=\"noreferrer nofollow noopener\" title=\"https:\/\/elpais.com\/cultura\/2020\/01\/14\/babelia\/1579022302_584315.html\">los Consejos Jud\u00edos<\/a>, los Judenr\u00e4te. Arendt, con una mirada anal\u00edtica que muchos interpretaron como cruel, denunci\u00f3 que hab\u00edan facilitado la log\u00edstica del genocidio, elaborando, entre otras cosas, listas de deportados a los campos de concentraci\u00f3n. Fue acusada de falta de empat\u00eda, insensibilidad y de traicionar a su propio pueblo, pero lo que sus cr\u00edticos no quisieron entender es que Arendt practicaba algo que ella misma hab\u00eda teorizado: la imparcialidad hom\u00e9rica. Aqu\u00ed reside toda su belleza, y su exigencia.<\/p>\n<p class=\"\">En la Il\u00edada, <a href=\"https:\/\/elpais.com\/chile\/2025-07-20\/ver-con-los-ojos-del-otro-lecciones-desde-troya.html\" target=\"_blank\" rel=\"noreferrer nofollow noopener\" title=\"https:\/\/elpais.com\/chile\/2025-07-20\/ver-con-los-ojos-del-otro-lecciones-desde-troya.html\">Homero canta tanto a H\u00e9ctor como a Aquiles<\/a>, no guarda silencio sobre el hombre vencido. Aunque los dioses decidieran de antemano la victoria griega, el poema \u201cno convierte a Aquiles en m\u00e1s grande que H\u00e9ctor ni la causa de los griegos en m\u00e1s leg\u00edtima que la defensa de Troya\u201d, escribe Arendt. H\u00e9ctor y Aquiles son igualmente memorables y humanos, igualmente dignos de ser recordados. Esa es la imparcialidad hom\u00e9rica: la capacidad de ver la grandeza en ambos lados de un conflicto sin perder el juicio sobre lo que ocurri\u00f3. Arendt entendi\u00f3 que era lo \u00fanico que pod\u00eda hacer reversible el olvido y la aniquilaci\u00f3n. Cuando un pueblo pierde su libertad como Estado, nos dijo, pierde su realidad pol\u00edtica, incluso si consigue sobrevivir f\u00edsicamente. Pero Homero logra que ni la derrota ni la victoria borren la grandeza de los personajes y sus haza\u00f1as. Lo destruido \u2014una ciudad, un h\u00e9roe, una civilizaci\u00f3n\u2014 puede permanecer en la memoria colectiva gracias al relato. La aniquilaci\u00f3n total solo ocurre cuando algo o alguien es olvidado por completo.<\/p>\n<p class=\"\">Por eso, en Jerusal\u00e9n, <a href=\"https:\/\/elpais.com\/elpais\/2017\/02\/01\/opinion\/1485961617_815419.html\" target=\"_blank\" rel=\"noreferrer nofollow noopener\" title=\"https:\/\/elpais.com\/elpais\/2017\/02\/01\/opinion\/1485961617_815419.html\">Arendt no quiso obviar las verdades inc\u00f3modas<\/a> y mir\u00f3 la realidad tal como se presentaba, incluso siendo dolorosa, incluso cuando contradec\u00eda narrativas autorreconfortantes. Es la belleza terrible de la imparcialidad hom\u00e9rica: exige que miremos al mundo como realmente es, no como quisi\u00e9ramos que fuera, que honremos a H\u00e9ctor a\u00fan sabiendo que caer\u00e1, que reconozcamos las decisiones de los Judenr\u00e4te sin olvidar sus consecuencias. Y hoy, esa lecci\u00f3n resuena con urgencia, pues nos enfrentamos al mismo dilema, pero a una escala que Arendt apenas pudo intuir. \u00bfQu\u00e9 ocurre cuando la posibilidad misma de ejercer esa imparcialidad, de ver el mundo desde m\u00faltiples perspectivas sin perder el juicio, desaparece? \u00bfCuando ya no hay un mundo com\u00fan que mirar, sino s\u00f3lo burbujas informativas, realidades paralelas, verdades tribales?<\/p>\n<p>Elon Musk: cuando el juicio pol\u00edtico se vuelve imposible<\/p>\n<p class=\"\">La palabra que Arendt tecle\u00f3 en su m\u00e1quina de escribir se\u00f1ala hacia nuestra crisis contempor\u00e1nea. Lo que vivimos no es solo la proliferaci\u00f3n de mentiras, sino algo m\u00e1s profundo: la destrucci\u00f3n sistem\u00e1tica de las condiciones que hacen posible el juicio pol\u00edtico. Y Elon Musk encarna esta destrucci\u00f3n con claridad brutal. No es solo un mentiroso m\u00e1s, sino alguien que ha trascendido completamente la necesidad de operar en un mundo com\u00fan. Puede, sencillamente, imponer su perspectiva algor\u00edtmicamente en X, amplificar su voz y la de quienes piensan como \u00e9l mientras silencia o invisibiliza a quienes disienten. <\/p>\n<p class=\"\">El 20 de enero de 2025, tras la investidura de Trump, <a href=\"https:\/\/elpais.com\/tecnologia\/2025-01-22\/no-creas-a-tus-ojos-el-saludo-nazi-de-musk-y-el-mayor-experimento-de-luz-de-gas-de-la-historia.html\" target=\"_blank\" rel=\"noreferrer nofollow noopener\" title=\"https:\/\/elpais.com\/tecnologia\/2025-01-22\/no-creas-a-tus-ojos-el-saludo-nazi-de-musk-y-el-mayor-experimento-de-luz-de-gas-de-la-historia.html\">Musk hizo un gesto que muchos interpretamos como un saludo nazi<\/a>. \u00c9l lo neg\u00f3, pero lo relevante no es si lo fue o no. Lo se\u00f1al\u00f3 la escritora Samantha Rose Hill: \u201cEl objetivo es debilitar tu capacidad para distinguir los hechos de la ficci\u00f3n, para que cuestiones si conf\u00edas o no en tu propio juicio sobre lo que viste\u201d. Es exactamente lo opuesto al juicio arendtiano, pues para Arendt la realidad no es algo que percibimos de forma aislada. Necesitamos que otros la validen y reconozcan. Cuando varios percibimos el mismo objeto o fen\u00f3meno, aunque desde diferentes perspectivas, se genera una confianza en esa realidad compartida. Eso es el sentido com\u00fan: no una facultad individual, sino la capacidad de orientarnos juntos en el mundo.<\/p>\n<p class=\"\">Musk busca destruir eso. Cuando, en su investidura, Trump mencion\u00f3 <a href=\"https:\/\/elpais.com\/america-colombia\/2025-01-25\/trump-y-su-investidura-de-teocrata-imperial.html\" target=\"_blank\" rel=\"noreferrer nofollow noopener\" title=\"https:\/\/elpais.com\/america-colombia\/2025-01-25\/trump-y-su-investidura-de-teocrata-imperial.html\">\u201cla revoluci\u00f3n del sentido com\u00fan\u201d<\/a>, sab\u00eda bien lo que hac\u00eda. Los aut\u00f3cratas entienden que el sentido com\u00fan es el puente que conecta nuestra percepci\u00f3n individual con la de los dem\u00e1s y nos permite construir una realidad compartida. Sin \u00e9l, las experiencias quedan encerradas en nuestra subjetividad y es imposible alcanzar acuerdo alguno sobre lo que es o no real. Pero Musk no es una anomal\u00eda: <a href=\"https:\/\/elpais.com\/tecnologia\/2022-12-09\/que-son-los-archivos-de-twitter-la-guerra-por-la-verdad-en-la-era-musk.html\" target=\"_blank\" rel=\"noreferrer nofollow noopener\" title=\"https:\/\/elpais.com\/tecnologia\/2022-12-09\/que-son-los-archivos-de-twitter-la-guerra-por-la-verdad-en-la-era-musk.html\">es el actor pol\u00edtico ideal en la era de la posverdad<\/a>, alguien que quiere romper el mundo com\u00fan porque no lo necesita. Tiene el dinero para comprar la infraestructura comunicativa, el alcance para fabricar su propia realidad y seguidores dispuestos a creer que lo suyo es \u201csentido com\u00fan\u201d, aunque contradiga lo que ven con sus propios ojos.<\/p>\n<p class=\"\">Mientras la imparcialidad hom\u00e9rica requiere imaginar c\u00f3mo ver\u00eda el mundo alguien distinto a nosotros y ejercer ese \u201cpensamiento ampliado\u201d que nos permite juzgar pol\u00edticamente, la perspectiva meramente privada de Musk \u2014sus intuiciones, prejuicios e intereses econ\u00f3micos\u2014 se eleva a verdad universal sin mediaci\u00f3n del debate p\u00fablico ni verificaci\u00f3n factual. Es una suerte de solipsismo masivo: una mirada radicalmente privada amplificada hasta parecer com\u00fan. Sin hechos compartidos, cuando cada tribu habita su propia realidad, el poderoso puede simplemente fabricar su verdad. No necesita imparcialidad, pues no necesita convencer a nadie fuera de su burbuja. Basta con que sus seguidores repitan sus palabras, que el algoritmo amplifique su mensaje y que la confusi\u00f3n reine.<\/p>\n<p><img alt=\"Hannah Arendt\" decoding=\"auto\" class=\"_re lazyload a_m-h\" height=\"352\"  width=\"414\"  src=\"https:\/\/www.europesays.com\/es\/wp-content\/uploads\/2025\/11\/NG3WIZW35FFGVNOCLJDQRMYJNM.jpg\" loading=\"lazy\"\/>La fil\u00f3sofa y ensayista estadounidense de origen alem\u00e1n Hannah Arendt en 1949.Fred Stein Archive ( Getty Images )La BBC: cuando la imparcialidad se vuelve par\u00e1lisis<\/p>\n<p class=\"\">Si Musk encarna la destrucci\u00f3n del mundo compartido,<a href=\"https:\/\/elpais.com\/internacional\/2025-11-13\/la-bbc-pide-disculpas-a-trump-pero-rechaza-compensarle-economicamente-por-su-error.html\" target=\"_blank\" rel=\"noreferrer nofollow noopener\" title=\"https:\/\/elpais.com\/internacional\/2025-11-13\/la-bbc-pide-disculpas-a-trump-pero-rechaza-compensarle-economicamente-por-su-error.html\"> la reciente crisis de la BBC<\/a> muestra algo igualmente preocupante: la par\u00e1lisis institucional de quienes ya no saben c\u00f3mo preservarlo. En octubre de 2024, la BBC emiti\u00f3 un documental sobre Trump en el que editores juntaron fragmentos separados de su discurso del 6 de enero de 2021. <a href=\"https:\/\/elpais.com\/internacional\/2025-11-12\/la-bbc-afronta-una-crisis-sin-precedentes-por-el-documental-sobre-trump-error-de-juicio-o-manipulacion.html\" target=\"_blank\" rel=\"noreferrer nofollow noopener\" title=\"https:\/\/elpais.com\/internacional\/2025-11-12\/la-bbc-afronta-una-crisis-sin-precedentes-por-el-documental-sobre-trump-error-de-juicio-o-manipulacion.html\">\u00bfFue un error t\u00e9cnico o sesgo editorial?<\/a> La pregunta es una trampa: lo significativo es que la BBC no supo c\u00f3mo responder. La verdad factual es que Trump fue central en el asalto al Capitolio. Atrapada entre acusaciones contradictorias \u2014muy progresista para unos, normalizadora del autoritarismo para otros\u2014, la BBC qued\u00f3 paralizada. Varios cargos dimitieron. La instituci\u00f3n que durante d\u00e9cadas fue el referente del periodismo riguroso ya no sabe c\u00f3mo juzgar porque ha olvidado que la imparcialidad no es sin\u00f3nimo de neutralidad mec\u00e1nica. Como se\u00f1ala Mary Beard, la imparcialidad como regla mec\u00e1nica produce absurdos: hace solo unos a\u00f1os, la BBC invitaba regularmente a <a href=\"https:\/\/elpais.com\/clima-y-medio-ambiente\/2025-10-29\/mas-de-500000-muertos-al-ano-por-calor-el-negacionismo-y-la-inaccion-climatica-amenazan-la-vida-de-millones-de-personas.html\" target=\"_self\" rel=\"nofollow noopener\" title=\"https:\/\/elpais.com\/clima-y-medio-ambiente\/2025-10-29\/mas-de-500000-muertos-al-ano-por-calor-el-negacionismo-y-la-inaccion-climatica-amenazan-la-vida-de-millones-de-personas.html\">negacionistas del cambio clim\u00e1tico<\/a> para dar \u201cbalance\u201d a las noticias sobre el clima. Lo que la BBC ha olvidado es que la imparcialidad exige juicio, no neutralidad.<\/p>\n<p class=\"\">Porque la imparcialidad no consiste en dar el mismo tiempo de palabra a Aquiles y a H\u00e9ctor y pesar sus argumentos en una burocr\u00e1tica balanza. Consiste en no perder el juicio sobre lo que ocurri\u00f3. Homero no dice \u201clos griegos ten\u00edan raz\u00f3n\u201d, ni tampoco pretende que la guerra no existiese o que los bandos fuesen intercambiables. El poema hom\u00e9rico juzga: muestra violencia, p\u00e9rdida, sinsentido, gloria, tragedia. Y al hacerlo, preserva la memoria de lo que realmente sucedi\u00f3.<\/p>\n<p class=\"\">Pero la BBC se dedica a la equidistancia procedimental dando igual espacio a quien afirma hechos verificables y defiende la democracia y a quien difunde mentiras y amenaza con fusilamientos. Como si la imparcialidad consistiera en no juzgar nunca y mantenerse en un punto medio imaginario entre dos extremos. Eso no es imparcialidad sino abdicaci\u00f3n del juicio, y Arendt fue muy clara al respecto: frente a la verdad factual, no hay lugar para la equidistancia. <a href=\"https:\/\/elpais.com\/internacional\/elecciones-usa\/2020-11-06\/trump-acusa-sin-pruebas-a-biden-de-querer-robar-las-elecciones-con-votos-ilegales.html\" target=\"_blank\" rel=\"noreferrer nofollow noopener\" title=\"https:\/\/elpais.com\/internacional\/elecciones-usa\/2020-11-06\/trump-acusa-sin-pruebas-a-biden-de-querer-robar-las-elecciones-con-votos-ilegales.html\">Que Trump diga que las elecciones fueron robada<\/a>s no merece el mismo cr\u00e9dito que la evidencia de que no hubo fraude. Si Musk hace un saludo nazi, no puede pretender que quienes lo vimos estemos igual de equivocados que quienes lo niegan. La imparcialidad exige reconocer los hechos y juzgarlos desde m\u00faltiples perspectivas, no fingir que no han existido.<\/p>\n<p>El testamento de Arendt<\/p>\n<p class=\"\">Siempre ha habido mentira en pol\u00edtica, pero lo que define <a href=\"https:\/\/elpais.com\/opinion\/2020-06-09\/la-era-de-la-posverdad.html\" target=\"_blank\" rel=\"noreferrer nofollow noopener\" title=\"https:\/\/elpais.com\/opinion\/2020-06-09\/la-era-de-la-posverdad.html\">la era de la posverdad<\/a> es otra cosa: el cinismo generalizado que destruye nuestra capacidad de orientarnos en el mundo. No se trata de que creamos las mentiras de Trump o Musk, sino de que dejemos de creer en la posibilidad misma de una verdad compartida y nos encerremos en nuestras burbujas, donde todo confirma lo que ya pens\u00e1bamos. De que sustituyamos el juicio pol\u00edtico \u2014el ejercicio exigente de pensar desde m\u00faltiples perspectivas\u2014 por la repetici\u00f3n tribal de consignas.<\/p>\n<p class=\"\">Cuando las mentiras se multiplican, el resultado no es cre\u00e9rnoslas, sino que perdemos la fe en la verdad y somos susceptibles de creer cualquier cosa. Cuando el cinismo reina sobre la verdad, las mentiras no reemplazan la realidad, les basta con hacerla tambalear. Y cuando ocurre, como escribi\u00f3 <a href=\"https:\/\/elpais.com\/cultura\/2020\/05\/28\/babelia\/1590678773_773242.html\" target=\"_blank\" rel=\"noreferrer nofollow noopener\" title=\"https:\/\/elpais.com\/cultura\/2020\/05\/28\/babelia\/1590678773_773242.html\">Arendt en Los or\u00edgenes del totalitarismo<\/a>, dejamos de protestar cuando nos enga\u00f1an y pasamos a admirar la \u201csuperior astucia t\u00e1ctica\u201d del l\u00edder. \u00bfC\u00f3mo salvar esta trampa? Arendt dir\u00eda que la soluci\u00f3n pasa por recuperar nuestra capacidad ciudadana de juzgar y hacerlo como ella hizo en Jerusal\u00e9n: con el coraje de registrar nuestra propia experiencia del mundo y decir lo que vemos aunque contradiga las narrativas consoladoras, reconociendo la complejidad sin renunciar al juicio. Juzgar sin pasamanos, sin a prioris que nos digan mec\u00e1nicamente qu\u00e9 pensar, sin disolvernos en la masa, la inercia o la obediencia sin rostro. <\/p>\n<p class=\"\">Necesitamos reconstruir un mundo donde los hechos importen, donde el sentido com\u00fan nos permita orientarnos juntos y podamos discrepar sobre el significado de lo que vemos, pero hayamos acordado que vimos lo mismo. Necesitamos escuchar a H\u00e9ctor y a Aquiles sin perder nuestro propio juicio sobre lo que est\u00e1 bien o mal. Por eso la \u00faltima hoja de Arendt es un testamento pol\u00edtico para nuestro tiempo. Cincuenta a\u00f1os tras su muerte, nos sigue diciendo que la democracia necesita ciudadanos que se atrevan a juzgar. Ese es su legado. Su exigencia. Y tambi\u00e9n su \u00faltimo regalo: la certeza de que, si queremos, a\u00fan podemos recuperar algo que nunca debimos perder.<\/p>\n","protected":false},"excerpt":{"rendered":"El 4 de diciembre de 1975, Hannah Arendt mor\u00eda en su apartamento de Nueva York cuando un infarto&hellip;\n","protected":false},"author":2,"featured_media":251489,"comment_status":"","ping_status":"","sticky":false,"template":"","format":"standard","meta":{"footnotes":""},"categories":[42],"tags":[1660,63684,17,18,352,11405,13,14,5266,44765,11,1663,26263,61,62,63,64,13860,63683,2128,19,20,9,10,15,16,1925,35647,492,12,21,22,65,66,67],"class_list":{"0":"post-251488","1":"post","2":"type-post","3":"status-publish","4":"format-standard","5":"has-post-thumbnail","7":"category-internacional","8":"tag-alemania","9":"tag-bbc-news","10":"tag-breaking-news","11":"tag-breakingnews","12":"tag-donald-trump","13":"tag-elon-musk","14":"tag-featured-news","15":"tag-featurednews","16":"tag-filosofia","17":"tag-hannah-arendt","18":"tag-headlines","19":"tag-holocausto-judio","20":"tag-homero","21":"tag-internacional","22":"tag-international","23":"tag-international-news","24":"tag-internationalnews","25":"tag-jerusalen","26":"tag-juicio-nuremberg","27":"tag-juicios","28":"tag-latest-news","29":"tag-latestnews","30":"tag-news","31":"tag-noticias","32":"tag-noticias-destacadas","33":"tag-noticiasdestacadas","34":"tag-opinion","35":"tag-siglo-xxi","36":"tag-sociedad","37":"tag-titulares","38":"tag-ultimas-noticias","39":"tag-ultimasnoticias","40":"tag-world","41":"tag-world-news","42":"tag-worldnews"},"share_on_mastodon":{"url":"","error":"Validation failed: Text character limit of 500 exceeded"},"_links":{"self":[{"href":"https:\/\/www.europesays.com\/es\/wp-json\/wp\/v2\/posts\/251488","targetHints":{"allow":["GET"]}}],"collection":[{"href":"https:\/\/www.europesays.com\/es\/wp-json\/wp\/v2\/posts"}],"about":[{"href":"https:\/\/www.europesays.com\/es\/wp-json\/wp\/v2\/types\/post"}],"author":[{"embeddable":true,"href":"https:\/\/www.europesays.com\/es\/wp-json\/wp\/v2\/users\/2"}],"replies":[{"embeddable":true,"href":"https:\/\/www.europesays.com\/es\/wp-json\/wp\/v2\/comments?post=251488"}],"version-history":[{"count":0,"href":"https:\/\/www.europesays.com\/es\/wp-json\/wp\/v2\/posts\/251488\/revisions"}],"wp:featuredmedia":[{"embeddable":true,"href":"https:\/\/www.europesays.com\/es\/wp-json\/wp\/v2\/media\/251489"}],"wp:attachment":[{"href":"https:\/\/www.europesays.com\/es\/wp-json\/wp\/v2\/media?parent=251488"}],"wp:term":[{"taxonomy":"category","embeddable":true,"href":"https:\/\/www.europesays.com\/es\/wp-json\/wp\/v2\/categories?post=251488"},{"taxonomy":"post_tag","embeddable":true,"href":"https:\/\/www.europesays.com\/es\/wp-json\/wp\/v2\/tags?post=251488"}],"curies":[{"name":"wp","href":"https:\/\/api.w.org\/{rel}","templated":true}]}}