{"id":251492,"date":"2025-11-23T14:10:10","date_gmt":"2025-11-23T14:10:10","guid":{"rendered":"https:\/\/www.europesays.com\/es\/251492\/"},"modified":"2025-11-23T14:10:10","modified_gmt":"2025-11-23T14:10:10","slug":"in-unitate-fidei-la-carta-apostolica-de-leon-xiv-sobre-el-concilio-de-nicea","status":"publish","type":"post","link":"https:\/\/www.europesays.com\/es\/251492\/","title":{"rendered":"In unitate fidei: la Carta apost\u00f3lica de Le\u00f3n XIV sobre el Concilio de Nicea"},"content":{"rendered":"<p>A pocos d\u00edas del Viaje Apost\u00f3lico a Turqu\u00eda para conmemorar el 1700 aniversario del Concilio Ecum\u00e9nico de Nicea, el Papa Le\u00f3n XIV publica una nueva Carta apost\u00f3lica reafirmando \u201cen la unidad de la fe\u201d la respuesta de los Padres conciliares que \u201cconfesaron que Jes\u00fas es el Hijo de Dios\u201d. Y su exhortaci\u00f3n a la Comunidad Cristiana a \u201cser signo de paz e instrumento de reconciliaci\u00f3n\u201d.  <\/p>\n<p>Johan Pacheco \u2013 Ciudad del Vaticano<\/p>\n<p>\u201cEn la unidad de la fe, proclamada desde los or\u00edgenes de la Iglesia, los cristianos est\u00e1n llamados a caminar concordes, custodiando y transmitiendo con amor y con alegr\u00eda el don recibido\u201d, as\u00ed empieza la Carta apost\u00f3lica In unitate fidei que publica este el Papa Le\u00f3n XIV este 23 de noviembre, en la solemnidad de Nuestro Se\u00f1or Jesucristo Rey del Universo, y en v\u00edsperas de su primer viaje apost\u00f3lico a Turqu\u00eda para conmemorar el 1700 aniversario del Concilio de Nicea.<\/p>\n<p><a href=\"https:\/\/www.vatican.va\/content\/leo-xiv\/es\/apost_letters\/documents\/20251123-in-unitate-fidei.html\" target=\"_blank\" rel=\"external nofollow noopener\">LEA EL TEXTO COMPLETO DE LA CARTA APOST\u00d3LICA \u00abIN UNITATE FIDEI\u00bb<\/a><\/p>\n<blockquote>\n<p>\u00abCreemos en Jesucristo, Hijo \u00fanico de Dios, que por nuestra salvaci\u00f3n baj\u00f3 del cielo\u00bb<\/p>\n<\/blockquote>\n<p>En la Carta apost\u00f3lica el Santo Padre profundiza los temas esenciales del Concilio de Nicea y su importancia actual para fe de la Iglesia y o bautizados, reflexionando con el documento de la Comisi\u00f3n Teol\u00f3gica Internacional: <a href=\"https:\/\/www.vatican.va\/roman_curia\/congregations\/cfaith\/cti_documents\/rc_cti_doc_20250403_1700-nicea_sp.html\" rel=\"external nofollow noopener\" target=\"_blank\">Jesucristo, Hijo de Dios, Salvador. El 1700 aniversario del Concilio Ecum\u00e9nico de Nicea<\/a>.<\/p>\n<p><b>La profesi\u00f3n de fe en Jesucristo<\/b> <\/p>\n<p>\u201cEn este A\u00f1o Santo -escribe el Papa Le\u00f3n XIV- dedicado a Cristo, quien es nuestra esperanza, es una coincidencia providencial que se celebre tambi\u00e9n el 1700 aniversario del primer Concilio Ecum\u00e9nico de Nicea, que en el 325 proclam\u00f3 la profesi\u00f3n de fe en Jesucristo, Hijo de Dios. Este es el coraz\u00f3n de la fe cristiana\u201d.<\/p>\n<p>El Papa recuerda que \u201clos tiempos del Concilio de Nicea no eran menos turbulentos. Cuando comenz\u00f3, en el 325, a\u00fan estaban abiertas las heridas de las persecuciones contra los cristianos\u201d. Y con las amenazas externas tambi\u00e9n \u201csurgieron disputas y conflictos en la Iglesia\u201d, de manera precisa la doctrina de Arrio quien \u201cense\u00f1aba que Jes\u00fas no es verdaderamente el Hijo de Dios\u201d.<\/p>\n<blockquote>\n<p>\u201cSe trataba del centro de la fe cristiana, es decir, de la respuesta a la pregunta decisiva que Jes\u00fas hab\u00eda planteado a los disc\u00edpulos en Cesarea de Filipo: \u00abY ustedes, \u00bfqui\u00e9n dicen que soy?\u00bb (cf. Mt 16,15)\u201d<\/p>\n<\/blockquote>\n<p><b>La respuesta de los Padres conciliares<\/b> <\/p>\n<p>En respuesta los Padres conciliares en Nicea \u201cconfesaron que Jes\u00fas es el Hijo de Dios en cuanto es \u00abde la misma sustancia (ousia) del Padre [&#8230;] generado, no creado, de la misma sustancia (homoo\u00fasios) del Padre\u00bb. Con esta definici\u00f3n se rechazaba radicalmente la tesis de Arrio. Para expresar la verdad de la fe, el Concilio us\u00f3 dos palabras, \u201csustancia\u201d (ousia) y \u201cde la misma sustancia\u201d (homoo\u00fasios)\u201d<\/p>\n<p>El Pont\u00edfice resalta tambi\u00e9n del \u201cCredo de Nicea, el verbo descendit, \u00abdescendi\u00f3\u00bb\u201d, y \u201cla afirmaci\u00f3n b\u00edblica \u00abse hizo carne\u00bb\u201d. Y explica que \u201cNicea toma as\u00ed distancia de la falsa doctrina seg\u00fan la cual el Logos habr\u00eda asumido s\u00f3lo un cuerpo como revestimiento exterior, pero no el alma humana, dotada de entendimiento y libre albedr\u00edo. Al contrario, quiere afirmar lo que el Concilio de Calcedonia (451) declarar\u00eda expl\u00edcitamente: en Cristo, Dios ha asumido y redimido al ser humano entero, con cuerpo y alma. El Hijo de Dios se hizo hombre \u2014explica san Atanasio\u2014 para que nosotros, los hombres, pudi\u00e9ramos ser divinizados\u201d.<\/p>\n<blockquote>\n<p>\u201cLa divinizaci\u00f3n no tiene nada que ver con la auto-deificaci\u00f3n del hombre. Por el contrario, la divinizaci\u00f3n nos protege de la tentaci\u00f3n primordial de querer ser como Dios (cf. Gn 3,5). Aquello que Cristo es por naturaleza, nosotros lo llegamos a ser por gracia\u201d<\/p>\n<\/blockquote>\n<p><b>La profesi\u00f3n de fe hoy<\/b> <\/p>\n<p>En su reflexi\u00f3n, Le\u00f3n XIV advierte que \u201choy, para muchos, Dios y la cuesti\u00f3n de Dios casi ya no tienen significado en la vida. El Concilio Vaticano II recalc\u00f3 que los cristianos son al menos en parte responsables de esta situaci\u00f3n, porque no dan testimonio de la verdadera fe y ocultan el aut\u00e9ntico rostro de Dios con estilos de vida y acciones alejadas del Evangelio\u201d.<\/p>\n<p>Y con el Credo de Nicea invita a un examen de conciencia: \u00bfQu\u00e9 significa Dios para m\u00ed y c\u00f3mo doy testimonio de la fe en \u00c9l? \u00bfEs el \u00fanico y solo Dios realmente el Se\u00f1or de la vida, o hay \u00eddolos m\u00e1s importantes que Dios y sus mandamientos?, entre otras preguntas<\/p>\n<blockquote>\n<p>\u201cEn el centro del Credo niceno\u2013constantinopolitano destaca la profesi\u00f3n de fe en Jesucristo, nuestro Se\u00f1or y Dios. Este es el coraz\u00f3n de nuestra vida cristiana. Por eso nos comprometemos a seguir a Jes\u00fas como Maestro, compa\u00f1ero, hermano y amigo\u201d<\/p>\n<\/blockquote>\n<p><b>El valor ecum\u00e9nico de Nicea<\/b> <\/p>\n<p>Tambi\u00e9n en la Carta el Papa reconoce que \u201cel Concilio de Nicea es actual por su alt\u00edsimo valor ecum\u00e9nico\u201d. Enumerando algunos frutos: \u201ccompartimos de hecho la fe en el \u00fanico y solo Dios, Padre de todos los hombres, confesamos juntos al \u00fanico Se\u00f1or y verdadero Hijo de Dios Jesucristo y al \u00fanico Esp\u00edritu Santo, que nos inspira y nos impulsa a la plena unidad y al testimonio com\u00fan del Evangelio\u201d.<\/p>\n<p>Exhortando tambi\u00e9n a que \u201cla \u00fanica Comunidad cristiana universal puede ser signo de paz e instrumento de reconciliaci\u00f3n, contribuyendo de modo decisivo a un compromiso mundial por la paz\u201d.<\/p>\n<blockquote>\n<p>\u201cNecesitamos un ecumenismo espiritual de oraci\u00f3n, alabanza y culto, como sucedi\u00f3 en el Credo de Nicea y Constantinopla\u201d<\/p>\n<\/blockquote>\n<p>Y concluye el Papa Le\u00f3n XIV con una oraci\u00f3n invocando al Esp\u00edritu Santo: \u201c\u2026 Ind\u00edcanos los caminos que hay que recorrer, para que con tu sabidur\u00eda volvamos a ser lo que somos en Cristo: una sola cosa, para que el mundo crea. Am\u00e9n.\u201d<\/p>\n","protected":false},"excerpt":{"rendered":"A pocos d\u00edas del Viaje Apost\u00f3lico a Turqu\u00eda para conmemorar el 1700 aniversario del Concilio Ecum\u00e9nico de Nicea,&hellip;\n","protected":false},"author":2,"featured_media":251493,"comment_status":"","ping_status":"","sticky":false,"template":"","format":"standard","meta":{"footnotes":""},"categories":[5],"tags":[17,18,56213,27481,25,24,434,13,14,11,401,19,20,9,10,15,16,400,23,12,8584,21,22],"class_list":{"0":"post-251492","1":"post","2":"type-post","3":"status-publish","4":"format-standard","5":"has-post-thumbnail","7":"category-titulares","8":"tag-breaking-news","9":"tag-breakingnews","10":"tag-carta-apostolica","11":"tag-ecumenismo","12":"tag-es","13":"tag-espana","14":"tag-fe","15":"tag-featured-news","16":"tag-featurednews","17":"tag-headlines","18":"tag-iglesia-catolica","19":"tag-latest-news","20":"tag-latestnews","21":"tag-news","22":"tag-noticias","23":"tag-noticias-destacadas","24":"tag-noticiasdestacadas","25":"tag-papa-leon-xiv","26":"tag-spain","27":"tag-titulares","28":"tag-turquia","29":"tag-ultimas-noticias","30":"tag-ultimasnoticias"},"share_on_mastodon":{"url":"https:\/\/pubeurope.com\/@es\/115599417248498110","error":""},"_links":{"self":[{"href":"https:\/\/www.europesays.com\/es\/wp-json\/wp\/v2\/posts\/251492","targetHints":{"allow":["GET"]}}],"collection":[{"href":"https:\/\/www.europesays.com\/es\/wp-json\/wp\/v2\/posts"}],"about":[{"href":"https:\/\/www.europesays.com\/es\/wp-json\/wp\/v2\/types\/post"}],"author":[{"embeddable":true,"href":"https:\/\/www.europesays.com\/es\/wp-json\/wp\/v2\/users\/2"}],"replies":[{"embeddable":true,"href":"https:\/\/www.europesays.com\/es\/wp-json\/wp\/v2\/comments?post=251492"}],"version-history":[{"count":0,"href":"https:\/\/www.europesays.com\/es\/wp-json\/wp\/v2\/posts\/251492\/revisions"}],"wp:featuredmedia":[{"embeddable":true,"href":"https:\/\/www.europesays.com\/es\/wp-json\/wp\/v2\/media\/251493"}],"wp:attachment":[{"href":"https:\/\/www.europesays.com\/es\/wp-json\/wp\/v2\/media?parent=251492"}],"wp:term":[{"taxonomy":"category","embeddable":true,"href":"https:\/\/www.europesays.com\/es\/wp-json\/wp\/v2\/categories?post=251492"},{"taxonomy":"post_tag","embeddable":true,"href":"https:\/\/www.europesays.com\/es\/wp-json\/wp\/v2\/tags?post=251492"}],"curies":[{"name":"wp","href":"https:\/\/api.w.org\/{rel}","templated":true}]}}