{"id":251496,"date":"2025-11-23T14:16:15","date_gmt":"2025-11-23T14:16:15","guid":{"rendered":"https:\/\/www.europesays.com\/es\/251496\/"},"modified":"2025-11-23T14:16:15","modified_gmt":"2025-11-23T14:16:15","slug":"aitor-hernandez-y-ainara-elbusto-reinan-en-el-blanco-circuito-de-amezaga","status":"publish","type":"post","link":"https:\/\/www.europesays.com\/es\/251496\/","title":{"rendered":"Aitor Hern\u00e1ndez y Ainara Elbusto reinan en el blanco circuito de Am\u00e9zaga"},"content":{"rendered":"<p>\n        Sobre una ligera capa de nieve se celebr\u00f3 este s\u00e1bado el XXXIX Trofeo San Andr\u00e9s de ciclocross en Am\u00e9zaga de Zuya, donde <strong>Aitor Hern\u00e1ndez y Ainara Elbusto dominaron en la categor\u00eda \u00e9lite<\/strong>.\n<\/p>\n<p class=\"article-body__text \">\n        Ambos se impusieron con suficiencia a sus contrincantes. El ermuarra, cuyo hijo Telmo casualmente venci\u00f3 en categor\u00eda cadete, volvi\u00f3 a levantar los brazos en la prueba alavesa por cuarta vez. <strong>Tuvo a un batallador Arkaitz Suso que trat\u00f3 de plantarle cara<\/strong>, aunque a mitad de recorrido el vitoriano se rindi\u00f3 a la evidencia.\n<\/p>\n<p class=\"article-body__text \">\n        <strong>El vitoriano fue segundo y campe\u00f3n de \u00c1lava en una actuaci\u00f3n de m\u00e9rito<\/strong> y su compa\u00f1ero en el Bertako Igogailuak, Be\u00f1at Fern\u00e1ndez de la Pe\u00f1a tercero y plata provincial, despu\u00e9s de librar durante muchos momentos un interesante mano a mano con el guipuzcoano Igor Cueva.\n<\/p>\n<p class=\"article-photo__footer\">\n            Naiara Saez de Jauregui, en un momento del recorrido            DNA        <\/p>\n<p class=\"article-body__text \">\n        El triunfo de Hern\u00e1ndez result\u00f3 incuestionable y es que <strong>part\u00eda en las quinielas como el favorito ante la ausencia de \u00cd\u00f1igo G\u00f3mez o Egoitz Hoyas<\/strong>, quienes en anteriores citas han logrado batir el veterano corredor. Mucho que pelear en el circuito que acumul\u00f3 bastante barro en determinadas zonas, lo que benefici\u00f3 sin duda a Aitor Hern\u00e1ndez.\n<\/p>\n<p class=\"article-body__text \">\n        Algo parecido sucedi\u00f3 en la categor\u00eda femenina, donde <strong>Ainara Elbusto pedale\u00f3 a su antoj\u00f3 casi desde la primera curva<\/strong>. La navarra abri\u00f3 hueco sin haber acabado la primera vuelta y a su ritmo fue capaz de aumentar la distancia con sus perseguidoras. <strong>Super\u00f3 en casi un minuto a Nahia de Miguel <\/strong>y en m\u00e1s de cinco a la junior guipuzcoana Ane Aramburu.\n<\/p>\n<p>            <a href=\"https:\/\/www.noticiasdealava.eus\/deportes\/2025\/11\/19\/frio-barro-protagonistas-sabado-trofeo-10372488.html\" title=\"El fr\u00edo y el barro, protagonistas este s\u00e1bado del Trofeo San Andr\u00e9s\" class=\"new__media\" rel=\"nofollow noopener\" target=\"_blank\"><\/p>\n<p>                <img alt=\"El fr\u00edo y el barro, protagonistas este s\u00e1bado del Trofeo San Andr\u00e9s\" data-src=\"https:\/\/www.europesays.com\/es\/wp-content\/uploads\/2025\/11\/d5eb1072-6c41-4d6a-962c-b84cccf6f451_16-9-aspect-ratio_default_0.jpg\" class=\"lozad\"\/><\/p>\n<p>        <\/a><\/p>\n<p>        <a href=\"https:\/\/www.noticiasdealava.eus\/deportes\/2025\/11\/19\/frio-barro-protagonistas-sabado-trofeo-10372488.html\" title=\"El fr\u00edo y el barro, protagonistas este s\u00e1bado del Trofeo San Andr\u00e9s\" class=\"new__headline\" rel=\"nofollow noopener\" target=\"_blank\"><br \/>\n            El fr\u00edo y el barro, protagonistas este s\u00e1bado del Trofeo San Andr\u00e9s<br \/>\n        <\/a><\/p>\n<p class=\"article-body__text \">\n        Por lo dem\u00e1s la representaci\u00f3n alavesa, al margen de Suso y Fern\u00e1ndez de la Pe\u00f1a, <strong>tuvo a las chicas de categor\u00eda cadete como dominadores de la cita<\/strong>, completando el podium en los tres cajones.\n<\/p>\n<p class=\"article-body__text \">\n        <strong>La victoria fue para Naiara S\u00e1ez de Jauregui<\/strong>, por delante de su compa\u00f1era de equipo Haizea Tamayo y de Matixa Gracianteparaluceta. Comenz\u00f3 Tamayo dominando la primera vuelta, pero <strong>se fue al suelo tres veces<\/strong> y acab\u00f3 perdiendo su ventaja inicial e incluso cruzando la l\u00ednea de meta a casi un minuto y medio de su amiga Naiara.\n<\/p>\n<p class=\"article-body__text \">\n        Segundo triunfo para una ciclista que <strong>apenas lleva un a\u00f1o en el ciclismo procedente del triatl\u00f3n<\/strong> y que va amold\u00e1ndose cada vez mejor a la disciplina invernal.\n<\/p>\n<p>  Gotxi, segunda en la catalana de Gurb<\/p>\n<p class=\"article-body__text \">\n        Por su parte, <strong>Mirari Gotxi fue segunda el s\u00e1bado en la localidad barcelonesa de Gurb<\/strong>, prueba que sirvi\u00f3 como antesala de la Copa de Espa\u00f1a que se vivi\u00f3 en Vic.\n<\/p>\n<p>            <a href=\"https:\/\/www.noticiasdealava.eus\/deportes\/2025\/10\/20\/mirari-gotxi-estrena-casillero-triunfos-10241829.html\" title=\"Mirari Gotxi estrena su casillero de triunfos a nivel internacional\" class=\"new__media\" rel=\"nofollow noopener\" target=\"_blank\"><\/p>\n<p>                <img alt=\"Mirari Gotxi estrena su casillero de triunfos a nivel internacional\" data-src=\"https:\/\/www.europesays.com\/es\/wp-content\/uploads\/2025\/11\/2f1bbbcf-d187-428d-890f-cd5a74f4a3ca_16-9-aspect-ratio_default_0_x643y896.jpg\" class=\"lozad\"\/><\/p>\n<p>        <\/a><\/p>\n<p>        <a href=\"https:\/\/www.noticiasdealava.eus\/deportes\/2025\/10\/20\/mirari-gotxi-estrena-casillero-triunfos-10241829.html\" title=\"Mirari Gotxi estrena su casillero de triunfos a nivel internacional\" class=\"new__headline\" rel=\"nofollow noopener\" target=\"_blank\"><br \/>\n            Mirari Gotxi estrena su casillero de triunfos a nivel internacional<br \/>\n        <\/a><\/p>\n<p class=\"article-body__text \">\n        <strong>La amurrioarra<\/strong>, que est\u00e1 completando una notable campa\u00f1a invernal, <strong>tiene entre ceja y ceja la general del mencionado torneo<\/strong>, aunque le separan unos cuantos puntos de la l\u00edder en estos momentos. En cualquier caso, sus dos victorias en Portugal y su presencia en el Europeo de Middelkerke de hace una semana suponen tambi\u00e9n <strong>un paso adelante en su progresi\u00f3n<\/strong>, siendo juvenil de segundo a\u00f1o la temporada que viene.<\/p>\n","protected":false},"excerpt":{"rendered":"Sobre una ligera capa de nieve se celebr\u00f3 este s\u00e1bado el XXXIX Trofeo San Andr\u00e9s de ciclocross en&hellip;\n","protected":false},"author":2,"featured_media":251497,"comment_status":"","ping_status":"","sticky":false,"template":"","format":"standard","meta":{"footnotes":""},"categories":[273],"tags":[63685,14527,313,312,168,63686,25,24,4504,59910,23,167],"class_list":{"0":"post-251496","1":"post","2":"type-post","3":"status-publish","4":"format-standard","5":"has-post-thumbnail","7":"category-ciclismo","8":"tag-ainara","9":"tag-aitor","10":"tag-ciclismo","11":"tag-cycling","12":"tag-deportes","13":"tag-elbusto","14":"tag-es","15":"tag-espana","16":"tag-hernandez","17":"tag-reinan","18":"tag-spain","19":"tag-sports"},"share_on_mastodon":{"url":"https:\/\/pubeurope.com\/@es\/115599440855250636","error":""},"_links":{"self":[{"href":"https:\/\/www.europesays.com\/es\/wp-json\/wp\/v2\/posts\/251496","targetHints":{"allow":["GET"]}}],"collection":[{"href":"https:\/\/www.europesays.com\/es\/wp-json\/wp\/v2\/posts"}],"about":[{"href":"https:\/\/www.europesays.com\/es\/wp-json\/wp\/v2\/types\/post"}],"author":[{"embeddable":true,"href":"https:\/\/www.europesays.com\/es\/wp-json\/wp\/v2\/users\/2"}],"replies":[{"embeddable":true,"href":"https:\/\/www.europesays.com\/es\/wp-json\/wp\/v2\/comments?post=251496"}],"version-history":[{"count":0,"href":"https:\/\/www.europesays.com\/es\/wp-json\/wp\/v2\/posts\/251496\/revisions"}],"wp:featuredmedia":[{"embeddable":true,"href":"https:\/\/www.europesays.com\/es\/wp-json\/wp\/v2\/media\/251497"}],"wp:attachment":[{"href":"https:\/\/www.europesays.com\/es\/wp-json\/wp\/v2\/media?parent=251496"}],"wp:term":[{"taxonomy":"category","embeddable":true,"href":"https:\/\/www.europesays.com\/es\/wp-json\/wp\/v2\/categories?post=251496"},{"taxonomy":"post_tag","embeddable":true,"href":"https:\/\/www.europesays.com\/es\/wp-json\/wp\/v2\/tags?post=251496"}],"curies":[{"name":"wp","href":"https:\/\/api.w.org\/{rel}","templated":true}]}}