{"id":251515,"date":"2025-11-23T14:28:13","date_gmt":"2025-11-23T14:28:13","guid":{"rendered":"https:\/\/www.europesays.com\/es\/251515\/"},"modified":"2025-11-23T14:28:13","modified_gmt":"2025-11-23T14:28:13","slug":"la-nula-relacion-de-alessandro-lequio-con-clemente-el-hijo-proscrito-que-tuvo-con-dellatte-llevan-anos-sin-hablarse","status":"publish","type":"post","link":"https:\/\/www.europesays.com\/es\/251515\/","title":{"rendered":"La nula relaci\u00f3n de Alessandro Lequio con Clemente, el hijo &#8216;proscrito&#8217; que tuvo con Dell&#8217;Atte: llevan a\u00f1os sin hablarse"},"content":{"rendered":"<p class=\"paragraph\" id=\"paragraph_1\">El <a href=\"https:\/\/www.elespanol.com\/bluper\/20251119\/mediaset-prescinde-alessandro-lequio-acusaciones-malos-tratos-antonia-dellatte\/1003744021230_0.html?utm_cmp_rs=linksinline\" rel=\"nofollow noopener\" target=\"_blank\">fulminante despido<\/a> de <a cmp-ltrk=\"links-parrafos\" cmp-ltrk-idx=\"2\" data-mrf-link=\"https:\/\/www.elespanol.com\/personajes\/alessandro_lequio\/\" data-mrf-recirculation-id=\"links-parrafos_2\" href=\"https:\/\/www.elespanol.com\/personajes\/alessandro_lequio\/?utm_cmp_rs=linksinline\" mrfobservableid=\"ff516bf3-c931-494d-9cb2-1d1d5f495ba7\" rel=\"noopener nofollow\" target=\"_blank\"><strong>Alessandro Lequio<\/strong> <\/a>(65 a\u00f1os) de <strong>Mediaset Espa\u00f1a<\/strong> despu\u00e9s de casi 30 a\u00f1os en la cadena est\u00e1 copando todos los titulares de la prensa. <\/p>\n<p class=\"paragraph\" id=\"paragraph_2\">El italiano se ha quedado sin trabajo en plena <strong>edad de jubilaci\u00f3n<\/strong> y tras <strong>una vida dedicada a la televisi\u00f3n<\/strong>. Tras ser cesado por la empresa de Fuencarral, el pasado mi\u00e9rcoles 19 de noviembre, su futuro laboral se ve obligado a un forzoso par\u00f3n.<\/p>\n<p class=\"paragraph\" id=\"paragraph_3\">Ahora se apoya m\u00e1s que nunca en su c\u00edrculo m\u00e1s cercano: su mujer <a cmp-ltrk=\"links-parrafos\" cmp-ltrk-idx=\"5\" data-mrf-link=\"https:\/\/www.elespanol.com\/corazon\/famosos\/20200527\/maria-palacios-discreta-mujer-lequio-doble-dolor\/492951482_0.html\" data-mrf-recirculation-id=\"links-parrafos_5\" href=\"https:\/\/www.elespanol.com\/corazon\/famosos\/20200527\/maria-palacios-discreta-mujer-lequio-doble-dolor\/492951482_0.html?utm_cmp_rs=linksinline\" mrfobservableid=\"d57fba48-6641-4657-98bf-b3b71a3f2f94\" rel=\"nofollow noopener\" target=\"_blank\"><strong>Mar\u00eda Palacios<\/strong><\/a> (47), y la hija que tienen en com\u00fan, <strong>Ginevra Ena<\/strong> (9). Ambas han sido su principal motivaci\u00f3n, sobre todo a ra\u00edz de<a href=\"https:\/\/www.elespanol.com\/corazon\/famosos\/20250513\/anos-muerte-alex-lequio-cambiado-vida-familia-afronta-ana-obregon-dificil-fecha\/1003743753288_0.html?utm_cmp_rs=linksinline\" rel=\"nofollow noopener\" target=\"_blank\"> la muerte de <strong>Aless<\/strong><\/a>, el hijo que tuvo con <a cmp-ltrk=\"links-parrafos\" cmp-ltrk-idx=\"4\" data-mrf-link=\"https:\/\/www.elespanol.com\/personajes\/ana_obregon\/\" data-mrf-recirculation-id=\"links-parrafos_4\" href=\"https:\/\/www.elespanol.com\/personajes\/ana_obregon\/?utm_cmp_rs=linksinline\" mrfobservableid=\"214be87e-1563-4898-985e-0985c518e897\" rel=\"noopener nofollow\" target=\"_blank\"><strong>Ana Obreg\u00f3n<\/strong><\/a> (70), fallecido el 13 de marzo de 2020 como consecuencia de un<strong> sarcoma de Ewing,<\/strong> <\/p>\n<p class=\"paragraph\" id=\"paragraph_4\">Pero su destituci\u00f3n laboral y el fallecimiento de \u00c1lex no son los \u00fanicos pesares a los que el arist\u00f3crata ha tenido que hacer frente. A su extensa trayectoria vital se suma una dolorosa realidad:<strong> lleva a\u00f1os sin hablarse con su primog\u00e9nito<\/strong>, <strong>Clemente<\/strong> (37), fruto de su matrimonio con<a cmp-ltrk=\"links-parrafos\" cmp-ltrk-idx=\"3\" data-mrf-link=\"https:\/\/www.elespanol.com\/personajes\/antonia_dellatte\/\" data-mrf-recirculation-id=\"links-parrafos_3\" href=\"https:\/\/www.elespanol.com\/personajes\/antonia_dellatte\/?utm_cmp_rs=linksinline\" mrfobservableid=\"4dd55457-834c-4015-a00d-b6b4d234b9c0\" rel=\"noopener nofollow\" target=\"_blank\"> <strong>Antonia Dell\u2019Atte<\/strong> <\/a>(65). <\/p>\n<p><img loading=\"lazy\" decoding=\"async\" alt=\"Carlota Corredera habla en directo en 'No somos nadie' con Antonia Dell'Atte.\" height=\"180\" src=\"https:\/\/www.europesays.com\/es\/wp-content\/uploads\/2025\/11\/1003744021419_260037130_320x180.jpg\" width=\"320\" data-lazy-status=\"processed\" data-lazy-info=\"remove loading item 1\"\/><\/p>\n<p><img decoding=\"async\" alt=\"Antonia Dell'Atte y Clemente Lequio en un evento en 2014.\" data-imgm=\"true\" height=\"180\" loading=\"lazy\"  src=\"https:\/\/www.europesays.com\/es\/wp-content\/uploads\/2025\/11\/330228146_260056305_1024x576.jpg\"  width=\"320\"\/><\/p>\n<p>                                                            Antonia Dell&#8217;Atte y Clemente Lequio en un evento en 2014.<\/p>\n<p>                    Gtres.<\/p>\n<p>La separaci\u00f3n de Lequio y Dell&#8217;Atte<\/p>\n<p class=\"paragraph\" id=\"paragraph_5\">Como sucede a tantas familias, m\u00e1s a\u00fan tras<strong> separaciones traum\u00e1ticas<\/strong>, -como lo fue la de Lequio y su primera esposa-, hay cismas entre parientes que dif\u00edcilmente encuentran soluci\u00f3n.<\/p>\n<p class=\"paragraph\" id=\"paragraph_6\">Es el caso de Lequio y su primog\u00e9nito. La relaci\u00f3n entre ellos se ha distanciado hasta tal punto que <strong>no se dirigen la palabra. <\/strong>Apenas se ven. Y la comunicaci\u00f3n entre ellos brilla por su ausencia.<\/p>\n<p class=\"paragraph\" id=\"paragraph_7\">El origen del conflicto viene de lejos. Habr\u00eda que remontarse a la separaci\u00f3n del romano con Antonia Dell&#8217;Atte. <strong>Corr\u00eda el a\u00f1o 1991<\/strong> cuando la pareja se separ\u00f3, tan solo <strong>tres a\u00f1os despu\u00e9s de haber celebrado su boda. <\/strong><\/p>\n<p class=\"paragraph\" id=\"paragraph_8\">Clemente, <strong>nacido en Tur\u00edn <\/strong>(Italia) el 2 de abril de <strong>1988, <\/strong>contaba entonces con apenas tres a\u00f1os. Demasiado peque\u00f1o, pues, para conocer el porqu\u00e9 de las desavenencias entre sus padres.<\/p>\n<p class=\"paragraph\" id=\"paragraph_9\">La exmodelo y musa de<strong> Giorgio Armani,<\/strong> instalada en Espa\u00f1a, no tard\u00f3 en hacer todo tipo de <strong>declaraciones<\/strong> en los medios contra Lequio y su pareja tras la ruptura: Ana Obreg\u00f3n.<\/p>\n<p class=\"paragraph\" id=\"paragraph_10\">Ambos se hab\u00edan conocido tiempo atr\u00e1s, cuando estaban con sus respectivas parejas. La actriz y bi\u00f3loga se encontraba en <strong>Roma<\/strong> rodando el telefilme Sound, con <strong>Peter Fonda<\/strong>.<\/p>\n<p class=\"paragraph\" id=\"paragraph_11\">Una noche, cenando con sus compa\u00f1eros de reparto en el m\u00edtico restaurante <strong>Nino&#8217;s<\/strong>, coincidi\u00f3 con el matrimonio Lequio. Ese fue el primer encuentro entre Alessandro y Ana. Cada uno continu\u00f3 su vida. \u00c9l con Antonia. Ella, con el jugador de baloncesto <strong>Fernando Mart\u00edn<\/strong>, fallecido en un accidente de tr\u00e1fico en 1989.<\/p>\n<p class=\"paragraph\" id=\"paragraph_12\">Tiempo despu\u00e9s, el destino volvi\u00f3 a cruzar sus caminos. Lequio fue destinado a Espa\u00f1a como ejecutivo de la <strong>empresa automovil\u00edstica Fiat. <\/strong>Y se top\u00f3, una vez m\u00e1s, con la presentadora m\u00e1s c\u00e9lebre de la televisi\u00f3n en nuestro pa\u00eds.<\/p>\n<p><img decoding=\"async\" alt=\"Alessandro Lequio y Antonia Dell'ate\" data-imgm=\"true\" height=\"180\" loading=\"lazy\"  src=\"https:\/\/www.europesays.com\/es\/wp-content\/uploads\/2025\/11\/140497661_260056371_1024x576.jpg\"  width=\"320\"\/><\/p>\n<p>                                                            Alessandro Lequio y Antonia Dell&#8217;ate<\/p>\n<p>                    Archivo.<\/p>\n<p>Una guerra familiar<\/p>\n<p class=\"paragraph\" id=\"paragraph_13\">Las fotograf\u00edas de ellos juntos, publicadas en una revista en<strong> enero de 1991<\/strong>, hicieron trizas el v\u00ednculo entre Lequio y Dell&#8217;Atte. Fue <strong>el germen del eterno conflicto medi\u00e1tico entre Ana Obreg\u00f3n y la italiana.<\/strong><\/p>\n<p class=\"paragraph\" id=\"paragraph_14\">Esta, despechada, acus\u00f3 a la artista de haber roto su matrimonio. Obreg\u00f3n siempre se defendi\u00f3: \u00ab<strong>Yo no he roto nada que no estuviera roto antes\u00bb.<\/strong><\/p>\n<p class=\"paragraph\" id=\"paragraph_15\">Antonia Dell\u2019Atte empez\u00f3 as\u00ed una concatenaci\u00f3n de <strong>ataques<\/strong> contra Lequio. Tambi\u00e9n <strong>lo denunci\u00f3 p\u00fablicamente por malos tratos <\/strong>durante su matrimonio y tras la separaci\u00f3n.<\/p>\n<p class=\"paragraph\" id=\"paragraph_16\">Cont\u00f3 que sufri\u00f3 <strong>agresiones<\/strong> que le dejaron<strong> secuelas f\u00edsicas y emocionales,<\/strong> as\u00ed como <strong>amenazas<\/strong> e <strong>insultos reiterados<\/strong> por parte de Lequio.\u200b<\/p>\n<p class=\"paragraph\" id=\"paragraph_17\">El pasado 11 de octubre, en una entrevista con El Pa\u00eds, destap\u00f3, entre otras cosas, que<a href=\"https:\/\/www.elespanol.com\/corazon\/famosos\/20251120\/dio-primera-patada-embarazo-debe-curarse-agresividad-acusaciones-antonia-dellatte-lequio\/1003744022352_0.html?utm_cmp_rs=linksinline\" rel=\"nofollow noopener\" target=\"_blank\"> \u00abme dio la primera patada en el embarazo\u00bb o \u00abme dec\u00eda que iba a destruir mi nariz\u00bb.<\/a><\/p>\n<p class=\"paragraph\" id=\"paragraph_18\">En el pasado, Dell&#8217;Atte lleg\u00f3 a presentar <strong>denuncias por violencia de g\u00e9nero<\/strong> en los juzgados italianos.\u200b Pero<strong> retir\u00f3 la denuncia oficial en Italia<\/strong> por la presi\u00f3n medi\u00e1tica. A pesar de ello, durante d\u00e9cadas se ha mantenido siempre fiel a su relato. Jam\u00e1s cambi\u00f3 su versi\u00f3n.\u200b<\/p>\n<p>Clemente, a favor de su madre<\/p>\n<p class=\"paragraph\" id=\"paragraph_19\">En <strong>1999<\/strong>, Lequio <a href=\"https:\/\/www.elespanol.com\/valencia\/20240619\/dia-alessandro-lequio-confeso-dado-bofetones-mujeres-television-publica-valenciana-canal\/863914135_0.html?utm_cmp_rs=linksinline\" rel=\"nofollow noopener\" target=\"_blank\">reconoci\u00f3 una vez en T\u00f3mbola \u00abhaber dado bofetones a las mujeres\u00bb.<\/a> Intent\u00f3 restarles gravedad defini\u00e9ndolos como \u00ab<strong>bofetones light\u00bb<\/strong>. Sus confesiones no lo han dejado en buen lugar.<\/p>\n<p class=\"paragraph\" id=\"paragraph_20\">En la guerra sin tregua entre sus padres, <strong>Clemente Lequio <\/strong>ha procurado mantener<strong> una postura reservada. <\/strong>Siendo apenas un ni\u00f1o no ten\u00eda la madurez necesaria para comprender qu\u00e9 suced\u00eda.<\/p>\n<p class=\"paragraph\" id=\"paragraph_21\">Una vez que se convirti\u00f3 en un hombre adulto, opt\u00f3 por posicionarse del lado de su madre. Y ha defendido la veracidad de las acusaciones: <strong>\u00abMi madre jam\u00e1s ha mentido\u00bb<\/strong>.<\/p>\n<p class=\"paragraph\" id=\"paragraph_22\">\u00ab<strong>Estoy en contra de los malos tratos<\/strong>, del bullying y de cualquier forma de abuso, por eso mi madre tiene mi total apoyo\u00bb, ha confesado en una de sus escasas declaraciones a los medios.\u200b<\/p>\n<p>Casado y afincado en Miami<\/p>\n<p class=\"paragraph\" id=\"paragraph_23\">A sus 37 a\u00f1os, Clemente Lequio lleva tiempo<strong> alejado de enfrentamientos medi\u00e1ticos. <\/strong>Actualmente<strong> vive en Miami (Estados Unidos), <\/strong>donde trabaja en el sector de la hosteler\u00eda.<\/p>\n<p class=\"paragraph\" id=\"paragraph_24\">En Florida, el hijo mayor del italiano realiza labores como <strong>camarero<\/strong> en mansiones de lujo y hoteles. Poco o nada le interesa el universo medi\u00e1tico en el que se desenvuelven sus progenitores. Ni le atrae la fama ni la ha buscado nunca.<\/p>\n<p class=\"paragraph\" id=\"paragraph_25\">Formado en<strong> Ciencias Pol\u00edticas<\/strong>, en el continente americano ha tenido experiencia como <strong>DJ<\/strong>, <strong>compositor de m\u00fasica electr\u00f3nica<\/strong> y <strong>dise\u00f1ador<\/strong>.\u200b All\u00ed, su m\u00e1xima prioridad es su vida familiar y su trabajo.<\/p>\n<p class=\"paragraph\" id=\"paragraph_26\">Est\u00e1 casado con<strong> Corbie Gregory,<\/strong> gerente en el <strong>Nobu Hotel Miami Beach<\/strong>, con quien contrajo matrimonio de forma \u00edntima en <strong>2020<\/strong>. Y aunque tiene un perfil p\u00fablico de <strong>Instagram<\/strong>, donde lo siguen m\u00e1s de <strong>37.000 usuarios<\/strong>, suele ser cauto y medido a la hora de compartir contenido personal.<\/p>\n<p class=\"paragraph\" id=\"paragraph_27\">La suya es una vida de <strong>discreci\u00f3n<\/strong> y <strong>perfil bajo<\/strong>, radicalmente opuesta a la de sus padres.<\/p>\n<p>Padre e hijo, distanciados<\/p>\n<p class=\"paragraph\" id=\"paragraph_28\">A pesar de la f\u00e9rrea postura de Clemente respecto a su madre, Lequio ha intentado por todos los medios que la relaci\u00f3n con su hijo fuese lo m\u00e1s fluida posible. Estrecha y cercana. Es lo que le gustar\u00eda. Muy a su pesar, solo en contadas ocasiones ha conseguido tener alguna aproximaci\u00f3n.<\/p>\n<p class=\"paragraph\" id=\"paragraph_29\">Una de esas veces fue en su boda con <strong>Mar\u00eda Palacios<\/strong>, celebrada el <strong>15 de noviembre de 2008<\/strong> en el monasterio de Santa Mar\u00eda la Real de Sacramenia, en Segovia. Lequio anhelaba una foto con sus dos hijos, <strong>Aless<\/strong> y <strong>Clemente<\/strong>. Pero esa estampa, al menos de cara a los medios, nunca se produjo.<\/p>\n<p class=\"paragraph\" id=\"paragraph_30\">S\u00ed hubo un tiempo en el que Aless y su hermano Clemente <strong>dejaron al margen los conflictos<\/strong> entre sus respectivas madres y tuvieron un <strong>acercamiento<\/strong>. De ello dio fe el hijo de la bi\u00f3loga en sus redes sociales. No se ve\u00edan mucho, pero la sangre tira. Se quer\u00edan.<\/p>\n<p class=\"paragraph\" id=\"paragraph_31\">La \u00faltima vez que Alessandro Lequio comparti\u00f3 una foto junto a su hijo Clemente fue hace m\u00e1s de dos a\u00f1os, el <strong>31 de enero de 2023. <\/strong><\/p>\n<p class=\"paragraph\" id=\"paragraph_32\">Basta con echar un vistazo a su feed en <strong>Instagram<\/strong>, repleto de instant\u00e1neas junto a Aless, para percatarse <strong>de la ausencia casi total de Clemente en sus redes sociales. <\/strong><\/p>\n<p class=\"paragraph\" id=\"paragraph_33\">Cuesta dar con un retrato en el que aparezcan juntos, felices, abrazados o disfrutando de peque\u00f1os detalles cotidianos&#8230; como s\u00ed constan (por montones) junto a Aless. Una evidencia de cu\u00e1n <strong>fragmentado<\/strong>,<strong>\u00a0fr\u00e1gil<\/strong>\u00a0y pr\u00e1cticamente nulo, es el v\u00ednculo entre ellos.<\/p>\n","protected":false},"excerpt":{"rendered":"El fulminante despido de Alessandro Lequio (65 a\u00f1os) de Mediaset Espa\u00f1a despu\u00e9s de casi 30 a\u00f1os en la&hellip;\n","protected":false},"author":2,"featured_media":251516,"comment_status":"","ping_status":"","sticky":false,"template":"","format":"standard","meta":{"footnotes":""},"categories":[91],"tags":[63122,13318,62781,146,147,25,24,23],"class_list":{"0":"post-251515","1":"post","2":"type-post","3":"status-publish","4":"format-standard","5":"has-post-thumbnail","7":"category-entretenimiento","8":"tag-alex-lequio","9":"tag-ana-obregon","10":"tag-antonia-dell","11":"tag-entertainment","12":"tag-entretenimiento","13":"tag-es","14":"tag-espana","15":"tag-spain"},"share_on_mastodon":{"url":"https:\/\/pubeurope.com\/@es\/115599489385863589","error":""},"_links":{"self":[{"href":"https:\/\/www.europesays.com\/es\/wp-json\/wp\/v2\/posts\/251515","targetHints":{"allow":["GET"]}}],"collection":[{"href":"https:\/\/www.europesays.com\/es\/wp-json\/wp\/v2\/posts"}],"about":[{"href":"https:\/\/www.europesays.com\/es\/wp-json\/wp\/v2\/types\/post"}],"author":[{"embeddable":true,"href":"https:\/\/www.europesays.com\/es\/wp-json\/wp\/v2\/users\/2"}],"replies":[{"embeddable":true,"href":"https:\/\/www.europesays.com\/es\/wp-json\/wp\/v2\/comments?post=251515"}],"version-history":[{"count":0,"href":"https:\/\/www.europesays.com\/es\/wp-json\/wp\/v2\/posts\/251515\/revisions"}],"wp:featuredmedia":[{"embeddable":true,"href":"https:\/\/www.europesays.com\/es\/wp-json\/wp\/v2\/media\/251516"}],"wp:attachment":[{"href":"https:\/\/www.europesays.com\/es\/wp-json\/wp\/v2\/media?parent=251515"}],"wp:term":[{"taxonomy":"category","embeddable":true,"href":"https:\/\/www.europesays.com\/es\/wp-json\/wp\/v2\/categories?post=251515"},{"taxonomy":"post_tag","embeddable":true,"href":"https:\/\/www.europesays.com\/es\/wp-json\/wp\/v2\/tags?post=251515"}],"curies":[{"name":"wp","href":"https:\/\/api.w.org\/{rel}","templated":true}]}}