{"id":251517,"date":"2025-11-23T14:29:11","date_gmt":"2025-11-23T14:29:11","guid":{"rendered":"https:\/\/www.europesays.com\/es\/251517\/"},"modified":"2025-11-23T14:29:11","modified_gmt":"2025-11-23T14:29:11","slug":"la-megaevolucion-de-pyroar-tiene-un-significado-mas-profundo-en-leyendas-pokemon-z-a","status":"publish","type":"post","link":"https:\/\/www.europesays.com\/es\/251517\/","title":{"rendered":"La Megaevoluci\u00f3n de Pyroar tiene un significado m\u00e1s profundo en Leyendas Pok\u00e9mon: Z-A"},"content":{"rendered":"<p>\u00a1Una curiosa explicaci\u00f3n para los fans de\u00a0<a href=\"https:\/\/www.nintenderos.com\/2024\/03\/leyendas-pokemon-z-a-un-vistazo-al-futuro-o-un-retorno-al-pasado\/\" rel=\"nofollow noopener\" target=\"_blank\">Leyendas Pok\u00e9mon: Z-A<\/a>! El juego\u00a0<strong>ya est\u00e1 disponible\u00a0en Switch y Switch 2<\/strong>\u00a0y ahora tenemos m\u00e1s contenidos que se suman a\u00a0<a href=\"https:\/\/www.nintenderos.com\/nintendo-switch-2\/leyendas-pokemon-z-a-confirma-precios-oficiales-en-nintendo-switch-y-nintendo-switch-2\" rel=\"nofollow noopener\" target=\"_blank\">sus precios oficiales<\/a>.<\/p>\n<p>Ya sab\u00e9is que Leyendas Pok\u00e9mon: Z-A\u00a0<a href=\"https:\/\/www.nintenderos.com\/nintendo-switch-2\/nintendo-switch-2-los-zeldas-kirby-y-la-tierra-olvidada-metroid-prime-4-beyond-y-leyendas-pokemon-z-a-tambien-confirman-ediciones-para-la-sucesora\/\" rel=\"nofollow noopener\" target=\"_blank\">ha confirmado edici\u00f3n mejorada<\/a>\u00a0para Nintendo Switch 2. Ahora, tras su\u00a0<a href=\"https:\/\/www.nintenderos.com\/nintendo-switch-2\/leyendas-pokemon-z-a-ya-ha-recibido-su-primera-actualizacion-en-nintendo-switch-y-nintendo-switch-2\/\" rel=\"nofollow noopener\" target=\"_blank\">actualizaci\u00f3n de lanzamiento<\/a>, as\u00ed como el\u00a0<a href=\"https:\/\/www.nintenderos.com\/nintendo-switch-2\/ya-disponible-el-primer-regalo-misterioso-en-leyendas-pokemon-z-a\/\" rel=\"nofollow noopener\" target=\"_blank\">primer Regalo Misterioso<\/a>, os traemos informaci\u00f3n de cara tambi\u00e9n al\u00a0<a href=\"https:\/\/www.nintenderos.com\/2025\/09\/numerosos-detalles-de-leyendas-pokemon-z-a-sobre-las-nuevas-megaevoluciones-precios-regalo-por-comprar-el-dlc-y-mas\/\" rel=\"nofollow noopener\" target=\"_blank\">DLC Megadimensi\u00f3n<\/a>. Ya se ha publicado\u00a0el\u00a0<a href=\"https:\/\/www.nintenderos.com\/nintendo-switch-2\/leyendas-pokemon-z-a-estrena-nuevo-trailer-de-su-dlc-y-confirma-su-fecha\/\" rel=\"nofollow noopener\" target=\"_blank\">nuevo tr\u00e1iler<\/a>. Adem\u00e1s, el DLC ha confirmado su lanzamiento para el\u00a0<strong>10 de diciembre de 2025<\/strong>.<\/p>\n<p>La informaci\u00f3n se centra esta vez en una de las Megaevoluciones m\u00e1s controvertidas. Hablamos de <strong>Mega Pyroar<\/strong>, cuyo dise\u00f1o no ha convencido a muchos fans. Sin embargo, su dise\u00f1o tiene una l\u00f3gica clara: <strong>la melena de Pyroar<\/strong> en su forma normal representa el kanji \u706b (fuego), y al megaevolucionar pasa a formar el kanji \u708e, que significa llamarada o incendio. Este detalle cultural, f\u00e1cil de pasar por alto para el p\u00fablico occidental, explica por qu\u00e9 su cambio visual se centra sobre todo en la melena.<\/p>\n<p>Otros contenidos en esta categor\u00eda:<\/p>\n<p>Pod\u00e9is verlo abajo:<\/p>\n<blockquote class=\"reddit-embed-bq\" style=\"height:500px\">\n<p><a href=\"https:\/\/www.reddit.com\/r\/LegendsZA\/comments\/1ochm14\/something_you_mightve_not_known_the_top_part_of\/\" rel=\"nofollow noopener\" target=\"_blank\">Something you mightve not known. The top part of the mane is \u706b which is the Kanji for fire. So while it does look kinda silly, there&#8217;s a deeper understanding to be had of why he looks like that<\/a><br \/>by<a href=\"https:\/\/www.reddit.com\/user\/GreattFriend\/\" rel=\"nofollow noopener\" target=\"_blank\">u\/GreattFriend<\/a> in<a href=\"https:\/\/www.reddit.com\/r\/LegendsZA\/\" rel=\"nofollow noopener\" target=\"_blank\">LegendsZA<\/a><\/p>\n<\/blockquote>\n<p>Recordad tambi\u00e9n que en Nintenderos lo hemos podido analizar al completo y ten\u00e9is\u00a0<a href=\"https:\/\/www.nintenderos.com\/nintendo-switch-2\/analisis-leyendas-pokemon-z-a-nintendo-switch-2\/\" rel=\"nofollow noopener\" target=\"_blank\">nuestra review aqu\u00ed<\/a>. Y que tenemos\u00a0<a href=\"https:\/\/www.nintenderos.com\/2025\/11\/el-dlc-de-leyendas-pokemon-z-a-confirma-mas-anuncios-en-camino\/\" rel=\"nofollow noopener\" target=\"_blank\">m\u00e1s anuncios del DLC en camino<\/a>.<\/p>\n<p>\u00bfQu\u00e9 opin\u00e1is vosotros sobre todo esto de cara a este t\u00edtulo? Os leemos en los comentarios. Pod\u00e9is dejar abajo vuestra opini\u00f3n sobre el juego y esta informaci\u00f3n.<\/p>\n<p><a class=\"external\" href=\"https:\/\/www.serebii.net\/\" rel=\"nofollow noopener\" target=\"_blank\">Fuente<\/a>. <a href=\"https:\/\/x.com\/DiegoMonsterLab\/status\/1983752239714853353\" class=\"external\" rel=\"nofollow\">Fuente de la imagen<\/a>.<\/p>\n","protected":false},"excerpt":{"rendered":"\u00a1Una curiosa explicaci\u00f3n para los fans de\u00a0Leyendas Pok\u00e9mon: Z-A! El juego\u00a0ya est\u00e1 disponible\u00a0en Switch y Switch 2\u00a0y ahora&hellip;\n","protected":false},"author":2,"featured_media":251518,"comment_status":"","ping_status":"","sticky":false,"template":"","format":"standard","meta":{"footnotes":""},"categories":[81],"tags":[119,123,124,25,24,2794,934,63688,117,121,122,23,118,120],"class_list":{"0":"post-251517","1":"post","2":"type-post","3":"status-publish","4":"format-standard","5":"has-post-thumbnail","7":"category-ciencia-y-tecnologia","8":"tag-ciencia","9":"tag-ciencia-y-tecnologia","10":"tag-cienciaytecnologia","11":"tag-es","12":"tag-espana","13":"tag-leyendas-pokemon-z-a","14":"tag-pokemon","15":"tag-pyroar","16":"tag-science","17":"tag-science-and-technology","18":"tag-scienceandtechnology","19":"tag-spain","20":"tag-technology","21":"tag-tecnologia"},"share_on_mastodon":{"url":"https:\/\/pubeurope.com\/@es\/115599492411941873","error":""},"_links":{"self":[{"href":"https:\/\/www.europesays.com\/es\/wp-json\/wp\/v2\/posts\/251517","targetHints":{"allow":["GET"]}}],"collection":[{"href":"https:\/\/www.europesays.com\/es\/wp-json\/wp\/v2\/posts"}],"about":[{"href":"https:\/\/www.europesays.com\/es\/wp-json\/wp\/v2\/types\/post"}],"author":[{"embeddable":true,"href":"https:\/\/www.europesays.com\/es\/wp-json\/wp\/v2\/users\/2"}],"replies":[{"embeddable":true,"href":"https:\/\/www.europesays.com\/es\/wp-json\/wp\/v2\/comments?post=251517"}],"version-history":[{"count":0,"href":"https:\/\/www.europesays.com\/es\/wp-json\/wp\/v2\/posts\/251517\/revisions"}],"wp:featuredmedia":[{"embeddable":true,"href":"https:\/\/www.europesays.com\/es\/wp-json\/wp\/v2\/media\/251518"}],"wp:attachment":[{"href":"https:\/\/www.europesays.com\/es\/wp-json\/wp\/v2\/media?parent=251517"}],"wp:term":[{"taxonomy":"category","embeddable":true,"href":"https:\/\/www.europesays.com\/es\/wp-json\/wp\/v2\/categories?post=251517"},{"taxonomy":"post_tag","embeddable":true,"href":"https:\/\/www.europesays.com\/es\/wp-json\/wp\/v2\/tags?post=251517"}],"curies":[{"name":"wp","href":"https:\/\/api.w.org\/{rel}","templated":true}]}}