{"id":251525,"date":"2025-11-23T14:38:11","date_gmt":"2025-11-23T14:38:11","guid":{"rendered":"https:\/\/www.europesays.com\/es\/251525\/"},"modified":"2025-11-23T14:38:11","modified_gmt":"2025-11-23T14:38:11","slug":"hemos-visto-algunos-de-los-mejores-partidos-del-ano","status":"publish","type":"post","link":"https:\/\/www.europesays.com\/es\/251525\/","title":{"rendered":"Hemos visto algunos de los mejores partidos del a\u00f1o"},"content":{"rendered":"<p data-mrf-recirculation=\"Links P\u00e1rrafos\" class=\"ue-c-article__paragraph paragraph ue-c-article--first-letter-highlighted\"><strong>Feliciano L\u00f3pez<\/strong>, director de la Final a 8 de la Copa Davis, ha hecho balance de lo vivido durante la semana en el SuperTennis Arena de Bolonia, <strong>que ser\u00e1 tambi\u00e9n la sede de la fase final los dos pr\u00f3ximos a\u00f1os<\/strong>.\u00a0<\/p>\n<p data-mrf-recirculation=\"Links P\u00e1rrafos\" class=\"ue-c-article__paragraph paragraph\">\u00abHemos visto algunos de los mejores partidos del a\u00f1o aqu\u00ed.\u00a0Los tenistas tienen la pasi\u00f3n de competir. Creo que estamos con el formato correcto. Hemos incluido otra serie en casa y fuera, en septiembre, y la Final a 8 en M\u00e1laga funcion\u00f3 y creo que aqu\u00ed funcionar\u00e1\u00bb, reflexiona el toledano.<\/p>\n<p data-mrf-recirculation=\"Links P\u00e1rrafos\" class=\"ue-c-article__paragraph paragraph\"><strong>David Haggerty<\/strong>, presidente de la Federaci\u00f3n Internacional de Tenis, habla de las ausencias de <strong>Carlos Alcaraz y Jannik Sinner:<\/strong> \u00abLa Copa Davis siempre ser\u00e1 una competici\u00f3n por equipos. No es verdad que los mejores jugadores no jueguen porque algunos no est\u00e1n porque sus equipos no pasaron las rondas previas. Italia y Espa\u00f1a compiten con el esp\u00edritu de Alcaraz y Sinner\u00bb.<\/p>\n","protected":false},"excerpt":{"rendered":"Feliciano L\u00f3pez, director de la Final a 8 de la Copa Davis, ha hecho balance de lo vivido&hellip;\n","protected":false},"author":2,"featured_media":251526,"comment_status":"","ping_status":"","sticky":false,"template":"","format":"standard","meta":{"footnotes":""},"categories":[274],"tags":[168,25,24,23,167,327,326],"class_list":{"0":"post-251525","1":"post","2":"type-post","3":"status-publish","4":"format-standard","5":"has-post-thumbnail","7":"category-tenis","8":"tag-deportes","9":"tag-es","10":"tag-espana","11":"tag-spain","12":"tag-sports","13":"tag-tenis","14":"tag-tennis"},"share_on_mastodon":{"url":"https:\/\/pubeurope.com\/@es\/115599527892264650","error":""},"_links":{"self":[{"href":"https:\/\/www.europesays.com\/es\/wp-json\/wp\/v2\/posts\/251525","targetHints":{"allow":["GET"]}}],"collection":[{"href":"https:\/\/www.europesays.com\/es\/wp-json\/wp\/v2\/posts"}],"about":[{"href":"https:\/\/www.europesays.com\/es\/wp-json\/wp\/v2\/types\/post"}],"author":[{"embeddable":true,"href":"https:\/\/www.europesays.com\/es\/wp-json\/wp\/v2\/users\/2"}],"replies":[{"embeddable":true,"href":"https:\/\/www.europesays.com\/es\/wp-json\/wp\/v2\/comments?post=251525"}],"version-history":[{"count":0,"href":"https:\/\/www.europesays.com\/es\/wp-json\/wp\/v2\/posts\/251525\/revisions"}],"wp:featuredmedia":[{"embeddable":true,"href":"https:\/\/www.europesays.com\/es\/wp-json\/wp\/v2\/media\/251526"}],"wp:attachment":[{"href":"https:\/\/www.europesays.com\/es\/wp-json\/wp\/v2\/media?parent=251525"}],"wp:term":[{"taxonomy":"category","embeddable":true,"href":"https:\/\/www.europesays.com\/es\/wp-json\/wp\/v2\/categories?post=251525"},{"taxonomy":"post_tag","embeddable":true,"href":"https:\/\/www.europesays.com\/es\/wp-json\/wp\/v2\/tags?post=251525"}],"curies":[{"name":"wp","href":"https:\/\/api.w.org\/{rel}","templated":true}]}}