{"id":251527,"date":"2025-11-23T14:39:09","date_gmt":"2025-11-23T14:39:09","guid":{"rendered":"https:\/\/www.europesays.com\/es\/251527\/"},"modified":"2025-11-23T14:39:09","modified_gmt":"2025-11-23T14:39:09","slug":"jesus-herrada-esta-muy-caro-ganar-en-el-ciclismo-actual","status":"publish","type":"post","link":"https:\/\/www.europesays.com\/es\/251527\/","title":{"rendered":"Jes\u00fas Herrada: \u00abEst\u00e1 muy caro ganar en el ciclismo actual\u00bb"},"content":{"rendered":"<p class=\"prip\">A sus 35 a\u00f1os y con una de las trayectorias m\u00e1s s\u00f3lidas del ciclismo espa\u00f1ol, Jes\u00fas Herrada ha decidido dar un giro a su carrera. <strong>Tras varias temporadas en la \u00e9lite del World Tour, el corredor conquense ha fichado por el Burgos Burpellet<\/strong>, un equipo de categor\u00eda ProTeam con el que busca un nuevo impulso. Su principal objetivo es claro y lo ha repetido con la convicci\u00f3n de quien sabe lo que es la victoria: volver a levantar los brazos. Curiosamente, la \u00faltima vez que lo hizo fue en Soria, en la cima de la Laguna Negra durante La Vuelta 2023, una provincia que se ha convertido en su particular talism\u00e1n, habi\u00e9ndose proclamado campe\u00f3n de Espa\u00f1a de ciclismo en ruta en la capital, contra rivales de renombre mundial, como son Alejandro Valverde e Ion Izaguirre.<\/p>\n<p>El cambio de aires, dejando atr\u00e1s una estructura como la del Cofidis, hasta ahora equipo del World Tour, no ha sido una decisi\u00f3n precipitada, tal y como ha explicado en una conversaci\u00f3n con Soria Noticias. <strong>Responde a una necesidad personal y profesional que el propio ciclista ha madurado a lo largo del \u00faltimo a\u00f1o<\/strong>: \u00abYo creo que ya desde principio de a\u00f1o quer\u00eda un cambio, \u00bfno? Directamente, y que fuese en Espa\u00f1a\u00bb. Las conversaciones con el equipo burgal\u00e9s comenzaron a mitad de temporada y el acuerdo no tard\u00f3 en llegar. El proyecto le ha convencido por varios motivos: \u00ab<strong>El equipo se ajusta bastante bien a lo que buscaba, buen calendario, buen material y buen ambiente en el equipo, un ambiente familiar<\/strong>\u00ab.<\/p>\n<p>Este movimiento supone bajar un escal\u00f3n de categor\u00eda, del World Tour a ProTeam, pero Herrada no lo ve como un paso atr\u00e1s, sino como una oportunidad. Al ser preguntado sobre si el Burgos Burpellet est\u00e1 cerca del m\u00e1ximo nivel, el conquense se ha mostrado cauto pero optimista, situ\u00e1ndolo en un punto intermedio. Ha reconocido que el presupuesto es un factor clave para competir con los mejores, pero ha a\u00f1adido que \u00ab<strong>paso a paso, pues, ojal\u00e1 y lo pueda conseguir en un futuro<\/strong>\u00ab.<\/p>\n<p>Soria, tierra de triunfos<\/p>\n<p>Si hay un territorio que ocupa un lugar especial en la memoria deportiva de Jes\u00fas Herrada, ese es Soria. La provincia ha sido testigo de dos de sus victorias m\u00e1s importantes y recordadas. La m\u00e1s reciente, su tercer triunfo de etapa en La <a href=\"https:\/\/sorianoticias.com\/noticia\/2023-09-06-jesus-herrada-triunfador-en-la-laguna-negra-soria-siempre-me-trae-buenos-recuerdos-103731\" target=\"_blank\" rel=\"noopener noopener  noreferrer nofollow\" title=\"Ir a: https:\/\/sorianoticias.com\/noticia\/2023-09-06-jesus-herrada-triunfador-en-la-laguna-negra-soria-siempre-me-trae-buenos-recuerdos-103731\">Vuelta a Espa\u00f1a<\/a>, tuvo lugar en 2023 con final en la <a href=\"https:\/\/sorianoticias.com\/noticia\/2023-09-06-super-galeria-soria-se-lo-pasa-en-grande-con-la-vuelta-y-presume-ante-el-mundo-de-la-laguna-negra-103733\" target=\"_blank\" rel=\"noopener noopener  noreferrer nofollow\" title=\"Ir a: https:\/\/sorianoticias.com\/noticia\/2023-09-06-super-galeria-soria-se-lo-pasa-en-grande-con-la-vuelta-y-presume-ante-el-mundo-de-la-laguna-negra-103733\">ic\u00f3nica Laguna Negra<\/a>. Pero a\u00f1os antes, en 2017, Soria ya le hab\u00eda visto coronarse por segunda vez como <a href=\"https:\/\/sorianoticias.com\/noticia\/2017-06-25-fotos-asi-ha-celebrado-jesus-herrada-su-victoria-soria-40815\" target=\"_blank\" rel=\"noopener noopener  noreferrer nofollow\" title=\"Ir a: https:\/\/sorianoticias.com\/noticia\/2017-06-25-fotos-asi-ha-celebrado-jesus-herrada-su-victoria-soria-40815\">Campe\u00f3n de Espa\u00f1a en ruta<\/a>, en una jornada memorable en la que <strong>comparti\u00f3 podio con dos leyendas como Alejandro Valverde e Ion Izaguirre<\/strong>.<\/p>\n<p>\u00abLa verdad que guardo muy buen recuerdo de la provincia de Soria\u00bb, ha confesado el ciclista. Para \u00e9l, ambas victorias son igual de significativas: \u00ab<strong>Yo creo que las dos son especiales, son muy importantes, son dos de las carreras m\u00e1s importantes, digamos, en Espa\u00f1a<\/strong>\u00ab. El v\u00ednculo con la provincia va m\u00e1s all\u00e1 de lo deportivo; encuentra un eco personal en su geograf\u00eda y su gente. \u00abEs un poco parecida a la m\u00eda, una provincia peque\u00f1a, con pocos habitantes, como es Cuenca tambi\u00e9n. Entonces, en ese sentido, pues, le <strong>guardo especial cari\u00f1o<\/strong>\u00ab, ha se\u00f1alado.<\/p>\n<p>Incluso ha recordado haber preparado espec\u00edficamente el terreno soriano para una de esas gestas. \u00abMe acuerdo, para el campeonato de Espa\u00f1a y dem\u00e1s, s\u00ed que hemos rodado por ah\u00ed\u00bb, ha comentado. Aunque le gustar\u00eda entrenar m\u00e1s en la zona, la log\u00edstica del calendario profesional lo complica. Sin embargo, deja una puerta abierta para el futuro: \u00ab<strong>Seguramente, cuando me retire, podr\u00e9 hacerlo o haciendo alguna ruta de mochila con la bici de gravel<\/strong>\u00ab.<\/p>\n<p>Nuevos retos y la espina del World Tour<\/p>\n<p>Con la vista puesta en la nueva temporada, el gran anhelo de Herrada es volver a saborear la victoria. \u00ab<strong>Mi objetivo, mi reto es volver a ganar el pr\u00f3ximo a\u00f1o. La carrera, pues bueno, me da un poco igual. S\u00ed es verdad que cuanto m\u00e1s importante sea la carrera, pues mucho mejor<\/strong>\u00ab, ha afirmado con rotundidad. En ese horizonte de objetivos, La Vuelta a Espa\u00f1a ocupa un lugar prioritario. Aunque las invitaciones a\u00fan no se han confirmado, para el Burgos Burpellet y para \u00e9l es una cita fundamental. \u00abSer\u00eda un sue\u00f1o para todos\u00bb, ha dicho sobre la posibilidad de conseguir una cuarta etapa en la ronda espa\u00f1ola.<\/p>\n<p>Al mirar atr\u00e1s, a su extensa carrera en el World Tour, no siente que le queden grandes cuentas pendientes, aunque reconoce que la ambici\u00f3n siempre est\u00e1 ah\u00ed. \u00ab<strong>Ganar en las tres grandes, yo creo tambi\u00e9n, es uno de&#8230; bueno, si hubiese ganado mucho mejor, pero tampoco me quita el sue\u00f1o<\/strong>\u00ab, ha reflexionado. Ha recordado con orgullo su segundo puesto en una etapa del Tour de Francia (2020), donde Lutsenko le arrebat\u00f3 la victoria en Mont Aigoual, y sus actuaciones en cl\u00e1sicas como la Lieja o la Flecha Valona, carreras que se adaptan perfectamente a sus cualidades, pero donde siempre es muy complicado poder levantar los brazos dada la importante competencia que hay.<\/p>\n<p>Tambi\u00e9n ha sido testigo directo de la revoluci\u00f3n que ha supuesto la llegada de una nueva generaci\u00f3n de talentos como Poga?ar. Ha admitido que el nivel del pelot\u00f3n \u00abha subido mucho\u00bb y que las victorias \u00ab<strong>cada vez est\u00e1n m\u00e1s caras, entre comillas<\/strong>\u00ab. Seg\u00fan su an\u00e1lisis, las oportunidades para los ciclistas que no pertenecen a los grandes equipos dominadores se han reducido dr\u00e1sticamente: \u00abEste a\u00f1o en la Vuelta, por ejemplo, no ha habido muchas oportunidades para ciclistas normales, entre comillas\u00bb, ha lamentado, recordando que equipos como UAE y Visma han dominado la carrera de cabo a rabo, dejando muy pocas oportunidades al resto.<\/p>\n<p>Ante la pregunta final de elegir entre sus dos grandes triunfos en Soria, Herrada ha sido incapaz de decantarse, evidenciando el valor sentimental de ambos. \u00ab<strong>No te sabr\u00eda decir. Yo creo que cada una es especial<\/strong>\u00ab, ha concluido, otorgando un \u00abcincuenta para cada una\u00bb. Un empate t\u00e9cnico en el coraz\u00f3n de un ciclista que ha encontrado en Soria su tierra prometida.<\/p>\n","protected":false},"excerpt":{"rendered":"A sus 35 a\u00f1os y con una de las trayectorias m\u00e1s s\u00f3lidas del ciclismo espa\u00f1ol, Jes\u00fas Herrada ha&hellip;\n","protected":false},"author":2,"featured_media":251528,"comment_status":"","ping_status":"","sticky":false,"template":"","format":"standard","meta":{"footnotes":""},"categories":[273],"tags":[313,312,168,25,24,18846,6436,2236,246,23,167],"class_list":{"0":"post-251527","1":"post","2":"type-post","3":"status-publish","4":"format-standard","5":"has-post-thumbnail","7":"category-ciclismo","8":"tag-ciclismo","9":"tag-cycling","10":"tag-deportes","11":"tag-es","12":"tag-espana","13":"tag-laguna-negra","14":"tag-provincia","15":"tag-ruta","16":"tag-soria","17":"tag-spain","18":"tag-sports"},"share_on_mastodon":{"url":"https:\/\/pubeurope.com\/@es\/115599531254846404","error":""},"_links":{"self":[{"href":"https:\/\/www.europesays.com\/es\/wp-json\/wp\/v2\/posts\/251527","targetHints":{"allow":["GET"]}}],"collection":[{"href":"https:\/\/www.europesays.com\/es\/wp-json\/wp\/v2\/posts"}],"about":[{"href":"https:\/\/www.europesays.com\/es\/wp-json\/wp\/v2\/types\/post"}],"author":[{"embeddable":true,"href":"https:\/\/www.europesays.com\/es\/wp-json\/wp\/v2\/users\/2"}],"replies":[{"embeddable":true,"href":"https:\/\/www.europesays.com\/es\/wp-json\/wp\/v2\/comments?post=251527"}],"version-history":[{"count":0,"href":"https:\/\/www.europesays.com\/es\/wp-json\/wp\/v2\/posts\/251527\/revisions"}],"wp:featuredmedia":[{"embeddable":true,"href":"https:\/\/www.europesays.com\/es\/wp-json\/wp\/v2\/media\/251528"}],"wp:attachment":[{"href":"https:\/\/www.europesays.com\/es\/wp-json\/wp\/v2\/media?parent=251527"}],"wp:term":[{"taxonomy":"category","embeddable":true,"href":"https:\/\/www.europesays.com\/es\/wp-json\/wp\/v2\/categories?post=251527"},{"taxonomy":"post_tag","embeddable":true,"href":"https:\/\/www.europesays.com\/es\/wp-json\/wp\/v2\/tags?post=251527"}],"curies":[{"name":"wp","href":"https:\/\/api.w.org\/{rel}","templated":true}]}}