{"id":251531,"date":"2025-11-23T14:42:09","date_gmt":"2025-11-23T14:42:09","guid":{"rendered":"https:\/\/www.europesays.com\/es\/251531\/"},"modified":"2025-11-23T14:42:09","modified_gmt":"2025-11-23T14:42:09","slug":"florentino-perez-anuncia-que-el-real-madrid-dara-entrada-a-un-socio-inversor-tras-un-referendum","status":"publish","type":"post","link":"https:\/\/www.europesays.com\/es\/251531\/","title":{"rendered":"Florentino P\u00e9rez anuncia que el Real Madrid dar\u00e1 entrada a un socio inversor tras un refer\u00e9ndum"},"content":{"rendered":"<p><a href=\"https:\/\/www.vozpopuli.com\/economia\/florentino-perez-pisa-el-acelerador-de-la-reforma-del-real-madrid-para-dar-entrada-a-capital-privado.html\" rel=\"nofollow noopener\" target=\"_blank\">Florentino P\u00e9rez<\/a> ha pisado el acelerador de la reforma del Real Madrid para dar entrada a capital privado, sin comprometer el control de los socios. El presidente ha anunciado la convocatoria de una <a href=\"https:\/\/www.vozpopuli.com\/economia\/florentino-perez-pisa-el-acelerador-de-la-reforma-del-real-madrid-para-dar-entrada-a-capital-privado.html\" rel=\"nofollow noopener\" target=\"_blank\"><strong>asamblea extraordinaria<\/strong><\/a>\u00a0en las <a href=\"https:\/\/www.vozpopuli.com\/economia\/florentino-perez-pisa-el-acelerador-de-la-reforma-del-real-madrid-para-dar-entrada-a-capital-privado.html\" rel=\"nofollow noopener\" target=\"_blank\"><strong>pr\u00f3ximas semanas<\/strong><\/a> en la que se plantear\u00e1 a los <strong>socios compromisarios<\/strong>\u00a0una <strong>reforma estatutaria<\/strong> que, tras su aprobaci\u00f3n en\u00a0<strong>refer\u00e9ndum<\/strong>,\u00a0\u00ab<strong>pondr\u00e1 en valor<\/strong>\u00bb al club con\u00a0<strong>la entrada de capital privado y otorgar\u00eda \u00abderechos econ\u00f3micos\u00bb a sus socios actuales<\/strong>. El objetivo es combinar la tradici\u00f3n asociativa del club con la necesidad de captar nuevos recursos para sostener su competitividad global en un escenario deportivo y financiero cada vez m\u00e1s exigente.\u00a0\u00a0<\/p>\n<p>El presidente ha confirmado que el proyecto se apoyar\u00e1 en\u00a0la creaci\u00f3n de <a href=\"https:\/\/www.vozpopuli.com\/economia\/empresas\/tension-en-el-real-madrid-por-la-conversion-societaria-laghrari-propone-una-filial-y-chitin-exige-referendum.html\" rel=\"nofollow noopener\" target=\"_blank\"><strong>una filial mercantil<\/strong><\/a> vinculada al club, que permitir\u00e1 la entrada de un inversor externo con una participaci\u00f3n minoritaria, de\u00a0<strong>entre un 5% y un 10%, sobre el que el club conservar\u00eda la opci\u00f3n de recompra. P\u00e9rez ha deslizado que el primer movimiento\u00a0ser\u00eda de un 5%, estimado en unos 500 millones<\/strong>.<\/p>\n<p>La arquitectura jur\u00eddica procurar\u00e1 garantizar que los inversores no participar\u00e1n en la gobernanza del club ni tendr\u00e1n derecho a dividendos inmediatos -aunque s\u00ed a retornos a medio plazo-, preservando as\u00ed el control efectivo de los socios.\u00a0Para habilitar esta f\u00f3rmula, el Real Madrid impulsar\u00e1 una reforma estatutaria que deber\u00e1 aprobarse en una <strong>asamblea extraordinaria en las pr\u00f3ximas semanas<\/strong>\u00a0donde se convocar\u00eda <a href=\"https:\/\/www.vozpopuli.com\/economia\/florentino-perez-reforma-societaria-real-madrid.html\" rel=\"nofollow noopener\" target=\"_blank\">un\u00a0<strong>refer\u00e9ndum <\/strong>a los socios para 2026<\/a>, un paso indispensable para dar cobertura formal a la entrada de capital privado.<\/p>\n<p>Si bien <strong>el presidente ha reivindicado la \u00abunidad\u00bb en la Junta Directiva respecto al proceso<\/strong>, lo cierto es que la decisi\u00f3n se produce tras <a href=\"https:\/\/www.vozpopuli.com\/economia\/empresas\/tension-en-el-real-madrid-por-la-conversion-societaria-laghrari-propone-una-filial-y-chitin-exige-referendum.html\" rel=\"nofollow noopener\" target=\"_blank\">meses de debate interno<\/a> entre los equipos jur\u00eddico y financiero. <strong>Jos\u00e9 Luis del Valle<\/strong>, abogado del Estado y secretario general, defendi\u00f3 la necesidad de someter la operaci\u00f3n a un refer\u00e9ndum para blindarla desde el punto de vista legal, mientras que <strong>Anas Laghrari<\/strong>, asesor financiero de m\u00e1xima confianza del presidente, puso sobre la mesa la f\u00f3rmula de una <a href=\"https:\/\/www.vozpopuli.com\/economia\/empresas\/tension-en-el-real-madrid-por-la-conversion-societaria-laghrari-propone-una-filial-y-chitin-exige-referendum.html\" rel=\"nofollow noopener\" target=\"_blank\">filial mercantil<\/a>, que podr\u00eda consumarse sin refer\u00e9ndum,\u00a0para avanzar con rapidez en los contactos preliminares con inversores internacionales.<\/p>\n<p>Finalmente, P\u00e9rez ha conseguido\u00a0armonizar ambas visiones. El presidente ha optado por llevar la medida a consulta para asegurar legitimidad interna y protecci\u00f3n jur\u00eddica, al tiempo que, tras asumir su f\u00f3rmula mercantil, mantiene a Laghrari al frente de la estrategia financiera y de captaci\u00f3n de capital.<\/p>\n<p>El &#8216;banquero&#8217; de confianza del presidente\u00a0ha empezado a entablar desde hace meses <a href=\"https:\/\/www.vozpopuli.com\/economia\/empresas\/sixth-street-y-el-dueno-de-louis-vuitton-mueven-ficha-ante-el-plan-del-real-madrid-de-abrirse-a-capital-privado.html\" rel=\"nofollow noopener\" target=\"_blank\">conversaciones exploratorias<\/a> con fondos internacionales y grandes fortunas familiares, tanto europeas como estadounidenses. Entre los interesados figuran <strong>Sixth Street<\/strong> y la <strong>familia Arnault<\/strong>, que han comenzado a <a href=\"https:\/\/www.vozpopuli.com\/economia\/empresas\/sixth-street-y-el-dueno-de-louis-vuitton-mueven-ficha-ante-el-plan-del-real-madrid-de-abrirse-a-capital-privado.html\" rel=\"nofollow noopener\" target=\"_blank\">monitorizar<\/a> la reacci\u00f3n de los socios y aficionados a la entrada de capital inversor.<\/p>\n<p>El club asegura que la estructura planteada no alterar\u00e1 la esencia del modelo de propiedad, ya que cada socio recibir\u00eda participaciones limitadas, restringidas a una por persona y negociables \u00fanicamente en un mercado interno controlado entre socios.<\/p>\n<p>M\u00e1s de 10.000 millones de valoraci\u00f3n<\/p>\n<p>La valoraci\u00f3n del club ser\u00e1 uno de los ejes centrales para atraer inversores. Con la expansi\u00f3n global de la marca, el impulso del nuevo Bernab\u00e9u y la expectativa de albergar eventos premium como la NFL, las estimaciones internas se\u00f1alan que el Real Madrid podr\u00eda superar los <strong>10.000 millones de euros de valoraci\u00f3n<\/strong>.<\/p>\n<p>Durante la presentaci\u00f3n, P\u00e9rez a\u00f1adi\u00f3 otras actualizaciones clave sobre proyectos estrat\u00e9gicos del club. Confirm\u00f3 que la <strong>insonorizaci\u00f3n del Bernab\u00e9u estar\u00e1 terminada en diciembre<\/strong>, un paso decisivo para consolidar el estadio como espacio multifuncional con actividad constante.<\/p>\n<p>Subray\u00f3 igualmente que el proyecto para un <a href=\"https:\/\/www.vozpopuli.com\/economia\/empresas\/la-nueva-operacion-con-la-que-florentino-perez-espera-ingresar-300-m-a-las-cuentas-del-real-madrid.html\" rel=\"nofollow noopener\" target=\"_blank\">distrito tecnol\u00f3gico de Valdebebas<\/a> generar\u00e1 \u201cmuchos millones\u201d en ingresos para apuntalar la sostenibilidad financiera a largo plazo. Adem\u00e1s, anunci\u00f3 que el Real Madrid ya ha iniciado el proceso para <a href=\"https:\/\/www.vozpopuli.com\/economia\/florentino-perez-prepara-un-eventual-pleito-milmillonario-contra-uefa-para-forzar-un-acuerdo.html\" rel=\"nofollow noopener\" target=\"_blank\">reclamar miles de millones a la UEFA<\/a> tras la resoluci\u00f3n favorable de la <strong>Audiencia Provincial de Madrid<\/strong> en el caso de la Superliga, y desliz\u00f3 que cualquier entendimiento con el ente europeo pasar\u00eda por una negociaci\u00f3n alrededor de la plataforma de emisi\u00f3n del f\u00fatbol que plantea el Real Madrid.<\/p>\n<p>Tambi\u00e9n destac\u00f3 que el concepto \u00abBernab\u00e9u Infinito\u00bb con Apple ser\u00e1 muy relevante para el futuro audiovisual y tecnol\u00f3gico del club, y avanz\u00f3 que las conversaciones sobre los aparcamientos se llevar\u00e1n a cabo con el <strong>Ayuntamiento de Madrid<\/strong> para definir la soluci\u00f3n definitiva.<\/p>\n<p>La voluntad del presidente es que la votaci\u00f3n pueda celebrarse en una fase temprana de 2026, una vez completados los preparativos jur\u00eddicos y financieros. P\u00e9rez conf\u00eda en que el refer\u00e9ndum sirva para consolidar este proyecto de modernizaci\u00f3n estructural sin comprometer la identidad hist\u00f3rica del Real Madrid, un equilibrio que considera fundamental para afrontar la pr\u00f3xima d\u00e9cada.<\/p>\n","protected":false},"excerpt":{"rendered":"Florentino P\u00e9rez ha pisado el acelerador de la reforma del Real Madrid para dar entrada a capital privado,&hellip;\n","protected":false},"author":2,"featured_media":251532,"comment_status":"","ping_status":"","sticky":false,"template":"","format":"standard","meta":{"footnotes":""},"categories":[268],"tags":[168,25,24,280,282,281,23,167],"class_list":{"0":"post-251531","1":"post","2":"type-post","3":"status-publish","4":"format-standard","5":"has-post-thumbnail","7":"category-futbol","8":"tag-deportes","9":"tag-es","10":"tag-espana","11":"tag-football","12":"tag-futbol","13":"tag-soccer","14":"tag-spain","15":"tag-sports"},"share_on_mastodon":{"url":"https:\/\/pubeurope.com\/@es\/115599543405313104","error":""},"_links":{"self":[{"href":"https:\/\/www.europesays.com\/es\/wp-json\/wp\/v2\/posts\/251531","targetHints":{"allow":["GET"]}}],"collection":[{"href":"https:\/\/www.europesays.com\/es\/wp-json\/wp\/v2\/posts"}],"about":[{"href":"https:\/\/www.europesays.com\/es\/wp-json\/wp\/v2\/types\/post"}],"author":[{"embeddable":true,"href":"https:\/\/www.europesays.com\/es\/wp-json\/wp\/v2\/users\/2"}],"replies":[{"embeddable":true,"href":"https:\/\/www.europesays.com\/es\/wp-json\/wp\/v2\/comments?post=251531"}],"version-history":[{"count":0,"href":"https:\/\/www.europesays.com\/es\/wp-json\/wp\/v2\/posts\/251531\/revisions"}],"wp:featuredmedia":[{"embeddable":true,"href":"https:\/\/www.europesays.com\/es\/wp-json\/wp\/v2\/media\/251532"}],"wp:attachment":[{"href":"https:\/\/www.europesays.com\/es\/wp-json\/wp\/v2\/media?parent=251531"}],"wp:term":[{"taxonomy":"category","embeddable":true,"href":"https:\/\/www.europesays.com\/es\/wp-json\/wp\/v2\/categories?post=251531"},{"taxonomy":"post_tag","embeddable":true,"href":"https:\/\/www.europesays.com\/es\/wp-json\/wp\/v2\/tags?post=251531"}],"curies":[{"name":"wp","href":"https:\/\/api.w.org\/{rel}","templated":true}]}}