{"id":251533,"date":"2025-11-23T14:43:09","date_gmt":"2025-11-23T14:43:09","guid":{"rendered":"https:\/\/www.europesays.com\/es\/251533\/"},"modified":"2025-11-23T14:43:09","modified_gmt":"2025-11-23T14:43:09","slug":"carlos-felipe-de-orleans-y-naomi-kern-esperan-su-primer-hijo-en-comun-un-flechazo-convertido-en-amor-capaz-de-superar-barreras-dinasticas","status":"publish","type":"post","link":"https:\/\/www.europesays.com\/es\/251533\/","title":{"rendered":"Carlos Felipe de Orleans y Naomi Kern esperan su primer hijo en com\u00fan: un flechazo convertido en amor capaz de superar barreras din\u00e1sticas"},"content":{"rendered":"<p><a href=\"https:\/\/www.revistavanityfair.es\/articulos\/carlos-felipe-orleans-comprimiso-boda-naomi-kern\" rel=\"nofollow noopener\" target=\"_blank\">Carlos Felipe de Orleans y Naomi-Valeska Kern<\/a> est\u00e1n felices y han querido compartirlo haciendo p\u00fablica la noticia de que van a ser padres. El viernes emitieron un comunicado en el que anunciaban que su primer hijo en com\u00fan, del que no han revelado si ser\u00e1 ni\u00f1o o ni\u00f1a, nacer\u00e1 la pr\u00f3xima primavera. \u201cA la espera de ese d\u00eda bendito, Sus Altezas Reales agradecen a todas las personas que se unir\u00e1n a su felicidad y rezan para que este momento de alegr\u00eda est\u00e9 rodeado de paz y amor\u201d, expresan.<\/p>\n<p>Una noticia que, sin duda, llena de felicidad al hijo de <a href=\"https:\/\/www.revistavanityfair.es\/articulos\/beatriz-de-orleans-marido-hijos-quienes-son-familia-divorcio\" rel=\"nofollow noopener\" target=\"_blank\">Beatriz de Orleans<\/a> con la exmodelo y empresaria. La pareja se cas\u00f3  en septiembre de 2023 en una ceremonia civil en el Ayuntamiento de Par\u00eds. La novia luci\u00f3 un vestido abrigo de la firma madrile\u00f1a <strong>Valenzuela Atelier<\/strong> en color gris n\u00e1car confeccionado en tafet\u00e1n con manga francesa y detalle de tul fruncido en uno de los hombros.<\/p>\n<p>Era la segunda boda del duque de Anjou, que antes hab\u00eda estado casado con  la noble portuguesa <strong>Diana<\/strong> <strong>Alvares Pereira de Melos<\/strong>, duquesa de Cadaval, con quien tuvo a su hija Isabel. La joven de 13 a\u00f1os, <strong>ahijada del rey Felipe VI<\/strong> por la estrecha relaci\u00f3n entre ambas familias y la gran amistad que comparte el monarca con Carlos Felipe de Orleans, tendr\u00e1, por tanto un hermano o hermana el pr\u00f3ximo a\u00f1o. El peque\u00f1o ser\u00e1 el nieto n\u00famero 14 de Michel y Beatriz de Orelans.<\/p>\n<p>Naomi tambi\u00e9n estuvo casa antes, con el dise\u00f1ador alem\u00e1n <a href=\"https:\/\/www.revistavanityfair.es\/sociedad\/celebrities\/articulos\/muerte-otto-kern-principado-de-monaco\/27782\" rel=\"nofollow noopener\" target=\"_blank\">Otto Kern<\/a> fallecido de forma tr\u00e1gica en M\u00f3naco en 2017 y con quien no tuvo hijos.<\/p>\n<p>El amor surgi\u00f3 entre los futuros padres de forma casi inmediata, nada m\u00e1s verde durante un almuerzo en 2019 en M\u00f3naco; aunque tuvieron que esperar dos a\u00f1os hasta que pudieron constatar que aquello que sent\u00edan pod\u00eda ser real. \u00c9l ha dicho que ella es la mujer de su vida. Desde luego, han superado una importante prueba de amor. Bastante pol\u00e9mica, adem\u00e1s, ya que la Casa Real de Francia a la que \u00e9l pertenece no reconoce el divorcio e impide el matrimonio civil, tiene que ser por cat\u00f3lico, \u2014exige, adem\u00e1s, el visto bueno del Jefe de la Casa Real, el primo hermano del pr\u00edncipe, Juan de Orleans\u2014, y en caso de producirse provoca la p\u00e9rdida del t\u00edtulo de Alteza Real; algo que le sucedi\u00f3 al pr\u00edncipe con su boda.<\/p>\n<p>Carlos Felipe de Orleans sigue siendo pr\u00edncipe y duque de Anjou, aunque ya no puede hacerse llamar Alteza Real. Ella, por su parte, no obtuvo con el matrimonio ning\u00fan t\u00edtulo, ni el de princesa \u2014lo sigue siendo su ex\u2014 ni puede usar el de duquesa de Anjou, aunque se le puede llamar Madame Charles-Philippe d&#8217;Orleans, <a data-offer-url=\"https:\/\/comtedeparis.com\/blog\/actualites\/165-communique-relatif-au-divorce-et-au-projet-de-remariage-civil-de-s-a-r-le-prince-charles-philippe-dorleans-duc-danjou-26-juillet-2023\" class=\"external-link\" data-event-click=\"{&quot;element&quot;:&quot;ExternalLink&quot;,&quot;outgoingURL&quot;:&quot;https:\/\/comtedeparis.com\/blog\/actualites\/165-communique-relatif-au-divorce-et-au-projet-de-remariage-civil-de-s-a-r-le-prince-charles-philippe-dorleans-duc-danjou-26-juillet-2023&quot;}\" href=\"https:\/\/comtedeparis.com\/blog\/actualites\/165-communique-relatif-au-divorce-et-au-projet-de-remariage-civil-de-s-a-r-le-prince-charles-philippe-dorleans-duc-danjou-26-juillet-2023\" rel=\"nofollow noopener\" target=\"_blank\">como precis\u00f3<\/a> en su momento el conde de Par\u00eds. Su hijo, en principio, tampoco podr\u00e1 reclamar el desaparecido trono franc\u00e9s con, sin embargo, varios aspirantes.<\/p>\n","protected":false},"excerpt":{"rendered":"Carlos Felipe de Orleans y Naomi-Valeska Kern est\u00e1n felices y han querido compartirlo haciendo p\u00fablica la noticia de&hellip;\n","protected":false},"author":2,"featured_media":251534,"comment_status":"","ping_status":"","sticky":false,"template":"","format":"standard","meta":{"footnotes":""},"categories":[174],"tags":[255,146,147,25,24,256,492,23,8373,8374],"class_list":{"0":"post-251533","1":"post","2":"type-post","3":"status-publish","4":"format-standard","5":"has-post-thumbnail","7":"category-famosos","8":"tag-celebrities","9":"tag-entertainment","10":"tag-entretenimiento","11":"tag-es","12":"tag-espana","13":"tag-famosos","14":"tag-sociedad","15":"tag-spain","16":"tag-textaboveleftsmall","17":"tag-web"},"share_on_mastodon":{"url":"https:\/\/pubeurope.com\/@es\/115599547346416301","error":""},"_links":{"self":[{"href":"https:\/\/www.europesays.com\/es\/wp-json\/wp\/v2\/posts\/251533","targetHints":{"allow":["GET"]}}],"collection":[{"href":"https:\/\/www.europesays.com\/es\/wp-json\/wp\/v2\/posts"}],"about":[{"href":"https:\/\/www.europesays.com\/es\/wp-json\/wp\/v2\/types\/post"}],"author":[{"embeddable":true,"href":"https:\/\/www.europesays.com\/es\/wp-json\/wp\/v2\/users\/2"}],"replies":[{"embeddable":true,"href":"https:\/\/www.europesays.com\/es\/wp-json\/wp\/v2\/comments?post=251533"}],"version-history":[{"count":0,"href":"https:\/\/www.europesays.com\/es\/wp-json\/wp\/v2\/posts\/251533\/revisions"}],"wp:featuredmedia":[{"embeddable":true,"href":"https:\/\/www.europesays.com\/es\/wp-json\/wp\/v2\/media\/251534"}],"wp:attachment":[{"href":"https:\/\/www.europesays.com\/es\/wp-json\/wp\/v2\/media?parent=251533"}],"wp:term":[{"taxonomy":"category","embeddable":true,"href":"https:\/\/www.europesays.com\/es\/wp-json\/wp\/v2\/categories?post=251533"},{"taxonomy":"post_tag","embeddable":true,"href":"https:\/\/www.europesays.com\/es\/wp-json\/wp\/v2\/tags?post=251533"}],"curies":[{"name":"wp","href":"https:\/\/api.w.org\/{rel}","templated":true}]}}