{"id":251535,"date":"2025-11-23T14:44:13","date_gmt":"2025-11-23T14:44:13","guid":{"rendered":"https:\/\/www.europesays.com\/es\/251535\/"},"modified":"2025-11-23T14:44:13","modified_gmt":"2025-11-23T14:44:13","slug":"construyen-el-edificio-mas-alto-de-latinoamerica-en-que-pais-estara-la-joya-arquitectonica-con-mas-de-470-metros-de-altura","status":"publish","type":"post","link":"https:\/\/www.europesays.com\/es\/251535\/","title":{"rendered":"Construyen el edificio m\u00e1s alto de Latinoam\u00e9rica: en qu\u00e9 pa\u00eds estar\u00e1 la joya arquitect\u00f3nica con m\u00e1s de 470 metros de altura"},"content":{"rendered":"<p>Con fecha de finalizaci\u00f3n prevista para 2026, una imponente torre apunta a convertirse no solo en el edificio m\u00e1s alto de la regi\u00f3n, sino tambi\u00e9n en un s\u00edmbolo de innovaci\u00f3n, modernidad y orgullo regional.<a class=\"link\" href=\"https:\/\/www.canal26.com\/redactor\/canal-26\/\" target=\"_self\" rel=\"nofollow noopener\"><img src=\"https:\/\/www.europesays.com\/es\/wp-content\/uploads\/2025\/11\/https:\/\/author-service-images-prod-us-east-1.publishing.aws.arc.pub\/canal26\/930062c7-ca02-4f9c-8c7d-.jpeg\" alt=\"Canal 26\" class=\"global-image twoxl-1-1 xl-1-1 lg-1-1 md-1-1 sm-1-1 xsm-1-1\" decoding=\"async\"   fetchpriority=\"low\" loading=\"lazy\"\/><\/a>Por <a class=\"link\" href=\"https:\/\/www.canal26.com\/redactor\/canal-26\/\" rel=\"noopener noreferrer nofollow\" target=\"_blank\">Canal 26abre en nueva pesta\u00f1a<\/a><\/p>\n<p>domingo, 23 de noviembre de 2025, 13:50<\/p>\n<p><img src=\"https:\/\/www.europesays.com\/es\/wp-content\/uploads\/2025\/11\/DFQOS2RVSBGKTPNHD7SKEJKB7E.png\" alt=\"El edificio m\u00e1s alto de Latinoam\u00e9rica.\" class=\"global-image twoxl-16-9 xl-16-9 lg-16-9 md-16-9 sm-16-9 xsm-16-9\" decoding=\"async\"   fetchpriority=\"high\" loading=\"eager\"\/>El edificio m\u00e1s alto de Latinoam\u00e9rica. Foto: Rise Tower. <\/p>\n<p class=\"article-body__paragraph\">En una regi\u00f3n donde <a href=\"https:\/\/www.canal26.com\/internacionales\/2025\/11\/05\/donde-queda-el-edificio-mas-alto-de-sudamerica-mide-300-metros-tiene-62-pisos-y-ofrece-vistas-increibles-de-una-importante-ciudad\/\" target=\"_blank\" rel=\"noreferrer nofollow noopener\" title=\"https:\/\/www.canal26.com\/internacionales\/2025\/11\/05\/donde-queda-el-edificio-mas-alto-de-sudamerica-mide-300-metros-tiene-62-pisos-y-ofrece-vistas-increibles-de-una-importante-ciudad\/\">la Gran Torre Costanera<\/a>, ubicada en Santiago de Chile, ya parece tocar el cielo con sus 300 metros, ahora empieza a circular un rumor que la deja chiquita: un nuevo rascacielos promete superar los <b>470 metros de altura<\/b> y romper todos los r\u00e9cords de <a href=\"https:\/\/www.canal26.com\/internacionales\/2025\/08\/18\/argentina-es-el-pais-mas-odiado-de-america-latina-cuales-son-las-razones-para-estar-en-lo-mas-alto-del-podio\/\" target=\"_blank\" rel=\"noreferrer nofollow noopener\" title=\"https:\/\/www.canal26.com\/internacionales\/2025\/08\/18\/argentina-es-el-pais-mas-odiado-de-america-latina-cuales-son-las-razones-para-estar-en-lo-mas-alto-del-podio\/\">Latinoam\u00e9rica<\/a>.<\/p>\n<p class=\"article-body__paragraph\">El rascacielos se est\u00e1 levantando en <b>Monterrey, Nuevo Le\u00f3n<\/b>, una de las ciudades m\u00e1s desarrolladas y con mayor crecimiento industrial de <b>M\u00e9xico<\/b>. La obra, conocida como <b>Torre Rise<\/b>, alcanzar\u00e1 los 475 metros de altura y 100 pisos, superando todos los r\u00e9cords anteriores.<\/p>\n<p><img src=\"https:\/\/www.europesays.com\/es\/wp-content\/uploads\/2025\/11\/73WYM3HJ5RDHRKOSIKT22DTVT4.png\" alt=\"\" class=\"global-image twoxl-800-533 xl-800-533 lg-800-533 md-800-533 sm-800-533 xsm-800-533\" decoding=\"async\"   fetchpriority=\"low\" loading=\"lazy\"\/>El edificio m\u00e1s alto de Latinoam\u00e9rica. Foto: Ancore Development Group, Render by Pozas Arquitectos. <\/p>\n<p class=\"article-body__paragraph\">Se trata de una obra monumental que promete volverse un \u00edcono de la arquitectura moderna al convertirse en <b>el edificio m\u00e1s alto de la regi\u00f3n<\/b>. Con un dise\u00f1o innovador, este proyecto busca impulsar el turismo, atraer inversiones y marcar un antes y un despu\u00e9s en la forma en que se planifican las grandes ciudades del continente.<\/p>\n<p class=\"article-body__paragraph\">La torre contar\u00e1 con acceso directo al Metro, conectando el <b>Aeropuerto Internacional de Monterrey<\/b> con el centro de la ciudad y el<b> Estadio BBVA<\/b>, que ser\u00e1 una de las sedes del Mundial 2026.<\/p>\n<p>Tambi\u00e9n podr\u00eda interesarte<img src=\"https:\/\/www.europesays.com\/es\/wp-content\/uploads\/2025\/11\/CVVKWVFKYFHL7LB2AHOLGY62GA.png\" alt=\"\" class=\"global-image twoxl-800-517 xl-800-517 lg-800-517 md-800-517 sm-800-517 xsm-800-517\" decoding=\"async\"   fetchpriority=\"low\" loading=\"lazy\"\/>Con un dise\u00f1o muy moderno, el edificio promete ser un \u00edcono de Monterrey. Foto: Rise Tower <\/p>\n<p class=\"article-body__paragraph\">La Torre Rise contar\u00e1 con un <b>mirador panor\u00e1mico de tres niveles<\/b>, conocido como SkyDeck 360\u00b0, desde donde se podr\u00e1 apreciar una vista completa y privilegiada de toda la ciudad. Adem\u00e1s, el complejo integrar\u00e1 <b>departamentos, oficinas y hoteles<\/b>, lo que lo convertir\u00e1 en un espacio multifuncional pensado para vivir, trabajar y alojarse en el mismo lugar.<\/p>\n<p class=\"article-body__paragraph\">Uno de los elementos m\u00e1s llamativos del proyecto ser\u00e1 un <b>puente peatonal<\/b> que cruzar\u00e1 el R\u00edo Santa Catarina y conectar\u00e1 ambos lados de la zona Obispado, facilitando el acceso y convirti\u00e9ndose tambi\u00e9n en un nuevo atractivo urbano. A esto se sumar\u00e1n <b>mejoras viales en las avenidas principales<\/b>, con el objetivo de optimizar la movilidad en una zona que se espera que gane a\u00fan m\u00e1s movimiento.<\/p>\n<p>Busca destronar al edificio m\u00e1s alto de Sudam\u00e9rica<\/p>\n<p class=\"article-body__paragraph\">El edificio m\u00e1s alto de Am\u00e9rica del Sur no es una obra arquitect\u00f3nica m\u00e1s. Con <b>300 metros de altura y 62 pisos<\/b>, el rascacielos integra oficinas, hoteles, locales comerciales y una plataforma de observaci\u00f3n que permite disfrutar de vistas panor\u00e1micas de una ciudad espectacular y la cordillera de los Andes, consolid\u00e1ndose como un \u00edcono urbano y tur\u00edstico.<\/p>\n<p><img src=\"https:\/\/www.europesays.com\/es\/wp-content\/uploads\/2025\/11\/1763909053_128_NGR3MJS67BBNDBH5F25MM6HXHY.png\" alt=\"\" class=\"global-image twoxl-2-1 xl-2-1 lg-2-1 md-2-1 sm-2-1 xsm-2-1\" decoding=\"async\"   fetchpriority=\"low\" loading=\"lazy\"\/>El edificio m\u00e1s alto de Sudam\u00e9rica. Foto: Pelli Clarke &amp; Partners <\/p>\n<p class=\"article-body__paragraph\">Se trata de la <b>Gran Torre Costanera<\/b>, ubicada en<b> Santiago de Chile<\/b>. Inaugurada oficialmente en 2014, su presencia modific\u00f3 por completo el perfil arquitect\u00f3nico de la ciudad. Su construcci\u00f3n represent\u00f3 un verdadero desaf\u00edo de ingenier\u00eda: gracias a la combinaci\u00f3n de concreto reforzado y acero estructural, el edificio fue dise\u00f1ado para mantener su estabilidad ante sismos y fuertes vientos, asegurando as\u00ed su resistencia y durabilidad.<\/p>\n<p class=\"article-body__paragraph\">A nivel global, la Gran Torre Costanera se encuentra lejos de los gigantes como el <b>Burj Khalifa <\/b>en Dub\u00e1i (828 metros) o la <b>Shanghai Tower<\/b> (632), pero lidera en Sudam\u00e9rica, marcando un nuevo est\u00e1ndar en la regi\u00f3n y consolidando a Santiago como un centro urbano moderno y competitivo en arquitectura.<\/p>\n","protected":false},"excerpt":{"rendered":"Con fecha de finalizaci\u00f3n prevista para 2026, una imponente torre apunta a convertirse no solo en el edificio&hellip;\n","protected":false},"author":2,"featured_media":251536,"comment_status":"","ping_status":"","sticky":false,"template":"","format":"standard","meta":{"footnotes":""},"categories":[173],"tags":[801,229,233,231,230,232,234,1155,146,147,25,24,1906,23],"class_list":{"0":"post-251535","1":"post","2":"type-post","3":"status-publish","4":"format-standard","5":"has-post-thumbnail","7":"category-arte-y-diseno","8":"tag-arquitectura","9":"tag-arte","10":"tag-arte-y-diseno","11":"tag-arts","12":"tag-arts-and-design","13":"tag-design","14":"tag-diseno","15":"tag-edificio","16":"tag-entertainment","17":"tag-entretenimiento","18":"tag-es","19":"tag-espana","20":"tag-mexico","21":"tag-spain"},"share_on_mastodon":{"url":"https:\/\/pubeurope.com\/@es\/115599551433510753","error":""},"_links":{"self":[{"href":"https:\/\/www.europesays.com\/es\/wp-json\/wp\/v2\/posts\/251535","targetHints":{"allow":["GET"]}}],"collection":[{"href":"https:\/\/www.europesays.com\/es\/wp-json\/wp\/v2\/posts"}],"about":[{"href":"https:\/\/www.europesays.com\/es\/wp-json\/wp\/v2\/types\/post"}],"author":[{"embeddable":true,"href":"https:\/\/www.europesays.com\/es\/wp-json\/wp\/v2\/users\/2"}],"replies":[{"embeddable":true,"href":"https:\/\/www.europesays.com\/es\/wp-json\/wp\/v2\/comments?post=251535"}],"version-history":[{"count":0,"href":"https:\/\/www.europesays.com\/es\/wp-json\/wp\/v2\/posts\/251535\/revisions"}],"wp:featuredmedia":[{"embeddable":true,"href":"https:\/\/www.europesays.com\/es\/wp-json\/wp\/v2\/media\/251536"}],"wp:attachment":[{"href":"https:\/\/www.europesays.com\/es\/wp-json\/wp\/v2\/media?parent=251535"}],"wp:term":[{"taxonomy":"category","embeddable":true,"href":"https:\/\/www.europesays.com\/es\/wp-json\/wp\/v2\/categories?post=251535"},{"taxonomy":"post_tag","embeddable":true,"href":"https:\/\/www.europesays.com\/es\/wp-json\/wp\/v2\/tags?post=251535"}],"curies":[{"name":"wp","href":"https:\/\/api.w.org\/{rel}","templated":true}]}}