{"id":251537,"date":"2025-11-23T14:46:12","date_gmt":"2025-11-23T14:46:12","guid":{"rendered":"https:\/\/www.europesays.com\/es\/251537\/"},"modified":"2025-11-23T14:46:12","modified_gmt":"2025-11-23T14:46:12","slug":"un-concursante-de-la-isla-de-las-tentaciones-explota-contra-sandra-barneda-falsa","status":"publish","type":"post","link":"https:\/\/www.europesays.com\/es\/251537\/","title":{"rendered":"Un concursante de &#8216;La isla de las tentaciones&#8217; explota contra Sandra Barneda: \u00abFalsa\u00bb"},"content":{"rendered":"<p>Desde que La isla de las tentaciones irrumpi\u00f3 como uno de los realities m\u00e1s comentados de la televisi\u00f3n, la figura de<strong> Sandra Barneda<\/strong> se ha convertido en un elemento indispensable del formato. <strong>Su manera de sostener las historias<\/strong>, acompa\u00f1ar a los participantes y<a href=\"https:\/\/okdiario.com\/sociedad\/rossana-zanetti-habla-sobre-participacion-isla-tentaciones-david-bisbal-15808649\" rel=\"nofollow noopener\" target=\"_blank\"> mantener la tensi\u00f3n en los momentos clave<\/a> ha sido aplaudida por muchos espectadores, que ven en ella una pieza central del \u00e9xito del programa.<\/p>\n<p><strong>La presentadora ha logrado crear un estilo propio en la forma de consolar<\/strong>, frenar o encarar a los concursantes, algo que contribuye a que cada edici\u00f3n genere debates, memes y <strong>un sinf\u00edn de reacciones<\/strong> en redes sociales. Sin embargo, no todos valoran su papel de la misma forma, y recientemente una voz conocida del propio concurso ha querido desmontar esa imagen emp\u00e1tica que tantos seguidores defienden.<\/p>\n<p><strong>Estamos hablando de Diego P\u00e9rez<\/strong>, participante de la tercera edici\u00f3n, quien vivi\u00f3 en primera persona todo lo que supone someter su relaci\u00f3n a la presi\u00f3n del programa junto a <a href=\"https:\/\/okdiario.com\/look\/famosos\/supervivientes-marta-lola-1203207\" rel=\"nofollow noopener\" target=\"_blank\">su entonces novia, Marta de Lola<\/a>. Tras dejar atr\u00e1s su etapa televisiva, se ha volcado por completo en las redes sociales, donde asegura que act\u00faa sin filtros y sin miedo a las consecuencias. Aprovechando esta libertad que \u00e9l mismo reivindica, ha arremetido con dureza contra Sandra Barneda, a quien acusa de mostrar una actitud totalmente opuesta a la que proyecta frente a las c\u00e1maras. <strong>Con la tranquilidad de quien afirma no tener ya nada que perder<\/strong>, confes\u00f3 que la mayor\u00eda de figuras televisivas evita criticar a presentadores porque consideran que tienen demasiado poder, pero \u00e9l insiste en que no se autocensura.<\/p>\n<p>Los ataques a Sandra Barneda<\/p>\n<p>El ex concursante sostiene que su percepci\u00f3n de <a href=\"https:\/\/okdiario.com\/noticias\/sandra-barneda\/\" rel=\"nofollow noopener\" target=\"_blank\">Sandra Barneda<\/a> cambi\u00f3 en el propio rodaje, cuando observ\u00f3 gestos y comportamientos que, seg\u00fan \u00e9l, respond\u00edan m\u00e1s a una interpretaci\u00f3n que a una reacci\u00f3n genuina. En un v\u00eddeo dirigido a sus seguidores, resumen de su filosof\u00eda de \u00abno cortarse\u00bb, explic\u00f3 que no pretende destrozar la imagen de la presentadora, aunque inmediatamente despu\u00e9s puntualiz\u00f3 que la considera <strong>\u00abmuy falsa\u00bb<\/strong>.<\/p>\n<p>A su juicio, <strong>las expresiones que Barneda muestra durante las<\/strong> <strong>hogueras<\/strong>, en especial cuando baja la mirada o aparenta empatizar con el sufrimiento de los participantes, no son naturales. Diego insiste en que esas reacciones forman parte de una actuaci\u00f3n premeditada y que la presentadora, lejos de sufrir con los concursantes, disfruta del drama que vive cada pareja en directo.<\/p>\n<p>Diego P\u00e9rez se\u00f1ala a la presentadora<\/p>\n<p><img loading=\"lazy\" decoding=\"async\" class=\"size-medium wp-image-15812431\" alt=\"\" width=\"620\" height=\"411\"  src=\"https:\/\/www.europesays.com\/es\/wp-content\/uploads\/2025\/11\/diego-perez-en-la-isla-de-las-tentaciones-620x411.jpg\" \/> Diego P\u00e9rez en \u2018La isla de las tentaciones\u2019. (Foto: Telecinco)<\/p>\n<p><a href=\"https:\/\/okdiario.com\/happyfm\/asi-diego-perez-polemico-concursante-isla-tentaciones-que-participa-supervivientes-2023-10520974\" rel=\"nofollow noopener\" target=\"_blank\">Diego P\u00e9rez<\/a> fue incluso m\u00e1s all\u00e1 al se\u00f1alar que la presentadora act\u00faa siguiendo estrictamente las indicaciones del programa, lo que, en su opini\u00f3n, le quita credibilidad y la hace ver como alguien hip\u00f3crita. Aunque reconoce que su trabajo como conductora del formato est\u00e1 bien ejecutado, asegura que como actriz no podr\u00eda dedicarse a ello, ya que considera que sobreact\u00faa en los momentos de mayor tensi\u00f3n emocional. <strong>Sus palabras<\/strong> tambi\u00e9n dejan entrever una profunda antipat\u00eda personal, pues no solo cuestiona su profesionalidad, sino que admite que le cuesta soportar lo que \u00e9l llama \u00abcaras exageradas\u00bb y comportamientos demasiado teatrales.<\/p>\n<p>Sin embargo, <strong>estas declaraciones<\/strong> no han tardado en generar una respuesta contundente desde el propio universo del programa. Josu\u00e9 Bernal, concursante de la cuarta edici\u00f3n y alguien que vivi\u00f3 una experiencia muy distinta con Barneda, defendi\u00f3 p\u00fablicamente a <strong>la presentadora<\/strong>. Seg\u00fan cuenta, la vio implicarse emocionalmente hasta el punto de tener que frenar grabaciones por verse desbordada por el llanto. Para \u00e9l, esa implicaci\u00f3n no era fingida, sino una muestra de la empat\u00eda real con la que Sandra se enfrenta a los momentos m\u00e1s dif\u00edciles del formato.<\/p>\n<p>Diego P\u00e9rez pierde el miedo<\/p>\n<p>A pesar de la <strong>controversia<\/strong>, Diego insiste en que no teme las repercusiones de sus palabras y recalca que ya no siente el peso de la \u00abautoridad\u00bb que, seg\u00fan \u00e9l, ejercen los presentadores dentro del mundo televisivo. Incluso repiti\u00f3 en varias ocasiones su disposici\u00f3n a seguir diciendo lo que piensa, aunque sus opiniones puedan resultar inc\u00f3modas o romper la imagen p\u00fablica de ciertas figuras del medio.<\/p>\n<p><strong>Su acusaci\u00f3n sigue siendo la misma<\/strong>: cree que Sandra Barneda exagera su empat\u00eda en las hogueras y que sus gestos, lejos de transmitir compasi\u00f3n, forman parte de un montaje que busca potenciar el dramatismo del programa. Este desencuentro entre dos ex protagonistas del formato refleja, en \u00faltima instancia, el impacto que La isla de las tentaciones tiene no solo sobre los espectadores, sino tambi\u00e9n sobre quienes han vivido la experiencia desde dentro, donde la l\u00ednea entre realidad y espect\u00e1culo se difumina m\u00e1s de lo que muchos imaginan.<\/p>\n","protected":false},"excerpt":{"rendered":"Desde que La isla de las tentaciones irrumpi\u00f3 como uno de los realities m\u00e1s comentados de la televisi\u00f3n,&hellip;\n","protected":false},"author":2,"featured_media":251538,"comment_status":"","ping_status":"","sticky":false,"template":"","format":"standard","meta":{"footnotes":""},"categories":[171],"tags":[146,147,25,24,23,214],"class_list":{"0":"post-251537","1":"post","2":"type-post","3":"status-publish","4":"format-standard","5":"has-post-thumbnail","7":"category-tv","8":"tag-entertainment","9":"tag-entretenimiento","10":"tag-es","11":"tag-espana","12":"tag-spain","13":"tag-tv"},"share_on_mastodon":{"url":"https:\/\/pubeurope.com\/@es\/115599559272579458","error":""},"_links":{"self":[{"href":"https:\/\/www.europesays.com\/es\/wp-json\/wp\/v2\/posts\/251537","targetHints":{"allow":["GET"]}}],"collection":[{"href":"https:\/\/www.europesays.com\/es\/wp-json\/wp\/v2\/posts"}],"about":[{"href":"https:\/\/www.europesays.com\/es\/wp-json\/wp\/v2\/types\/post"}],"author":[{"embeddable":true,"href":"https:\/\/www.europesays.com\/es\/wp-json\/wp\/v2\/users\/2"}],"replies":[{"embeddable":true,"href":"https:\/\/www.europesays.com\/es\/wp-json\/wp\/v2\/comments?post=251537"}],"version-history":[{"count":0,"href":"https:\/\/www.europesays.com\/es\/wp-json\/wp\/v2\/posts\/251537\/revisions"}],"wp:featuredmedia":[{"embeddable":true,"href":"https:\/\/www.europesays.com\/es\/wp-json\/wp\/v2\/media\/251538"}],"wp:attachment":[{"href":"https:\/\/www.europesays.com\/es\/wp-json\/wp\/v2\/media?parent=251537"}],"wp:term":[{"taxonomy":"category","embeddable":true,"href":"https:\/\/www.europesays.com\/es\/wp-json\/wp\/v2\/categories?post=251537"},{"taxonomy":"post_tag","embeddable":true,"href":"https:\/\/www.europesays.com\/es\/wp-json\/wp\/v2\/tags?post=251537"}],"curies":[{"name":"wp","href":"https:\/\/api.w.org\/{rel}","templated":true}]}}