{"id":251539,"date":"2025-11-23T14:47:18","date_gmt":"2025-11-23T14:47:18","guid":{"rendered":"https:\/\/www.europesays.com\/es\/251539\/"},"modified":"2025-11-23T14:47:18","modified_gmt":"2025-11-23T14:47:18","slug":"el-fan-australiano-que-se-abalanzo-sobre-ariana-grande-condenado-a-9-dias-de-carcel","status":"publish","type":"post","link":"https:\/\/www.europesays.com\/es\/251539\/","title":{"rendered":"El fan australiano que se abalanz\u00f3 sobre Ariana Grande, condenado a 9 d\u00edas de c\u00e1rcel"},"content":{"rendered":"<p class=\"c-paragraph\">Un tribunal de Singapur conden\u00f3 este lunes a nueve d\u00edas de c\u00e1rcel por el delito de <b>alterar el orden p\u00fablico<\/b> a <a href=\"https:\/\/www.20minutos.es\/gente\/un-fan-asalta-ariana-grande-singapur-su-companera-wiked-cynthia-erivo-defiende-empujones_6897533_0.html\" title=\"Un fan asalta a Ariana Grande en Singapur y su compa\u00f1era de &#039;Wicked&#039;, Cynthia Erivo, la defiende a empujones\" rel=\"nofollow noopener\" target=\"_blank\">un fan australiano que se abalanz\u00f3 sobre\u00a0Ariana Grande<\/a> durante el estreno de la pel\u00edcula Wicked: For Good (Wicked: Por siempre) en la isla.<\/p>\n<p class=\"c-paragraph\"><b>El condenado, J. Wen<\/b>, quien <b>ya hab\u00eda protagonizado en el pasado episodios de este tipo<\/b>, salt\u00f3 el pasado jueves la barrera de seguridad durante el estreno de la pel\u00edcula en Singapur para abrazar a Grande, en un v\u00eddeo que se hizo viral.<\/p>\n<p class=\"c-paragraph\">El propio Wen, quien en ocasiones anteriores invadi\u00f3 el escenario cuando actuaban artistas como la estadounidense <a href=\"https:\/\/www.20minutos.es\/tags\/personas\/katy-perry.html\" title=\"Katy Perry\" rel=\"nofollow noopener\" target=\"_blank\">Katy Perry<\/a>,\u00a0los estadounidenses The Chainsmokers,\u00a0el canadiense <a href=\"https:\/\/www.20minutos.es\/tags\/temas\/the-weeknd.html\" title=\"The Weeknd\" rel=\"nofollow noopener\" target=\"_blank\">The Weeknd<\/a> o salt\u00f3 al campo durante la final del Mundial femenino de 2023, <b><a href=\"https:\/\/www.20minutos.es\/gente\/fan-australiano-que-asalto-ariana-grande-singapur-bromea-sus-redes-sociales-sobre-sucedido_6897996_0.html\" title=\"El fan australiano que asalt\u00f3 a Ariana Grande en Singapur bromea en sus redes sociales sobre lo sucedido\" rel=\"nofollow noopener\" target=\"_blank\">comparti\u00f3 el incidente en su perfil en la red social Instagram<\/a><\/b>.<\/p>\n<p class=\"c-paragraph\">La Polic\u00eda de la ciudad-Estado, con un r\u00e9gimen semiautocr\u00e1tico y f\u00e9rreas leyes para mantener el orden p\u00fablico, <b>lo arrest\u00f3 ese mismo d\u00eda y desde entonces lo mantuvo en prisi\u00f3n preventiva<\/b>.<\/p>\n<p class=\"c-paragraph\"><b>Wen se declar\u00f3 culpable del delito<\/b> y pact\u00f3 con la fiscal\u00eda una semana en prisi\u00f3n.<\/p>\n<p class=\"c-paragraph\">Este lunes, el magistrado Christopher Goh valor\u00f3 que el acusado es \u00abreincidente\u00bb y que con su acto planeado \u00ab<b>buscaba llamar la atenci\u00f3n<\/b>\u00ab, por lo que estim\u00f3 que era adecuado un \u00abpeque\u00f1o aumento\u00bb de la condena en aras de que Wen pusiera \u00abpor siempre\u00bb fin a su comportamiento, informe el diario The Straits Times.<\/p>\n<p class=\"c-paragraph\">Al dictar su sentencia, el juez valor\u00f3 que el australiano ya hab\u00eda protagonizado incidentes similares en el pasado, pero que no afront\u00f3 consecuencias por ello.<\/p>\n<p class=\"c-paragraph\">\u00abQuiz\u00e1s pensabas que aqu\u00ed ocurrir\u00eda lo mismo, pero se\u00f1or Wen, te equivocas. Debes tener en cuenta que <b>siempre hay consecuencias para nuestros actos<\/b>\u00ab, declar\u00f3 el magistrado, recoge el citado medio.<\/p>\n<p class=\"c-paragraph\">Singapur, isla semiautocr\u00e1tica con estrictas leyes que restringen las manifestaciones y preservan el orden p\u00fablico, castiga su alteraci\u00f3n con hasta tres meses de prisi\u00f3n y multas de un m\u00e1ximo de 2.000 d\u00f3lares singapurenses (unos 1.536,5 d\u00f3lares estadounidenses), seg\u00fan el C\u00f3digo Penal.<\/p>\n","protected":false},"excerpt":{"rendered":"Un tribunal de Singapur conden\u00f3 este lunes a nueve d\u00edas de c\u00e1rcel por el delito de alterar el&hellip;\n","protected":false},"author":2,"featured_media":251540,"comment_status":"","ping_status":"","sticky":false,"template":"","format":"standard","meta":{"footnotes":""},"categories":[170],"tags":[63689,19710,146,147,25,24,8470,184,185,2074,7745,23],"class_list":{"0":"post-251539","1":"post","2":"type-post","3":"status-publish","4":"format-standard","5":"has-post-thumbnail","7":"category-musica","8":"tag-abalanzo","9":"tag-australiano","10":"tag-entertainment","11":"tag-entretenimiento","12":"tag-es","13":"tag-espana","14":"tag-fan","15":"tag-music","16":"tag-musica","17":"tag-que","18":"tag-se","19":"tag-spain"},"share_on_mastodon":{"url":"https:\/\/pubeurope.com\/@es\/115599563024447900","error":""},"_links":{"self":[{"href":"https:\/\/www.europesays.com\/es\/wp-json\/wp\/v2\/posts\/251539","targetHints":{"allow":["GET"]}}],"collection":[{"href":"https:\/\/www.europesays.com\/es\/wp-json\/wp\/v2\/posts"}],"about":[{"href":"https:\/\/www.europesays.com\/es\/wp-json\/wp\/v2\/types\/post"}],"author":[{"embeddable":true,"href":"https:\/\/www.europesays.com\/es\/wp-json\/wp\/v2\/users\/2"}],"replies":[{"embeddable":true,"href":"https:\/\/www.europesays.com\/es\/wp-json\/wp\/v2\/comments?post=251539"}],"version-history":[{"count":0,"href":"https:\/\/www.europesays.com\/es\/wp-json\/wp\/v2\/posts\/251539\/revisions"}],"wp:featuredmedia":[{"embeddable":true,"href":"https:\/\/www.europesays.com\/es\/wp-json\/wp\/v2\/media\/251540"}],"wp:attachment":[{"href":"https:\/\/www.europesays.com\/es\/wp-json\/wp\/v2\/media?parent=251539"}],"wp:term":[{"taxonomy":"category","embeddable":true,"href":"https:\/\/www.europesays.com\/es\/wp-json\/wp\/v2\/categories?post=251539"},{"taxonomy":"post_tag","embeddable":true,"href":"https:\/\/www.europesays.com\/es\/wp-json\/wp\/v2\/tags?post=251539"}],"curies":[{"name":"wp","href":"https:\/\/api.w.org\/{rel}","templated":true}]}}