{"id":251555,"date":"2025-11-23T15:01:14","date_gmt":"2025-11-23T15:01:14","guid":{"rendered":"https:\/\/www.europesays.com\/es\/251555\/"},"modified":"2025-11-23T15:01:14","modified_gmt":"2025-11-23T15:01:14","slug":"sara-sorribes-gana-el-titulo-de-dobles-en-chile-en-su-regreso-a-las-pistas-tras-un-paron-por-salud-mental","status":"publish","type":"post","link":"https:\/\/www.europesays.com\/es\/251555\/","title":{"rendered":"Sara Sorribes gana el t\u00edtulo de dobles en Chile en su regreso a las pistas tras un par\u00f3n por salud mental"},"content":{"rendered":"<p data-mrf-recirculation=\"Links P\u00e1rrafos\" class=\"ue-c-article__paragraph paragraph ue-c-article--first-letter-highlighted\">Sara Sorribes ha vuelto a reencontrarse con el \u00e9xito en su regreso a las pistas despu\u00e9s de su <strong><a href=\"https:\/\/www.marca.com\/tenis\/2025\/04\/17\/sara-sorribes-jugar-he-perdido-ilusion-entrenar-mejorar-e-torneos.html\" rel=\"nofollow noopener\" target=\"_blank\">par\u00f3n de siete meses<\/a>. La tenista de Castell\u00f3n necesitaba centrarse en ella y en su salud f\u00edsica y mental.<\/strong>\u00a0Este domingo se ha adjudicado el t\u00edtulo en la categor\u00eda de <strong>dobles del torneo de Chile, categor\u00eda ATP 125, junto con la argentina Mar\u00eda Lourdes Carle.<\/strong><\/p>\n<p data-mrf-recirculation=\"Links P\u00e1rrafos\" class=\"ue-c-article__paragraph paragraph\">Sorribes y Carle <strong>se impusieron a la francesa Leolia Jeanjean y a la ucraniana Valeriya Strakhova por 6-2 y 6-4<\/strong> en la final disputada en la localidad chilena de Colina, que supone el <strong>sexto t\u00edtulo en dobles para la castellonense<\/strong> en su carrera, a los que a\u00f1adi\u00f3 el pasado a\u00f1o el <strong>bronce en los Juegos de Par\u00eds junto a la tambi\u00e9n espa\u00f1ola Cristina Bucsa.<\/strong><\/p>\n<p data-mrf-recirculation=\"Links P\u00e1rrafos\" class=\"ue-c-article__paragraph paragraph\">Debido a su salud mental, Sorribes decidi\u00f3 el pasado 17 de abril <strong><a href=\"https:\/\/www.marca.com\/tenis\/2025\/04\/17\/sara-sorribes-jugar-he-perdido-ilusion-entrenar-mejorar-e-torneos.html\" rel=\"nofollow noopener\" target=\"_blank\">hacer un par\u00e9ntesis<\/a><\/strong> en su trayectoria despu\u00e9s de disputar seis d\u00edas antes la eliminatoria de la Copa Billie Jean King, en la que venci\u00f3 en un partido individual y en otro de dobles.<\/p>\n<p data-mrf-recirculation=\"Links P\u00e1rrafos\" class=\"ue-c-article__paragraph paragraph\">Cuatro d\u00edas antes de esa cita, conquist\u00f3 el t\u00edtulo por parejas con Bucsa en el WTA 250 de Bogot\u00e1.<\/p>\n<p>Pr\u00f3ximo torneo en Buenos Aires<\/p>\n<p data-mrf-recirculation=\"Links P\u00e1rrafos\" class=\"ue-c-article__paragraph paragraph\">En Chile, un torneo &#8216;challenger&#8217; sobre tierra batida, <strong>Sorribes reapareci\u00f3<\/strong> el pasado d\u00eda 17 <strong>con una victoria en la primera ronda ante la brasile\u00f1a Gabriela Ce<\/strong> por 6-2 y 6-3.<\/p>\n<p data-mrf-recirculation=\"Links P\u00e1rrafos\" class=\"ue-c-article__paragraph paragraph\">En <strong>octavos de final<\/strong>, la castellonense <strong>cay\u00f3 ante la checa Laura Samson por 7-6 y 6-4, pero se mantuvo en el de dobles<\/strong>, en el que gan\u00f3 los cinco partidos junto a Carle sin ceder ning\u00fan set para hacerse con el t\u00edtulo, que les reporta un premio de 2.900 d\u00f3lares de premio (unos 2.500 euros).<\/p>\n<p data-mrf-recirculation=\"Links P\u00e1rrafos\" class=\"ue-c-article__paragraph paragraph\">Sorribes ocupa en la actualidad el <strong>puesto 116 del r\u00e1nking mundial,<\/strong> en el que lleg\u00f3 a ser la n\u00famero 32.<\/p>\n<p data-mrf-recirculation=\"Links P\u00e1rrafos\" class=\"ue-c-article__paragraph paragraph\"><strong>Su pr\u00f3ximo torneo va a ser el de Buenos Aires<\/strong>, tambi\u00e9n categor\u00eda WTA 125, que comienza este lunes y donde va a debutar contra la argentina Nicole Fossa Huergo, cabeza de serie n\u00famero dos.<\/p>\n","protected":false},"excerpt":{"rendered":"Sara Sorribes ha vuelto a reencontrarse con el \u00e9xito en su regreso a las pistas despu\u00e9s de su&hellip;\n","protected":false},"author":2,"featured_media":251556,"comment_status":"","ping_status":"","sticky":false,"template":"","format":"standard","meta":{"footnotes":""},"categories":[274],"tags":[168,25,24,23,167,327,326],"class_list":{"0":"post-251555","1":"post","2":"type-post","3":"status-publish","4":"format-standard","5":"has-post-thumbnail","7":"category-tenis","8":"tag-deportes","9":"tag-es","10":"tag-espana","11":"tag-spain","12":"tag-sports","13":"tag-tenis","14":"tag-tennis"},"share_on_mastodon":{"url":"https:\/\/pubeurope.com\/@es\/115599617883561928","error":""},"_links":{"self":[{"href":"https:\/\/www.europesays.com\/es\/wp-json\/wp\/v2\/posts\/251555","targetHints":{"allow":["GET"]}}],"collection":[{"href":"https:\/\/www.europesays.com\/es\/wp-json\/wp\/v2\/posts"}],"about":[{"href":"https:\/\/www.europesays.com\/es\/wp-json\/wp\/v2\/types\/post"}],"author":[{"embeddable":true,"href":"https:\/\/www.europesays.com\/es\/wp-json\/wp\/v2\/users\/2"}],"replies":[{"embeddable":true,"href":"https:\/\/www.europesays.com\/es\/wp-json\/wp\/v2\/comments?post=251555"}],"version-history":[{"count":0,"href":"https:\/\/www.europesays.com\/es\/wp-json\/wp\/v2\/posts\/251555\/revisions"}],"wp:featuredmedia":[{"embeddable":true,"href":"https:\/\/www.europesays.com\/es\/wp-json\/wp\/v2\/media\/251556"}],"wp:attachment":[{"href":"https:\/\/www.europesays.com\/es\/wp-json\/wp\/v2\/media?parent=251555"}],"wp:term":[{"taxonomy":"category","embeddable":true,"href":"https:\/\/www.europesays.com\/es\/wp-json\/wp\/v2\/categories?post=251555"},{"taxonomy":"post_tag","embeddable":true,"href":"https:\/\/www.europesays.com\/es\/wp-json\/wp\/v2\/tags?post=251555"}],"curies":[{"name":"wp","href":"https:\/\/api.w.org\/{rel}","templated":true}]}}