{"id":251559,"date":"2025-11-23T15:04:09","date_gmt":"2025-11-23T15:04:09","guid":{"rendered":"https:\/\/www.europesays.com\/es\/251559\/"},"modified":"2025-11-23T15:04:09","modified_gmt":"2025-11-23T15:04:09","slug":"grecia-anuncia-una-lista-de-18-jugadores-de-cara-a-las-ventanas","status":"publish","type":"post","link":"https:\/\/www.europesays.com\/es\/251559\/","title":{"rendered":"Grecia anuncia una lista de 18 jugadores de cara a las ventanas"},"content":{"rendered":"<p>Grecia convoca a 5 jugadores de Euroliga para las pr\u00f3ximas ventanas FIBA<\/p>\n<p><strong>Grecia <\/strong>ha hecho oficial lista de 18 jugadores que con la que competir\u00e1 en las pr\u00f3ximas ventanas FIBA de clasificaci\u00f3n para el Mundial 2027.<\/p>\n<p>El conjunto de Vassilis Spanoulis ha anunciado una convocatoria para la que llama a 5 jugadores de la Euroliga pero en la que se siguen apreciando ausencias notables tanto de la propia competici\u00f3n europea como de la NBA.<\/p>\n<p>Esta es la lista de Grecia:<\/p>\n<p>Kostas Papanikolau (Olympiacos)<br \/>Giannoulis Larentzakis (Olympaicos)<br \/>Panatiotis Kalaitzakis (Panathinaikos)<br \/>Dimitris Katsivelis (AEK)<br \/>Vassilis Charalampopoulos (AEK)<br \/>Alexandros Samodurov (Panathinaikos)<br \/>Georgios Tsalmpouris (Panionios)<br \/>Dimitrios Kaklamanakis (Peristeri)<br \/>Nasos Bazinas (Promitheas)<br \/>Dimitrios Flionis (AEK)<br \/>Antonios Karagiannidis (Promitheas)<br \/>Naz Mitrou-Long (Napoli)<br \/>Elijah Mitrou-Long (Aris)<br \/>Nikos Persidis (PAOK)<br \/>Nikolaos Touliatos (Maroussi)<br \/>Kostas Antetokounmpo (Olympaicos)<br \/>Dimitrios Moraitis (Iraklis)<\/p>\n<p>Grecia forma parte del Grupo B de clasificaci\u00f3n para el Mundial 2027 en el que se enfrentar\u00e1 a Montenegro, Portugal y Ruman\u00eda. Los dos primeros rivales ser\u00e1n Ruman\u00eda el jueves 27 y Portugal el domingo 30.<\/p>\n<p class=\"has-text-align-right\">Foto: FIBA<\/p>\n<p>&#13;<br \/>\n&#13;<\/p>\n","protected":false},"excerpt":{"rendered":"Grecia convoca a 5 jugadores de Euroliga para las pr\u00f3ximas ventanas FIBA Grecia ha hecho oficial lista de&hellip;\n","protected":false},"author":2,"featured_media":251560,"comment_status":"","ping_status":"","sticky":false,"template":"","format":"standard","meta":{"footnotes":""},"categories":[269],"tags":[299,298,168,25,24,23,167],"class_list":{"0":"post-251559","1":"post","2":"type-post","3":"status-publish","4":"format-standard","5":"has-post-thumbnail","7":"category-baloncesto","8":"tag-baloncesto","9":"tag-basketball","10":"tag-deportes","11":"tag-es","12":"tag-espana","13":"tag-spain","14":"tag-sports"},"share_on_mastodon":{"url":"https:\/\/pubeurope.com\/@es\/115599629739728190","error":""},"_links":{"self":[{"href":"https:\/\/www.europesays.com\/es\/wp-json\/wp\/v2\/posts\/251559","targetHints":{"allow":["GET"]}}],"collection":[{"href":"https:\/\/www.europesays.com\/es\/wp-json\/wp\/v2\/posts"}],"about":[{"href":"https:\/\/www.europesays.com\/es\/wp-json\/wp\/v2\/types\/post"}],"author":[{"embeddable":true,"href":"https:\/\/www.europesays.com\/es\/wp-json\/wp\/v2\/users\/2"}],"replies":[{"embeddable":true,"href":"https:\/\/www.europesays.com\/es\/wp-json\/wp\/v2\/comments?post=251559"}],"version-history":[{"count":0,"href":"https:\/\/www.europesays.com\/es\/wp-json\/wp\/v2\/posts\/251559\/revisions"}],"wp:featuredmedia":[{"embeddable":true,"href":"https:\/\/www.europesays.com\/es\/wp-json\/wp\/v2\/media\/251560"}],"wp:attachment":[{"href":"https:\/\/www.europesays.com\/es\/wp-json\/wp\/v2\/media?parent=251559"}],"wp:term":[{"taxonomy":"category","embeddable":true,"href":"https:\/\/www.europesays.com\/es\/wp-json\/wp\/v2\/categories?post=251559"},{"taxonomy":"post_tag","embeddable":true,"href":"https:\/\/www.europesays.com\/es\/wp-json\/wp\/v2\/tags?post=251559"}],"curies":[{"name":"wp","href":"https:\/\/api.w.org\/{rel}","templated":true}]}}