{"id":251565,"date":"2025-11-23T15:07:12","date_gmt":"2025-11-23T15:07:12","guid":{"rendered":"https:\/\/www.europesays.com\/es\/251565\/"},"modified":"2025-11-23T15:07:12","modified_gmt":"2025-11-23T15:07:12","slug":"por-que-el-mercado-se-ha-vuelto-loco-con-este-cuadro","status":"publish","type":"post","link":"https:\/\/www.europesays.com\/es\/251565\/","title":{"rendered":"por qu\u00e9 el mercado se ha vuelto loco con este cuadro"},"content":{"rendered":"<p>El pasado martes Retrato de Elisabeth Lederer de Klimt consigui\u00f3 un triple r\u00e9cord: de artista, de una venta de arte moderno y de la propia casa de subastas. \u00bfA qu\u00e9 se debe esta locura?<\/p>\n<p>Parece que el mercado del arte ha encontrado a su nuevo rey Midas: ya no es Warhol, ni Picasso ni Manet, sino <strong>Gustav Klimt<\/strong>. La noche del martes un <a href=\"https:\/\/www.elconfidencial.com\/cultura\/2025-11-19\/klimt-retrato-elisabeth-lederer-sothebys-1tps_4250067\/\" target=\"_blank\" class=\"link\" onclick=\"universalGa(&quot;t1.send&quot;,&quot;event&quot;,&quot;retrato suyo&quot;)\" rel=\"nofollow noopener\">retrato suyo<\/a> alcanz\u00f3 la desorbitada cifra de 236 millones de d\u00f3lares en Nueva York, pulverizando el anterior r\u00e9cord del artista obtenido hace dos a\u00f1os gracias a Mujer con abanico (rematado en Europa por el equivalente a 110 millones de d\u00f3lares). Pero, \u00bfpor qu\u00e9 esa diferencia entre ambas figuras? \u00bfAcaso no salieron de la misma mano? Probablemente se deba a que el Retrato de Elisabeth Lederer que se ofrec\u00eda esta vez en Sotheby\u2019s proced\u00eda de la colecci\u00f3n de Leonard A. Lauder, una de las m\u00e1s exquisitas de Estados Unidos; la efigiada era la hija del principal mecenas del pintor austr\u00edaco, y porque era la primera vez que el cuadro sal\u00eda a subasta.<\/p>\n<p>Todo ello funcion\u00f3 como el cebo perfecto para que los coleccionistas se interesasen por <a href=\"https:\/\/www.sothebys.com\/en\/buy\/auction\/2025\/leonard-a-lauder-collector-evening-auction\/bildnis-elisabeth-lederer-portrait-of-elisabeth?locale=en\" target=\"_blank\" rel=\"nofollow noopener\" class=\"link\" onclick=\"universalGa(&quot;t1.send&quot;,&quot;event&quot;,&quot;el lote n\u00famero 8&quot;)\">el lote n\u00famero 8<\/a> de la Evening Auction dedicada a la Colecci\u00f3n Lauder. La casa ya se hab\u00eda ocupado de venderlo convenientemente en los medios como la pieza estrella de la subasta \u2013una vez m\u00e1s, los tesoros de un magnate fallecido salen al rescate del mercado del arte\u2013, pero faltaba ver si la realidad respond\u00eda a las expectativas. Recordemos que el <a href=\"https:\/\/www.elconfidencial.com\/el-grito\/2025-05-14\/subasta-giacometti-burbuja-mercado-arte_4129068\/\" target=\"_blank\" class=\"link\" onclick=\"universalGa(&quot;t1.send&quot;,&quot;event&quot;,&quot;Giacometti&quot;)\" rel=\"nofollow noopener\">Giacometti<\/a> del pasado mes de mayo fue todo un fiasco\u2026<\/p>\n<p>Quiz\u00e1 por eso, antes de la licitaci\u00f3n surgieron rumores sobre los intentos de Sotheby\u2019s por buscar alguien que garantizase la obra de Klimt en 150 millones, esas famosas <a href=\"https:\/\/www.elconfidencial.com\/el-grito\/2023-09-04\/guarantees-inversores-tajada_3728742\/\" target=\"_blank\" class=\"link\" onclick=\"universalGa(&quot;t1.send&quot;,&quot;event&quot;,&quot;guarantees&quot;)\" rel=\"nofollow noopener\">guarantees<\/a> que avalan los \u00f3rdagos lanzados en venta p\u00fablica como un globo sonda. Y aunque al principio la casa de subastas se puso digna y neg\u00f3 tales operaciones a tres bandas, finalmente consigui\u00f3 esa ansiada \u2018red\u2019 que todo funambulista quiere antes de salir a escena. Con la millonaria apuesta segura como punto de partida, fue f\u00e1cil animar a las decenas de interesados que se enzarzaron en una lucha de pujas, hasta elevar el precio en 236 millones de d\u00f3lares en los que se remat\u00f3 finalmente.<\/p>\n<p>Desde luego, muy pocas piezas se han ofrecido este a\u00f1o con tanto inter\u00e9s como esta. Por no decir ninguna. El <a href=\"https:\/\/www.elconfidencial.com\/el-grito\/2025-11-10\/otro-record-en-subasta-por-que-modigliani-pone-tanto-a-los-coleccionistas_4242061\/\" target=\"_blank\" class=\"link\" onclick=\"universalGa(&quot;t1.send&quot;,&quot;event&quot;,&quot;busto de r\u00e9cord pintado por Modigliani&quot;)\" rel=\"nofollow noopener\">busto de r\u00e9cord pintado por Modigliani<\/a> y recientemente rematado en 27 millones de euros, por ejemplo, ni huele esa cifra. De ah\u00ed que esos ins\u00f3litos 236 millones de d\u00f3lares en tiempos de vacas flacas sepan a gloria bendita, pues vienen a recordarnos los viejos tiempos en los que los r\u00e9cords volaban en la sala como las palomitas en el cine y los coleccionistas sacaban de sus cajas fuertes las obras de arte para monetizarlas. Hasta que lleg\u00f3 la contracci\u00f3n del mercado y los puertos francos volvieron a llenar sus almacenes de piezas bajo llave, a la espera de mejores oportunidades.<\/p>\n<p>No se puede decir que ese momento haya llegado, porque 2025 sigue sufriendo las consecuencias de una ca\u00edda considerable en la facturaci\u00f3n de arte. Pero es que un caramelito como el que guardaba Lauder solo se presenta una vez en la vida.<\/p>\n<p>Un retrato que en realidad es una rareza<\/p>\n<p>La figura de Elisabeth era, sin duda, el mayor reclamo de la subasta, pero no estaba sola. Era el plato fuerte de un tr\u00edo ganador que se ofertaba entre los tesoros m\u00e1s preciados del empresario de cosm\u00e9tica, desaparecido en junio de este a\u00f1o: le acompa\u00f1aban <strong>dos paisajes, tambi\u00e9n de Klimt<\/strong>. Una confluencia que rara vez se ha dado.<\/p>\n<p>Tambi\u00e9n la historia que se esconde tras el cuadro, que representa a la baronesa Elisabeth Bachofen-Echt en todo su esplendor, vestida con un traje blanco que <strong>el artista tard\u00f3 dos a\u00f1os en completar<\/strong>, tras recibir el encargo de los padres de la arist\u00f3crata: el matrimonio jud\u00edo formado por August y Serena Lederer (los mejores mecenas del pintor). Cuando los nazis ocuparon Viena y entraron en casa de la baronesa para requisarlo todo, <strong>la retratada se invent\u00f3 que era hija de Klimt<\/strong> \u2013hab\u00eda fallecido en 1918\u2013; incluso falsific\u00f3 un documento que confirmaba que era descendiente de sangre del artista. Gracias a eso pudo mantenerse a salvo y vivir en su mansi\u00f3n hasta su muerte, en 1944.<\/p>\n<p>\u00bfHacen falta m\u00e1s razones para pagar un pastizal por el retrato? Pues aqu\u00ed va otra: es <strong>una de las dos \u00fanicas figuras de cuerpo entero<\/strong> del pintor realizada en la d\u00e9cada de 1910 conservada en manos privadas.<\/p>\n<p>Tras este remate de r\u00e9cord, Klimt repiti\u00f3 buenos resultados con Pradera florida, estimada en 80 millones y vendida por 86. El tercer lote del autor en salir fue el menos afortunado, quiz\u00e1 por el empacho: Ladera boscosa en Unterach, en el lago Attersee no consigui\u00f3 alcanzar su estimado de 70 millones, pues apenas lleg\u00f3 a los 68,3 millones de d\u00f3lares. A pesar de eso, los tres \u00f3leos del artista austr\u00edaco sumaron 390 millones de d\u00f3lares, una cifra casi tan obscena como los 100 kilos de <a href=\"https:\/\/www.elconfidencial.com\/el-grito\/2025-11-12\/inodoro-oro-reflexion-subasta-cattelan-estupidez-humana_4245435\/\" target=\"_blank\" class=\"link\" onclick=\"universalGa(&quot;t1.send&quot;,&quot;event&quot;,&quot;retrete de oro de Cattelan&quot;)\" rel=\"nofollow noopener\">retrete de oro de Cattelan<\/a> que, por cierto, se vendi\u00f3 esa misma noche por 12,1 millones. Su nuevo due\u00f1o bien podr\u00eda fundirlo en caso de necesidad.<\/p>\n","protected":false},"excerpt":{"rendered":"El pasado martes Retrato de Elisabeth Lederer de Klimt consigui\u00f3 un triple r\u00e9cord: de artista, de una venta&hellip;\n","protected":false},"author":2,"featured_media":251566,"comment_status":"","ping_status":"","sticky":false,"template":"","format":"standard","meta":{"footnotes":""},"categories":[173],"tags":[229,233,231,230,232,234,146,147,25,24,23],"class_list":{"0":"post-251565","1":"post","2":"type-post","3":"status-publish","4":"format-standard","5":"has-post-thumbnail","7":"category-arte-y-diseno","8":"tag-arte","9":"tag-arte-y-diseno","10":"tag-arts","11":"tag-arts-and-design","12":"tag-design","13":"tag-diseno","14":"tag-entertainment","15":"tag-entretenimiento","16":"tag-es","17":"tag-espana","18":"tag-spain"},"share_on_mastodon":{"url":"https:\/\/pubeurope.com\/@es\/115599641352894662","error":""},"_links":{"self":[{"href":"https:\/\/www.europesays.com\/es\/wp-json\/wp\/v2\/posts\/251565","targetHints":{"allow":["GET"]}}],"collection":[{"href":"https:\/\/www.europesays.com\/es\/wp-json\/wp\/v2\/posts"}],"about":[{"href":"https:\/\/www.europesays.com\/es\/wp-json\/wp\/v2\/types\/post"}],"author":[{"embeddable":true,"href":"https:\/\/www.europesays.com\/es\/wp-json\/wp\/v2\/users\/2"}],"replies":[{"embeddable":true,"href":"https:\/\/www.europesays.com\/es\/wp-json\/wp\/v2\/comments?post=251565"}],"version-history":[{"count":0,"href":"https:\/\/www.europesays.com\/es\/wp-json\/wp\/v2\/posts\/251565\/revisions"}],"wp:featuredmedia":[{"embeddable":true,"href":"https:\/\/www.europesays.com\/es\/wp-json\/wp\/v2\/media\/251566"}],"wp:attachment":[{"href":"https:\/\/www.europesays.com\/es\/wp-json\/wp\/v2\/media?parent=251565"}],"wp:term":[{"taxonomy":"category","embeddable":true,"href":"https:\/\/www.europesays.com\/es\/wp-json\/wp\/v2\/categories?post=251565"},{"taxonomy":"post_tag","embeddable":true,"href":"https:\/\/www.europesays.com\/es\/wp-json\/wp\/v2\/tags?post=251565"}],"curies":[{"name":"wp","href":"https:\/\/api.w.org\/{rel}","templated":true}]}}