{"id":251567,"date":"2025-11-23T15:09:12","date_gmt":"2025-11-23T15:09:12","guid":{"rendered":"https:\/\/www.europesays.com\/es\/251567\/"},"modified":"2025-11-23T15:09:12","modified_gmt":"2025-11-23T15:09:12","slug":"ricky-merino-alerta-en-ot-2025-del-desprecio-de-parte-de-la-industria-hacia-la-marca-operacion-triunfo","status":"publish","type":"post","link":"https:\/\/www.europesays.com\/es\/251567\/","title":{"rendered":"Ricky Merino alerta en &#8216;OT 2025&#8217; del desprecio de parte de la industria hacia la marca &#8216;Operaci\u00f3n Triunfo&#8217;"},"content":{"rendered":"<p>\n\t\t  Por <b>Julia Almaz\u00e1n Romero<\/b> |\u00a0<br \/>\n\t\t  Publicado: <b>Domingo 23 Noviembre 2025 14:45 (hace 1 hora)<\/b>\n\t\t  \t\t<\/p>\n<p><b>La visita de <a href=\"https:\/\/www.formulatv.com\/personas\/ricky-merino\/\" rel=\"nofollow noopener\" target=\"_blank\">Ricky Merino<\/a> a la Academia de &#8216;<a href=\"https:\/\/www.formulatv.com\/programas\/operacion-triunfo\/\" rel=\"nofollow noopener\" target=\"_blank\">OT 2025<\/a>&#8216;<\/b> dej\u00f3 un testimonios completamente sin filtros ni miedo a las consecuencias. El extriunfito, que ya conoce bien los mecanismos de la industria musical, habl\u00f3 con total naturalidad sobre una presi\u00f3n que, seg\u00fan \u00e9l, muchos artistas viven al salir del concurso, relacionada con<b> el intento de desvincularles de la marca &#8216;Operaci\u00f3n Triunfo&#8217;<\/b> una vez firman con agencias y equipos de representaci\u00f3n. <\/p>\n<p>\u00abMe ha gustado mucho lo que has dicho de cuando firmas con un manager y ese equipo piensa que <b>la mejor idea es desvincularte de &#8216;Operaci\u00f3n Triunfo<\/b>\u00ab, comentaba <a href=\"https:\/\/www.formulatv.com\/personas\/noemi-galera\/\" rel=\"nofollow noopener\" target=\"_blank\">Noem\u00ed Galera<\/a>, subrayando las palabras de Merino, ante lo que el cantante a\u00f1ad\u00eda \u00abocurre, t\u00fa lo sabes\u00bb. <b>\u00abSigue ocurriendo. &#8216;No te conviene volver'\u00bb<\/b>, ironizaba la directora de la Academia, confirmando que no es algo del pasado. \u00abIncluso tengo compa\u00f1eros que me han dicho que pueden llegar a decirte <b>&#8216;no te hagas tantas fotos con tus compa\u00f1eros, porque es demasiado &#8216;marca OT\u00bb<\/b>\u00ab, desvel\u00f3 Merino, para sorpresa de los chicos y de la propia Galera. <\/p>\n<p><img loading=\"lazy\" class=\"stpi\" alt=\"Los concursante de 'OT 2025' escuchan la charla e Ricky Merino\" src=\"https:\/\/www.europesays.com\/es\/wp-content\/uploads\/2025\/11\/1_Ue1BmRkNv82EoHPxUsLt7i0g6zFJWa9q3.jpg\" width=\"2000\" height=\"1200\"   decoding=\"async\"\/>Los concursante de &#8216;OT 2025&#8217; escuchan la charla e Ricky Merino<\/p>\n<p>\u00ab\u00bfQu\u00e9 &#8216;marca OT&#8217;? \u00bfDe d\u00f3nde ven\u00eds?\u00bb, cuestion\u00f3 la directora. Por su parte, el extriunfito remarc\u00f3 el valor emocional de la comunidad formada dentro del talent: \u00ab<b>Sois amigos, familia, hermanos<\/b>. Esta experiencia no s\u00e9 que tiene, pero esa uni\u00f3n que se crea no se rompe. Hay algo que os hace estar unidos para siempre. Yo lo veo con los de &#8216;OT 1&#8217;, han pasado muchos a\u00f1os y siguen muy unidos\u00bb. El artista pidi\u00f3 a los actuales alumnos que no cedieran ante esas presiones: \u00abNo lo hag\u00e1is.<b> He tenido la suerte de que la gente a la que le dijeron eso, no lo hicieron<\/b>. Porque al fin y al cabo, os ten\u00e9is a vosotros\u00bb.<\/p>\n<p>Adem\u00e1s, Merino desvel\u00f3 un episodio personal que a\u00f1adi\u00f3 otra capa al debate, al desvelar que \u00abmi gran problema es que me cuesta mucho que los editores de las plataformas digitales me pongan en las playlists\u00bb. El artista explic\u00f3 que el origen era que <b>\u00abpareces poco cre\u00edble porque haces teatro musical y has salido en televisi\u00f3n\u00bb<\/b>, dado que \u00abhay gente de la antigua escuela, que viene del 2001 y 2002, que ve la tele y ve esto como &#8216;estos son menos artistas&#8217;. Pero, <b>\u00bfpor qu\u00e9 hacer teatro musical me hace menos m\u00fasico?<\/b>\u00ab. Seg\u00fan relat\u00f3 Merino, esa etiqueta le ha cerrado puertas: \u00abSi solo me dedicara a la m\u00fasica, no podr\u00eda financi\u00e1rmela. <b>Tengo que vivir. Y hacer televisi\u00f3n no me hace menos cantante<\/b>\u00ab.<img loading=\"lazy\" class=\"stpi\" alt=\"Claudia Arenas y Olivia Bay durante la charla de Ricky Merino en 'OT 2025'\" src=\"https:\/\/www.europesays.com\/es\/wp-content\/uploads\/2025\/11\/3_Ue1BmRkNv82EoHPxUsLt7i0g6zFJWa9q3.jpg\" width=\"2000\" height=\"1200\"   decoding=\"async\"\/>Claudia Arenas y Olivia Bay durante la charla de Ricky Merino en &#8216;OT 2025&#8217;Un rechazo que no nace ahora<\/p>\n<p>Las palabras de Ricky Merino no surgen de la nada, dado el rechazo hist\u00f3rico hacia &#8216;OT&#8217; por parte de la industria musical tradicional  ya desde sus inicios: en 2002, m\u00e1s de un centenar de artistas, entre ellos<b> Joaqu\u00edn Sabina, Enrique Bunbury, Christina Rosenvinge, Miguel R\u00edos o Loquillo, firmaron el dur\u00edsimo manifiesto \u00abOtro timo no\u00bb<\/b>, promovido por la asociaci\u00f3n PEMOC. El texto calificaba &#8216;OT&#8217; de \u00abnegocio puro y duro\u00bb y <b>acusaba al programa de \u00abfalsificaci\u00f3n del hecho musical\u00bb<\/b>, de promover una imagen \u00abirreal\u00bb del inicio de una carrera y de \u00abmonopolizar\u00bb la programaci\u00f3n musical de TVE.<\/p>\n<p>Aunque insist\u00edan en que no iban contra los alumnos, lamentaban la influencia del formato en el mercado discogr\u00e1fico de la \u00e9poca. Dicho clima de recelo tambi\u00e9n dej\u00f3 episodios especialmente tensos, como el comunicado de <b>Manolo Garc\u00eda tras la versi\u00f3n de &#8216;P\u00e1jaros de barro&#8217;, donde defini\u00f3 OT como \u00abcaspa\u00bb <\/b>y \u00abm\u00e1quina de hacer churros\u00bb. Con el paso del tiempo, exalumnos como <a href=\"https:\/\/www.formulatv.com\/personas\/amaia-romero\/\" rel=\"nofollow noopener\" target=\"_blank\">Amaia Romero<\/a> han optado por un discurso m\u00e1s integrador, <b>defendiendo que no hay motivo para renegar de la etiqueta \u00abtriunfito\u00bb<\/b> si forma parte de su origen art\u00edstico.<\/p>\n","protected":false},"excerpt":{"rendered":"Por Julia Almaz\u00e1n Romero |\u00a0 Publicado: Domingo 23 Noviembre 2025 14:45 (hace 1 hora) La visita de Ricky&hellip;\n","protected":false},"author":2,"featured_media":251568,"comment_status":"","ping_status":"","sticky":false,"template":"","format":"standard","meta":{"footnotes":""},"categories":[171],"tags":[146,147,25,24,23,214],"class_list":{"0":"post-251567","1":"post","2":"type-post","3":"status-publish","4":"format-standard","5":"has-post-thumbnail","7":"category-tv","8":"tag-entertainment","9":"tag-entretenimiento","10":"tag-es","11":"tag-espana","12":"tag-spain","13":"tag-tv"},"share_on_mastodon":{"url":"https:\/\/pubeurope.com\/@es\/115599649837132073","error":""},"_links":{"self":[{"href":"https:\/\/www.europesays.com\/es\/wp-json\/wp\/v2\/posts\/251567","targetHints":{"allow":["GET"]}}],"collection":[{"href":"https:\/\/www.europesays.com\/es\/wp-json\/wp\/v2\/posts"}],"about":[{"href":"https:\/\/www.europesays.com\/es\/wp-json\/wp\/v2\/types\/post"}],"author":[{"embeddable":true,"href":"https:\/\/www.europesays.com\/es\/wp-json\/wp\/v2\/users\/2"}],"replies":[{"embeddable":true,"href":"https:\/\/www.europesays.com\/es\/wp-json\/wp\/v2\/comments?post=251567"}],"version-history":[{"count":0,"href":"https:\/\/www.europesays.com\/es\/wp-json\/wp\/v2\/posts\/251567\/revisions"}],"wp:featuredmedia":[{"embeddable":true,"href":"https:\/\/www.europesays.com\/es\/wp-json\/wp\/v2\/media\/251568"}],"wp:attachment":[{"href":"https:\/\/www.europesays.com\/es\/wp-json\/wp\/v2\/media?parent=251567"}],"wp:term":[{"taxonomy":"category","embeddable":true,"href":"https:\/\/www.europesays.com\/es\/wp-json\/wp\/v2\/categories?post=251567"},{"taxonomy":"post_tag","embeddable":true,"href":"https:\/\/www.europesays.com\/es\/wp-json\/wp\/v2\/tags?post=251567"}],"curies":[{"name":"wp","href":"https:\/\/api.w.org\/{rel}","templated":true}]}}