{"id":251575,"date":"2025-11-23T15:14:21","date_gmt":"2025-11-23T15:14:21","guid":{"rendered":"https:\/\/www.europesays.com\/es\/251575\/"},"modified":"2025-11-23T15:14:21","modified_gmt":"2025-11-23T15:14:21","slug":"era-el-paradigma-de-las-ganas-de-vivir","status":"publish","type":"post","link":"https:\/\/www.europesays.com\/es\/251575\/","title":{"rendered":"\u201cEra el paradigma de las ganas de vivir\u201d"},"content":{"rendered":"<p id=\"e5QtCcAwWD\" data-wc=\"32\">La actriz Ver\u00f3nica Echegui<a class=\"hm-link ho-link\" href=\"https:\/\/www.hola.com\/actualidad\/20250825851919\/veronica-echegui-muere\/\" data-mrf-recirculation=\"article-body-link\" rel=\"nofollow noopener\" target=\"_blank\"> falleci\u00f3 el domingo 24 de agosto <\/a>de 2025 en el Hospital 12 de Octubre de Madrid, v\u00edctima de un c\u00e1ncer que hab\u00eda mantenido en privado. Ten\u00eda 42 a\u00f1os.\u00a0<\/p>\n<p> <img src=\"https:\/\/www.europesays.com\/es\/wp-content\/uploads\/2025\/11\/25d63b3640dc-u551837026.jpg\"   width=\"1024\" height=\"682\" loading=\"lazy\" decoding=\"async\" alt=\"Las series que nos permiten revivir el legado de Ver\u00f3nica Echegui en la televisi\u00f3n\" fetchpriority=\"auto\" class=\"image ho-image\"\/>\u00a9 GTRES<\/p>\n<p id=\"eZsnyJZved\" data-wc=\"59\">Su muerte, como no pod\u00eda ser de otra manera, <a class=\"hm-link ho-link\" href=\"https:\/\/www.hola.com\/actualidad\/20250825851935\/las-imagenes-del-ultimo-adios-a-veronica-echegui-en-el-tanatorio-de-la-paz\/\" data-mrf-recirculation=\"article-body-link\" rel=\"nofollow noopener\" target=\"_blank\">conmocion\u00f3 a toda la opini\u00f3n p\u00fablica<\/a> y, en concreto, al s\u00e9ptimo arte donde &#8216;Vero&#8217;, como la llamaban, hab\u00eda despuntado casi dos d\u00e9cadas atr\u00e1s con <strong>&#8216;Yo soy la Juani&#8217; (Bigas Luna, 2006)<\/strong>, cinta que la sac\u00f3 del anonimato y la posicion\u00f3 como una de las actrices m\u00e1s punteras de nuestro pa\u00eds.\u00a0<\/p>\n<p> <img src=\"https:\/\/www.europesays.com\/es\/wp-content\/uploads\/2025\/11\/cd19b9ee49ed-gettyimages-1455476628.jpg\"   width=\"1024\" height=\"681\" loading=\"lazy\" decoding=\"async\" alt=\"La actriz falleci\u00f3 a la edad de 42 a\u00f1os.\" fetchpriority=\"auto\" class=\"image ho-image\"\/>\u00a9 Getty Images<\/p>\n<p id=\"ewGzfF9yYs\" data-wc=\"50\">El actor Sergio Peris-Mencheta, que tambi\u00e9n<a class=\"hm-link ho-link\" href=\"https:\/\/www.hola.com\/actualidad\/20250206811907\/sergio-peris-mencheta-como-vive-grave-enfermedad\/\" data-mrf-recirculation=\"article-body-link\" rel=\"nofollow noopener\" target=\"_blank\"> hab\u00eda pasado por la misma enfermedad<\/a>, fue uno de los primeros en mostrar su dolor en redes sociales y dedicarle unas sentidas palabras a su compa\u00f1era: \u201cAmiga, nos vemos del otro lado. Hasta entonces no nos quites ojo\u2026 Nos dejas rotos, Vero\u00bb, expresaba Peris-Mencheta.\u00a0<\/p>\n<p> <img src=\"https:\/\/www.europesays.com\/es\/wp-content\/uploads\/2025\/11\/2135d9568598-foto1-dlu411663013.jpg\"   width=\"1024\" height=\"682\" loading=\"lazy\" decoding=\"async\" alt=\"Sergio Peris-Mencheta \" fetchpriority=\"auto\" class=\"image ho-image\"\/>\u00a9 Gtresonline<\/p>\n<p id=\"eTx3WYOCdT\" data-wc=\"47\">Ambos actores compart\u00edan un v\u00ednculo profundo, unido a su amor por el mundo del cine y el teatro. Hoy, casi tres meses despu\u00e9s de la muerte de la actriz, el actor vuelve a emocionar con el cari\u00f1o por su amiga, convertido en palabras que llegan al alma.\u00a0<\/p>\n<p id=\"ebGzM0bawM\" data-wc=\"68\">\u00abY me encuentro esta foto que le rob\u00e9 hace unos a\u00f1os en Los \u00c1ngeles (&#8230;) Y me vienen los recuerdos de ella, siempre sali\u00e9ndose de \u201clo com\u00fan\u201d. Derram\u00e1ndose. <strong>Siempre riendo, siempre con la risa por bandera. Es la escena que tengo de ella<\/strong>. No la fantaseo \u201ccorrectita\u201d, vaya\u00bb. \u00a0Una imagen in\u00e9dita captada por el objetivo del actor y compartida hoy en homenaje y recuerdo de la a\u00f1orada actriz.\u00a0<\/p>\n<p> <img src=\"https:\/\/www.europesays.com\/es\/wp-content\/uploads\/2025\/11\/620770b1c7ba-y-me-encuentro-esta-foto-que-le-rob-hace-unos-aos-en-los-ngeles-y-es-que-ll.jpg\"   width=\"849\" height=\"1024\" loading=\"lazy\" decoding=\"async\" alt=\"Media Image\" fetchpriority=\"auto\" class=\"image ho-image\"\/>\u00a9 @perismencheta<\/p>\n<p id=\"ebCpznJwlb\" data-wc=\"73\"><strong>La muerte de Echegui sacudi\u00f3 bruscamente los cimientos de Sergio<\/strong>, que acababa de curarse de una leucemia, lo que a\u00f1adi\u00f3 una dimensi\u00f3n emocional especial a su despedida. \u00abHasta en los photocalls no posaba, daba la sensaci\u00f3n de estar pensando: <strong>\u201cno os tom\u00e9is esto tan en serio, que en 100 a\u00f1os todos calvos\u201d<\/strong>. Y esa manera de mirar, como con una mira telesc\u00f3pica detr\u00e1s de la cual se imaginaba un pa\u00eds de las maravillas\u00bb.\u00a0<\/p>\n<p> <img src=\"https:\/\/www.europesays.com\/es\/wp-content\/uploads\/2025\/11\/c0eb3ba76c33-maravilloso-encuentro-con-el-pblico-desde-las-navesdelespanol-con-ahmedyouno.jpg\"   width=\"1024\" height=\"581\" loading=\"lazy\" decoding=\"async\" alt=\"Sergio Peris-Mencheta\" fetchpriority=\"auto\" class=\"image ho-image\"\/>\u00a9 marta_solazSergio Peris-Mencheta, durante su lucha contra el c\u00e1ncer<\/p>\n<p id=\"enhn9fJ0bp\" data-wc=\"135\">Desde su enfermedad, Sergio ha hablado de la vida, la fragilidad, la urgencia de los proyectos que \u201cquedan pendientes\u201d. <strong>En su mensaje de despedida a Ver\u00f3nica dejaba ese sentimiento de \u00abhabernos quedado algo dentro\u00bb, casi como un pacto creativo sin cerrar.<\/strong> Se trataba de un adi\u00f3s personal, \u00edntimo; no solo de una actriz, sino de una amiga en su trayecto, de la que destacaba, sobre todo, sus ganas de vivir y su destello luminoso all\u00e1 por donde fuera. \u00abJugaba en otra liga. <strong>Como si hubiera venido a este mundo solo a recordar de qu\u00e9 iba esto, de vivir, y a re\u00edrse un poco de la seriedad, de las preocupaciones, de los estreses<\/strong>\u2026 S\u00ed, la Echegui era el paradigma de las ganas de vivir sin cortapisas. A cada instante. Como si fuera su se\u00f1a de identidad\u00bb.\u00a0<\/p>\n<p> <img src=\"https:\/\/www.europesays.com\/es\/wp-content\/uploads\/2025\/11\/8f70dd85c240-citas-barcelona-primevideo.jpg\"   width=\"1024\" height=\"683\" loading=\"lazy\" decoding=\"async\" alt=\"Ver\u00f3nica Echegui y Fran Perea en 'Citas Barcelona 2'\" fetchpriority=\"auto\" class=\"image ho-image\"\/>\u00a9 Prime Video<\/p>\n<p id=\"eCUFpfuaFT\" data-wc=\"99\">\u00abCon ella siempre se romp\u00eda la rutina, y aparec\u00eda la vida, carajo. Era una sorpresa continua. Con ella se escacharraba lo ordinario. <strong>Como si hubiera venido a este mundo a exprimir al m\u00e1ximo los 40 a\u00f1os que iba a vivir.<\/strong> Como si su ser superior ya supiera que ser\u00eda una estrella fugaz, y le planteara un \u201call-in\u201d a cada instante, por cotidiano que fuese. Como si hubiera encarnado para darnos una lecci\u00f3n a todos de c\u00f3mo se debe vivir una vida\u201d, a\u00f1ade el actor, que se deshace en halagos a su compa\u00f1era, a la que guardaba un cari\u00f1o inmenso.\u00a0<\/p>\n<p> <img src=\"https:\/\/www.europesays.com\/es\/wp-content\/uploads\/2025\/11\/4cba3b39066e-apaches-veronicaechegui-atresemedia.jpg\"   width=\"1024\" height=\"580\" loading=\"lazy\" decoding=\"async\" alt=\"Ver\u00f3nica da vida a Carol en 'Apaches'\" fetchpriority=\"auto\" class=\"image ho-image\"\/>\u00a9 Atresmedia<br \/>\nCientos de reacciones<\/p>\n<p id=\"e85Pofv4rbi\" data-wc=\"105\"><strong>El post del actor se ha llenado en minutos de mensajes y corazones de compa\u00f1eros y admiradores<\/strong>, dejando constancia de que el recuerdo de &#8216;Vero&#8217; sigue vivo en ellos. \u00abToooootal, as\u00ed como la describes !!! GRACIAS es como volver a tenerla desde tus palabras !!! Nos habla\u00bb, ha compartido la actriz <strong>F\u00e1tima Baeza<\/strong>. \u00abEsa era Vero\u00bb, a\u00f1ade <strong>B\u00e1rbara Goenaga<\/strong>, que acompa\u00f1a su mensaje con un emoji en forma de coraz\u00f3n. La actriz<a class=\"hm-link ho-link\" href=\"https:\/\/www.hola.com\/actualidad\/20251113867412\/barbara-goenaga-borja-semper-ultima-hora-cancer\/\" data-mrf-recirculation=\"article-body-link\" rel=\"nofollow noopener\" target=\"_blank\">\u00a0se ha convertido en los \u00faltimos meses en el soporte de su marido<\/a>, el portavoz del Partido Popular Borja S\u00e9mper, desde que hace cuatro meses fuese diagnosticado de c\u00e1ncer durante un chequeo m\u00e9dico.<\/p>\n<p> <img src=\"https:\/\/www.europesays.com\/es\/wp-content\/uploads\/2025\/11\/79412b9c73a8-dlu305885001.jpg\"   width=\"682\" height=\"1024\" loading=\"lazy\" decoding=\"async\" alt=\"La actriz B\u00e1rbara Goenaga y Borja S\u00e9mper, en una imagen en 2016.\" fetchpriority=\"auto\" class=\"image ho-image\"\/>\u00a9 GTRESLa actriz B\u00e1rbara Goenaga y Borja Semper, en una imagen en 2016<\/p>\n<p id=\"eCsArQFD6_u\" data-wc=\"41\"><strong>Ver\u00f3nica dej\u00f3 una huella irreemplazable en el cine espa\u00f1ol<\/strong>, desde su papel protagonista en &#8216;Yo soy la Juani&#8217; hasta su premio Goya como directora en 2022, que recibi\u00f3 con la misma ilusi\u00f3n que <a class=\"hm-link ho-link\" href=\"https:\/\/www.hola.com\/actualidad\/20251118868125\/alex-garcia-reflexion-tras-perdida-veronica-echegui\/\" data-mrf-recirculation=\"article-body-link\" rel=\"nofollow noopener\" target=\"_blank\">su compa\u00f1ero de vida<\/a>, el actor \u00c1lex Garc\u00eda.<\/p>\n<p> <img src=\"https:\/\/www.europesays.com\/es\/wp-content\/uploads\/2025\/11\/81df45378119-europapress4249745veronicaecheguiposagoyamejorcortophotocall36galapre.jpg\"   width=\"682\" height=\"1024\" loading=\"lazy\" decoding=\"async\" alt=\"Ver\u00f3nica Echegui posa con el Goya a mejor corto en el photocall de la 36\u00c2\u00aa gala de los Premios Goya, en el Palau de les Arts de Valencia, a 12 de febrero de 2022, en Valencia, Comunidad Valenciana, (Espa\u00f1a). \" fetchpriority=\"auto\" class=\"image ho-image\"\/>\u00a9 Europa PressVer\u00f3nica Echegui posa con el Goya a mejor corto en el photocall de la 36\u00c2\u00aa gala de los Premios Goya, en el Palau de les Arts de Valencia, a 12 de febrero de 2022, en Valencia, Comunidad Valenciana, (Espa\u00f1a)<\/p>\n<p> <img src=\"https:\/\/www.europesays.com\/es\/wp-content\/uploads\/2025\/11\/47343aa20438-echegui.jpg\"   width=\"1024\" height=\"576\" loading=\"lazy\" decoding=\"async\" alt=\"Alex Garc\u00eda y Ver\u00f3nica Echegui\" fetchpriority=\"auto\" class=\"image ho-image\"\/>\u00a9 GTRESAlex Garc\u00eda y Ver\u00f3nica Echegui<\/p>\n<p id=\"epSS8rrz1Vv7\" data-wc=\"7\"><strong>Una conexi\u00f3n m\u00e1s all\u00e1 de la pantalla<\/strong><\/p>\n<p id=\"e4AmWTJ7oQ6K\" data-wc=\"72\">El v\u00ednculo entre Ver\u00f3nica Echegui y Sergio Peris-Mencheta simbolizaba la compa\u00f1\u00eda y la amistad que tejen los artistas entre bambalinas, el respaldo silencioso, las \u201cluchas\u201d compartidas que rara vez se ven, aunque no salgan siempre a la luz de los medios. <strong>Una mirada de amistad sincera dentro del mundo de las c\u00e1maras y los focos<\/strong> que nos recuerda que, detr\u00e1s del brillo y la fama, hay <strong>conexiones humanas que merecen ser contadas<\/strong>.<\/p>\n","protected":false},"excerpt":{"rendered":"La actriz Ver\u00f3nica Echegui falleci\u00f3 el domingo 24 de agosto de 2025 en el Hospital 12 de Octubre&hellip;\n","protected":false},"author":2,"featured_media":251576,"comment_status":"","ping_status":"","sticky":false,"template":"","format":"standard","meta":{"footnotes":""},"categories":[91],"tags":[517,28670,22657,146,147,25,24,27928,23,28225],"class_list":{"0":"post-251575","1":"post","2":"type-post","3":"status-publish","4":"format-standard","5":"has-post-thumbnail","7":"category-entretenimiento","8":"tag-actualidad","9":"tag-alex-garcia","10":"tag-barbara-goenaga","11":"tag-entertainment","12":"tag-entretenimiento","13":"tag-es","14":"tag-espana","15":"tag-sergio-peris-mencheta","16":"tag-spain","17":"tag-veronica-echegui"},"share_on_mastodon":{"url":"https:\/\/pubeurope.com\/@es\/115599670654069713","error":""},"_links":{"self":[{"href":"https:\/\/www.europesays.com\/es\/wp-json\/wp\/v2\/posts\/251575","targetHints":{"allow":["GET"]}}],"collection":[{"href":"https:\/\/www.europesays.com\/es\/wp-json\/wp\/v2\/posts"}],"about":[{"href":"https:\/\/www.europesays.com\/es\/wp-json\/wp\/v2\/types\/post"}],"author":[{"embeddable":true,"href":"https:\/\/www.europesays.com\/es\/wp-json\/wp\/v2\/users\/2"}],"replies":[{"embeddable":true,"href":"https:\/\/www.europesays.com\/es\/wp-json\/wp\/v2\/comments?post=251575"}],"version-history":[{"count":0,"href":"https:\/\/www.europesays.com\/es\/wp-json\/wp\/v2\/posts\/251575\/revisions"}],"wp:featuredmedia":[{"embeddable":true,"href":"https:\/\/www.europesays.com\/es\/wp-json\/wp\/v2\/media\/251576"}],"wp:attachment":[{"href":"https:\/\/www.europesays.com\/es\/wp-json\/wp\/v2\/media?parent=251575"}],"wp:term":[{"taxonomy":"category","embeddable":true,"href":"https:\/\/www.europesays.com\/es\/wp-json\/wp\/v2\/categories?post=251575"},{"taxonomy":"post_tag","embeddable":true,"href":"https:\/\/www.europesays.com\/es\/wp-json\/wp\/v2\/tags?post=251575"}],"curies":[{"name":"wp","href":"https:\/\/api.w.org\/{rel}","templated":true}]}}