{"id":251581,"date":"2025-11-23T15:17:12","date_gmt":"2025-11-23T15:17:12","guid":{"rendered":"https:\/\/www.europesays.com\/es\/251581\/"},"modified":"2025-11-23T15:17:12","modified_gmt":"2025-11-23T15:17:12","slug":"israel-ataca-al-jefe-militar-de-hezbollah-en-el-primer-bombardeo-a-beirut-en-meses","status":"publish","type":"post","link":"https:\/\/www.europesays.com\/es\/251581\/","title":{"rendered":"Israel ataca al jefe militar de Hezbollah en el primer bombardeo a Beirut en meses"},"content":{"rendered":"<p>      CNN<br \/>\n        \u00a0\u2014\u00a0<\/p>\n<p class=\"paragraph inline-placeholder vossi-paragraph\" data-uri=\"es.cms.cnn.com\/_components\/paragraph\/instances\/cmibs5xgn001s28qh3my0bi8a@published\" data-editable=\"text\" data-component-name=\"paragraph\" data-article-gutter=\"true\">\n            Las Fuerzas Armadas de Israel realizaron un ataque a\u00e9reo en el sur de Beirut, el primero desde inicios de junio, dirigido contra la segunda figura m\u00e1s importante de Hezbollah.\n    <\/p>\n<p class=\"paragraph inline-placeholder vossi-paragraph\" data-uri=\"es.cms.cnn.com\/_components\/paragraph\/instances\/cmibs6uj20005356nznkcmy4x@published\" data-editable=\"text\" data-component-name=\"paragraph\" data-article-gutter=\"true\">\n            La oficina del primer ministro israel\u00ed, Benjamin Netanyahu, dijo que las Fuerzas de Defensa de Israel atacaron \u201cen el coraz\u00f3n de Beirut, apuntando al jefe militar de Hezbollah, quien dirigi\u00f3 los esfuerzos de expansi\u00f3n y armamento de la organizaci\u00f3n\u201d.\n    <\/p>\n<p class=\"paragraph inline-placeholder vossi-paragraph\" data-uri=\"es.cms.cnn.com\/_components\/paragraph\/instances\/cmibs6uj20006356nif5hkel2@published\" data-editable=\"text\" data-component-name=\"paragraph\" data-article-gutter=\"true\">\n            Una fuente israel\u00ed dijo a CNN que el objetivo del ataque era Haytham Ali Tabatabai, considerado de facto el n\u00famero dos de Hezbollah.\n    <\/p>\n<p class=\"paragraph inline-placeholder vossi-paragraph\" data-uri=\"es.cms.cnn.com\/_components\/paragraph\/instances\/cmibs6uj20007356nsaoil9m0@published\" data-editable=\"text\" data-component-name=\"paragraph\" data-article-gutter=\"true\">\n            La fuente a\u00f1adi\u00f3 que la evaluaci\u00f3n de da\u00f1os estaba en curso y que a\u00fan no estaba claro si Tabatabai hab\u00eda muerto en el ataque.\n    <\/p>\n<p class=\"paragraph inline-placeholder vossi-paragraph\" data-uri=\"es.cms.cnn.com\/_components\/paragraph\/instances\/cmibucg3y00003j6o6ca7vjt5@published\" data-editable=\"text\" data-component-name=\"paragraph\" data-article-gutter=\"true\">\n            El Ministerio de Salud liban\u00e9s inform\u00f3 que una persona hab\u00eda muerto y 21 hab\u00edan resultado heridas en el ataque, que tuvo lugar entre edificios de apartamentos en una zona muy poblada del sur de Beirut.\n    <\/p>\n<p class=\"paragraph inline-placeholder vossi-paragraph\" data-uri=\"es.cms.cnn.com\/_components\/paragraph\/instances\/cmibuh78o00063j6oml2zp6ox@published\" data-editable=\"text\" data-component-name=\"paragraph\" data-article-gutter=\"true\">\n            Las im\u00e1genes de la escena mostraban humo saliendo del cuarto o quinto piso de un edificio de apartamentos en una zona muy poblada del sur de Beirut.\n    <\/p>\n<p class=\"paragraph inline-placeholder vossi-paragraph\" data-uri=\"es.cms.cnn.com\/_components\/paragraph\/instances\/cmibs6uj20008356nkhro0en3@published\" data-editable=\"text\" data-component-name=\"paragraph\" data-article-gutter=\"true\">\n            Netanyahu orden\u00f3 el bombardeo por recomendaci\u00f3n del ministro de Defensa y del jefe militar de Israel, indic\u00f3 su oficina.\n    <\/p>\n<p class=\"paragraph inline-placeholder vossi-paragraph\" data-uri=\"es.cms.cnn.com\/_components\/paragraph\/instances\/cmibuhuvq00093j6o34zq4plp@published\" data-editable=\"text\" data-component-name=\"paragraph\" data-article-gutter=\"true\">\n            \u201cSeguiremos actuando con firmeza para prevenir cualquier amenaza contra los residentes del norte y contra el Estado de Israel\u201d, afirm\u00f3 el ministro de Defensa israel\u00ed, Israel Katz, y a\u00f1adi\u00f3: \u201cA cualquiera que levante la mano contra Israel, se le cortar\u00e1 la mano\u201d.\n    <\/p>\n<p class=\"paragraph inline-placeholder vossi-paragraph\" data-uri=\"es.cms.cnn.com\/_components\/paragraph\/instances\/cmibs6uj20009356n4427ak9p@published\" data-editable=\"text\" data-component-name=\"paragraph\" data-article-gutter=\"true\">\n            \u201cAviones enemigos lanzaron una incursi\u00f3n en los suburbios del sur de Beirut, que dej\u00f3 v\u00edctimas y da\u00f1os significativos\u201d, inform\u00f3 la agencia oficial de noticias del L\u00edbano.\n    <\/p>\n<p class=\"paragraph inline-placeholder vossi-paragraph\" data-uri=\"es.cms.cnn.com\/_components\/paragraph\/instances\/cmibuhuy3000b3j6o8pcq2q90@published\" data-editable=\"text\" data-component-name=\"paragraph\" data-article-gutter=\"true\">\n            Un ataque israel\u00ed contra el sur de Beirut, en septiembre de 2024, mat\u00f3 al l\u00edder hist\u00f3rico de Hezbollah, Hassan Nasrallah, y los ataques israel\u00edes han vaciado el liderazgo militar del grupo.<strong> <\/strong>Israel tambi\u00e9n vol\u00f3 los buscapersonas y los walkie-talkies utilizados por los miembros de Hezbollah, matando a decenas de personas.\n    <\/p>\n<p class=\"paragraph inline-placeholder vossi-paragraph\" data-uri=\"es.cms.cnn.com\/_components\/paragraph\/instances\/cmibukatc000h3j6oj4zj123u@published\" data-editable=\"text\" data-component-name=\"paragraph\" data-article-gutter=\"true\">\n            Hace un a\u00f1o, se acord\u00f3 un alto el fuego gracias a la mediaci\u00f3n de Estados Unidos, pero las fuerzas israel\u00edes han seguido atacando las infraestructuras y los combatientes de Hezbollah en el sur del L\u00edbano y el valle de la Bekaa.\n    <\/p>\n<p class=\"paragraph inline-placeholder vossi-paragraph\" data-uri=\"es.cms.cnn.com\/_components\/paragraph\/instances\/cmibukatc000i3j6ox1991ju7@published\" data-editable=\"text\" data-component-name=\"paragraph\" data-article-gutter=\"true\">\n            Estados Unidos<a href=\"https:\/\/rewardsforjustice.net\/rewards\/haytham-ali-tabatabai\/\" target=\"_blank\" rel=\"nofollow noopener\"><strong> <\/strong>design\u00f3 a<\/a> Tabatabai como terrorista en 2016, afirmando que era un l\u00edder militar clave de Hezbollah \u201cque ha comandado las fuerzas especiales del grupo tanto en Siria como en Yemen\u201d.\n    <\/p>\n<p class=\"paragraph inline-placeholder vossi-paragraph\" data-uri=\"es.cms.cnn.com\/_components\/paragraph\/instances\/cmibukatc000j3j6oij2r35mr@published\" data-editable=\"text\" data-component-name=\"paragraph\" data-article-gutter=\"true\">\n            El programa estadounidense Rewards for Justice ofreci\u00f3 una recompensa de hasta US$ 5 millones por informaci\u00f3n sobre Tabatabai.\n    <\/p>\n<p class=\"paragraph inline-placeholder vossi-paragraph\" data-uri=\"es.cms.cnn.com\/_components\/paragraph\/instances\/cmibukatc000k3j6ox9dnyv0x@published\" data-editable=\"text\" data-component-name=\"paragraph\" data-article-gutter=\"true\">\n            Seg\u00fan el acuerdo de alto el fuego, Hezbollah debe entregar sus armas pesadas y retirar a todos sus miembros del sur del r\u00edo Litani.\n    <\/p>\n<p class=\"paragraph inline-placeholder vossi-paragraph\" data-uri=\"es.cms.cnn.com\/_components\/paragraph\/instances\/cmibukatc000l3j6oaimmax7q@published\" data-editable=\"text\" data-component-name=\"paragraph\" data-article-gutter=\"true\">\n            Se han producido pocos avances en el desarme, lo que ha llevado a los funcionarios israel\u00edes a advertir que se intensificar\u00e1n las acciones militares a menos que el Gobierno liban\u00e9s tome medidas para frenar a Hezbollah.\n    <\/p>\n<p class=\"paragraph inline-placeholder vossi-paragraph\" data-uri=\"es.cms.cnn.com\/_components\/paragraph\/instances\/cmibukatc000m3j6oi43k3g3e@published\" data-editable=\"text\" data-component-name=\"paragraph\" data-article-gutter=\"true\">\n            El presidente del L\u00edbano, Joseph Aoun, acus\u00f3 a Israel a principios de este mes de \u201cno escatimar esfuerzos para mostrar su rechazo a cualquier acuerdo negociado entre los dos pa\u00edses\u201d.\n    <\/p>\n","protected":false},"excerpt":{"rendered":"CNN \u00a0\u2014\u00a0 Las Fuerzas Armadas de Israel realizaron un ataque a\u00e9reo en el sur de Beirut, el primero&hellip;\n","protected":false},"author":2,"featured_media":251582,"comment_status":"","ping_status":"","sticky":false,"template":"","format":"standard","meta":{"footnotes":""},"categories":[42],"tags":[63692,17,18,13,14,11,16762,61,62,63,64,74,19,20,9,10,15,16,12,21,22,65,66,67],"class_list":{"0":"post-251581","1":"post","2":"type-post","3":"status-publish","4":"format-standard","5":"has-post-thumbnail","7":"category-internacional","8":"tag-beirut","9":"tag-breaking-news","10":"tag-breakingnews","11":"tag-featured-news","12":"tag-featurednews","13":"tag-headlines","14":"tag-hezbollah","15":"tag-internacional","16":"tag-international","17":"tag-international-news","18":"tag-internationalnews","19":"tag-israel","20":"tag-latest-news","21":"tag-latestnews","22":"tag-news","23":"tag-noticias","24":"tag-noticias-destacadas","25":"tag-noticiasdestacadas","26":"tag-titulares","27":"tag-ultimas-noticias","28":"tag-ultimasnoticias","29":"tag-world","30":"tag-world-news","31":"tag-worldnews"},"share_on_mastodon":{"url":"https:\/\/pubeurope.com\/@es\/115599681010313775","error":""},"_links":{"self":[{"href":"https:\/\/www.europesays.com\/es\/wp-json\/wp\/v2\/posts\/251581","targetHints":{"allow":["GET"]}}],"collection":[{"href":"https:\/\/www.europesays.com\/es\/wp-json\/wp\/v2\/posts"}],"about":[{"href":"https:\/\/www.europesays.com\/es\/wp-json\/wp\/v2\/types\/post"}],"author":[{"embeddable":true,"href":"https:\/\/www.europesays.com\/es\/wp-json\/wp\/v2\/users\/2"}],"replies":[{"embeddable":true,"href":"https:\/\/www.europesays.com\/es\/wp-json\/wp\/v2\/comments?post=251581"}],"version-history":[{"count":0,"href":"https:\/\/www.europesays.com\/es\/wp-json\/wp\/v2\/posts\/251581\/revisions"}],"wp:featuredmedia":[{"embeddable":true,"href":"https:\/\/www.europesays.com\/es\/wp-json\/wp\/v2\/media\/251582"}],"wp:attachment":[{"href":"https:\/\/www.europesays.com\/es\/wp-json\/wp\/v2\/media?parent=251581"}],"wp:term":[{"taxonomy":"category","embeddable":true,"href":"https:\/\/www.europesays.com\/es\/wp-json\/wp\/v2\/categories?post=251581"},{"taxonomy":"post_tag","embeddable":true,"href":"https:\/\/www.europesays.com\/es\/wp-json\/wp\/v2\/tags?post=251581"}],"curies":[{"name":"wp","href":"https:\/\/api.w.org\/{rel}","templated":true}]}}