{"id":251583,"date":"2025-11-23T15:18:10","date_gmt":"2025-11-23T15:18:10","guid":{"rendered":"https:\/\/www.europesays.com\/es\/251583\/"},"modified":"2025-11-23T15:18:10","modified_gmt":"2025-11-23T15:18:10","slug":"cientos-de-personas-protestan-ante-el-supremo-por-la-condena-al-fiscal-general-espana","status":"publish","type":"post","link":"https:\/\/www.europesays.com\/es\/251583\/","title":{"rendered":"Cientos de personas protestan ante el Supremo por la condena al Fiscal General | Espa\u00f1a"},"content":{"rendered":"<p class=\"\">Varios centenares de ciudadanos convocados a trav\u00e9s de mensajes por whatsapp se han concentrado frente al Tribunal Supremo en Madrid para protestar contra la condena al Fiscal General del Estado, \u00c1lvaro Garc\u00eda-Ortiz. A la concentraci\u00f3n en la Plaza Villa de Par\u00eds, convocada a las 11.30 de este domingo, han asistido la ex ministra de Justicia Dolores Delgado, actual Fiscal coordinadora de Derechos Humanos y Memoria Democr\u00e1tica y <a href=\"\" rel=\"\" title=\"\">predecesora de Garc\u00eda Ortiz al frente de la de la Fiscal\u00eda General del Estado<\/a>, y el exjuez Baltasar Garz\u00f3n.<\/p>\n<p class=\"\">Entre gritos de \u201cverg\u00fcenza\u201d, \u201cgolpistas con toga\u201d o \u201cesto es pol\u00edtica, no justicia\u201d, algunos manifestantes portaban carteles \u2014\u201cNo al lawfare\u201d\u2014 para denunciar lo que consideran una extralimitaci\u00f3n pol\u00edtica del m\u00e1s alto tribunal del Poder Judicial. El pasado jueves, 20 de noviembre, coincidiendo con la conmemoraci\u00f3n del 50 aniversario de la muerte del dictador Francisco Franco, <a href=\"https:\/\/elpais.com\/espana\/2025-11-20\/el-supremo-condena-al-fiscal-general-a-dos-anos-de-inhabilitacion-por-revelacion-de-secreto.html\" target=\"_self\" rel=\"nofollow noopener\" title=\"https:\/\/elpais.com\/espana\/2025-11-20\/el-supremo-condena-al-fiscal-general-a-dos-anos-de-inhabilitacion-por-revelacion-de-secreto.html\">la sala Segunda del Supremo adelant\u00f3 el fallo<\/a> \u2014la sentencia est\u00e1 a\u00fan por dictarse\u2014contra Garc\u00eda Ortiz, al que conden\u00f3 por \u201crevelaci\u00f3n de datos reservados\u201d del novio de la presidenta de la Comunidad de Madrid. <\/p>\n<p class=\"\">Junto a Dolores Delgado, a la concentraci\u00f3n ha asistido tambi\u00e9n el ex juez de la Audiencia Nacional Baltasar Garz\u00f3n, que fue expulsado de la carrera judicial <a href=\"https:\/\/elpais.com\/espana\/2025-08-08\/la-fiscalia-pide-a-la-audiencia-que-ordene-el-borrado-de-los-antecedentes-de-garzon.html\" target=\"_self\" rel=\"nofollow noopener\" title=\"https:\/\/elpais.com\/espana\/2025-08-08\/la-fiscalia-pide-a-la-audiencia-que-ordene-el-borrado-de-los-antecedentes-de-garzon.html\">despu\u00e9s de ser condenado tambi\u00e9n por el Supremo en 2012<\/a>. Garz\u00f3n ha afirmado que la condena a Garc\u00eda Ortiz es \u201cinjusta\u201d y \u201carbitraria\u201d. Y ha criticado que se haya adelantado el fallo sin conocerse los razonamientos de la condena, algo que a su juicio supone una \u201crevictimizaci\u00f3n\u201d del fiscal y un \u201cdesasosiego\u201d para el sistema democr\u00e1tico. <\/p>\n<p>V\u00eddeo: epv<\/p>\n<p class=\"\">Durante la concentraci\u00f3n se ha le\u00eddo un texto escrito por \u201cgente de a pie, dem\u00f3cratas\u201d y \u201csin siglas, ni banderas, ni partidos, ni plataformas\u201d, para solidarizarse con el fiscal general. \u201cNos preocupa que en este proceso no se haya respetado la presunci\u00f3n de inocencia y que declaraciones de testigos relevantes para la defensa\u201d, en referencia a los numerosos periodistas que aseguraron conocer el correo sobre el novio de Ayuso, Alberto Gonz\u00e1lez Amador, \u201cno hayan sido consideradas con la debida atenci\u00f3n\u201d, apunta el comunicado.<\/p>\n","protected":false},"excerpt":{"rendered":"Varios centenares de ciudadanos convocados a trav\u00e9s de mensajes por whatsapp se han concentrado frente al Tribunal Supremo&hellip;\n","protected":false},"author":2,"featured_media":251584,"comment_status":"","ping_status":"","sticky":false,"template":"","format":"standard","meta":{"footnotes":""},"categories":[8],"tags":[17426,17,18,41172,25,24,13,14,2153,11,2158,19,20,16735,9,10,15,16,952,23,12,4874,21,22],"class_list":{"0":"post-251583","1":"post","2":"type-post","3":"status-publish","4":"format-standard","5":"has-post-thumbnail","7":"category-espana","8":"tag-baltasar-garzon","9":"tag-breaking-news","10":"tag-breakingnews","11":"tag-dolores-delgado","12":"tag-es","13":"tag-espana","14":"tag-featured-news","15":"tag-featurednews","16":"tag-fiscalia-general-estado","17":"tag-headlines","18":"tag-justicia","19":"tag-latest-news","20":"tag-latestnews","21":"tag-manifestaciones","22":"tag-news","23":"tag-noticias","24":"tag-noticias-destacadas","25":"tag-noticiasdestacadas","26":"tag-politica","27":"tag-spain","28":"tag-titulares","29":"tag-tribunal-supremo","30":"tag-ultimas-noticias","31":"tag-ultimasnoticias"},"share_on_mastodon":{"url":"https:\/\/pubeurope.com\/@es\/115599684751433553","error":""},"_links":{"self":[{"href":"https:\/\/www.europesays.com\/es\/wp-json\/wp\/v2\/posts\/251583","targetHints":{"allow":["GET"]}}],"collection":[{"href":"https:\/\/www.europesays.com\/es\/wp-json\/wp\/v2\/posts"}],"about":[{"href":"https:\/\/www.europesays.com\/es\/wp-json\/wp\/v2\/types\/post"}],"author":[{"embeddable":true,"href":"https:\/\/www.europesays.com\/es\/wp-json\/wp\/v2\/users\/2"}],"replies":[{"embeddable":true,"href":"https:\/\/www.europesays.com\/es\/wp-json\/wp\/v2\/comments?post=251583"}],"version-history":[{"count":0,"href":"https:\/\/www.europesays.com\/es\/wp-json\/wp\/v2\/posts\/251583\/revisions"}],"wp:featuredmedia":[{"embeddable":true,"href":"https:\/\/www.europesays.com\/es\/wp-json\/wp\/v2\/media\/251584"}],"wp:attachment":[{"href":"https:\/\/www.europesays.com\/es\/wp-json\/wp\/v2\/media?parent=251583"}],"wp:term":[{"taxonomy":"category","embeddable":true,"href":"https:\/\/www.europesays.com\/es\/wp-json\/wp\/v2\/categories?post=251583"},{"taxonomy":"post_tag","embeddable":true,"href":"https:\/\/www.europesays.com\/es\/wp-json\/wp\/v2\/tags?post=251583"}],"curies":[{"name":"wp","href":"https:\/\/api.w.org\/{rel}","templated":true}]}}