{"id":251595,"date":"2025-11-23T15:29:11","date_gmt":"2025-11-23T15:29:11","guid":{"rendered":"https:\/\/www.europesays.com\/es\/251595\/"},"modified":"2025-11-23T15:29:11","modified_gmt":"2025-11-23T15:29:11","slug":"de-marca-italiana-y-rebajado-a-177-euros","status":"publish","type":"post","link":"https:\/\/www.europesays.com\/es\/251595\/","title":{"rendered":"de marca italiana y rebajado a 177 euros"},"content":{"rendered":"<p><b>Aitana y Plex se han adelantado al puente de diciembre con una escapada a Maldiva<\/b>s. Como hemos podido ver en los \u00faltimos meses, ambos han estado de un lugar a otro sin descansar por motivos laborales, pero siempre acompa\u00f1ando uno al otro para apoyar en sus m\u00e9ritos.<\/p>\n<p>Ahora, han tocado unos d\u00edas de desconexi\u00f3n donde no solamente hemos vuelto a ver la complicidad entre ellos, sino tambi\u00e9n parte de la maleta de la cantante. En este art\u00edculo cambiamos los looks m\u00e1s creativos por la vuelta a <b>sus espectaculares bikinis<\/b> con los que presume de cuerpazo y bronceado natural. De hecho, a lo largo de este verano hemos ido comentando todos los modelos que nos ha mostrado a trav\u00e9s de las redes sociales con los que nos ha descubierto nuevas firmas, nuevos dise\u00f1os y nuevas formas de triunfar en la playa.<\/p>\n<p><b>El posado de Aitana con Plex en sus vacaciones<\/b><\/p>\n<p><a title=\"Aitana y Plex\" href=\"https:\/\/www.larazon.es\/lifestyle\/moda\/aitana-apoya-plex-vestido-lencero-brillante-que-habiamos-visto-ahora_20251121692024d66c137a69877697a8.html\" target=\"_blank\" rel=\"nofollow noopener\">Aitana y Plex<\/a> han vuelto a protagonizar un posado en el espejo de su alojamiento en Maldivas. Y es que se han convertido en una de las parejas m\u00e1s queridas de Espa\u00f1a, quienes ya no se esconden y muestran su amor y cari\u00f1o abiertamente. Tanto a trav\u00e9s de las redes sociales como en actos p\u00fablicos. Ahora bien, gracias a los \u00faltimos Instagram Stories de la artista hemos descubierto <b>un nuevo bikini<\/b> en su fondo de armario con el que se ha adelantado al <a title=\"Black Friday\" href=\"https:\/\/www.larazon.es\/lifestyle\/moda\/8-botas-zara-mango-que-tenemos-nuestra-cesta-black-friday-2025_20251119691b4412eba8bc0ece03947a.html\" target=\"_blank\" rel=\"nofollow noopener\">Black Friday<\/a>.<\/p>\n<p>A menos de una semana de los mayores descuentos del a\u00f1o, <a title=\"Aitana\" href=\"https:\/\/www.larazon.es\/lifestyle\/moda\/fin-descubrimos-vestido-azul-que-llevo-aitana-latin-grammy-versace-casi-3000-euros_20251118691c367139b3f1652bf4e972.html\" target=\"_blank\" rel=\"nofollow noopener\">Aitana<\/a> nos ha creado la necesidad de hacernos con este modelo. Porque aunque todav\u00eda falte m\u00e1s de medio a\u00f1o para volver al eterno verano, lo cierto es que se trata de un b\u00e1sico que ya est\u00e1 rebajado y tiene la capacidad de arreglarnos tanto en la playa como en la piscina. O, incluso es perfecto para a\u00f1adir en un estilismo m\u00e1s festivo o glamuroso junto con unos vaqueros.<\/p>\n<p><img decoding=\"async\" loading=\"lazy\" src=\"https:\/\/www.europesays.com\/es\/wp-content\/uploads\/2025\/11\/aitana-plex-maldivas_123.jpg\" alt=\"Aitana con Plex en Maldivas.\" width=\"1290\" height=\"2303\"\/><b>Aitana con Plex en Maldivas.<\/b>Instagram @aitanax<b>Con aires al lujo y rebajado <\/b><\/p>\n<p>Como dec\u00edamos, se trata de un bikini de la firma italiana <b>Venuja<\/b> que ya cuenta con un 10% de descuento, puesto que ha pasado de 198 euros a 177 euros. Un dise\u00f1o de tri\u00e1ngulo (uno de los favoritos de Aitana) en gris antracita que est\u00e1 decorado con apliques de cristales que ya se est\u00e1 agotando. Sencillo, pero que respira lujo al ser decorado con estos abalorios joya que tienen un plus de glow cuando se reflejan con los rayos de sol.<\/p>\n<p><b>Bikini con apliques de cristales, de Venuja (rebajado a 177 euros)<\/b><\/p>\n<p><img decoding=\"async\" loading=\"lazy\" src=\"https:\/\/www.europesays.com\/es\/wp-content\/uploads\/2025\/11\/bikini-aplique-cristales_123.jpg\" alt=\"Bikini con aplique de cristales. \" width=\"2048\" height=\"2731\"\/><b>Bikini con aplique de cristales. <\/b>Venuja<\/p>\n<p><a title=\"Aitana\" href=\"https:\/\/www.larazon.es\/lifestyle\/moda\/aitana-hace-historia-latin-grammy-2025-tres-looks-espectaculares-que-resumen-era-mas-oscura-fashion_202511146916c60e39b3f1652beaf597.html\" target=\"_blank\" rel=\"nofollow noopener\">Aitana<\/a> ha vuelto a actuar como editora de moda, mostr\u00e1ndonos este nuevo bikini que nosotras compraremos antes del Black Friday. Porque si te vas de puente de diciembre a un lugar paradis\u00edaco o con spa, este es el momento de comprarlo como una buena y sensata inversi\u00f3n.<\/p>\n","protected":false},"excerpt":{"rendered":"Aitana y Plex se han adelantado al puente de diciembre con una escapada a Maldivas. Como hemos podido&hellip;\n","protected":false},"author":2,"featured_media":251596,"comment_status":"","ping_status":"","sticky":false,"template":"","format":"standard","meta":{"footnotes":""},"categories":[174],"tags":[255,146,147,25,24,256,23],"class_list":{"0":"post-251595","1":"post","2":"type-post","3":"status-publish","4":"format-standard","5":"has-post-thumbnail","7":"category-famosos","8":"tag-celebrities","9":"tag-entertainment","10":"tag-entretenimiento","11":"tag-es","12":"tag-espana","13":"tag-famosos","14":"tag-spain"},"share_on_mastodon":{"url":"https:\/\/pubeurope.com\/@es\/115599728598043979","error":""},"_links":{"self":[{"href":"https:\/\/www.europesays.com\/es\/wp-json\/wp\/v2\/posts\/251595","targetHints":{"allow":["GET"]}}],"collection":[{"href":"https:\/\/www.europesays.com\/es\/wp-json\/wp\/v2\/posts"}],"about":[{"href":"https:\/\/www.europesays.com\/es\/wp-json\/wp\/v2\/types\/post"}],"author":[{"embeddable":true,"href":"https:\/\/www.europesays.com\/es\/wp-json\/wp\/v2\/users\/2"}],"replies":[{"embeddable":true,"href":"https:\/\/www.europesays.com\/es\/wp-json\/wp\/v2\/comments?post=251595"}],"version-history":[{"count":0,"href":"https:\/\/www.europesays.com\/es\/wp-json\/wp\/v2\/posts\/251595\/revisions"}],"wp:featuredmedia":[{"embeddable":true,"href":"https:\/\/www.europesays.com\/es\/wp-json\/wp\/v2\/media\/251596"}],"wp:attachment":[{"href":"https:\/\/www.europesays.com\/es\/wp-json\/wp\/v2\/media?parent=251595"}],"wp:term":[{"taxonomy":"category","embeddable":true,"href":"https:\/\/www.europesays.com\/es\/wp-json\/wp\/v2\/categories?post=251595"},{"taxonomy":"post_tag","embeddable":true,"href":"https:\/\/www.europesays.com\/es\/wp-json\/wp\/v2\/tags?post=251595"}],"curies":[{"name":"wp","href":"https:\/\/api.w.org\/{rel}","templated":true}]}}