{"id":251599,"date":"2025-11-23T15:34:09","date_gmt":"2025-11-23T15:34:09","guid":{"rendered":"https:\/\/www.europesays.com\/es\/251599\/"},"modified":"2025-11-23T15:34:09","modified_gmt":"2025-11-23T15:34:09","slug":"kiss-publican-varios-videos-para-su-caja-de-alive-reunion-de-angra-firewind-con-nuevo-sello-reedicion-de-toxik","status":"publish","type":"post","link":"https:\/\/www.europesays.com\/es\/251599\/","title":{"rendered":"KISS publican varios v\u00eddeos para su caja de \u201cAlive!\u201d. Reuni\u00f3n de ANGRA. FIREWIND con nuevo sello. Reedici\u00f3n de TOXIK."},"content":{"rendered":"<p>\u00a0<\/p>\n<p style=\"text-align: center;\"><strong><a href=\"#KISS3\">KISS publican varios v\u00eddeos para su caja de \u201cAlive!\u201d<\/a> \u2013 <a href=\"#ANGRA\">Reuni\u00f3n de ANGRA<\/a> \u2013 <a href=\"#FIREWIND2\">FIREWIND con nuevo sello<\/a> \u2013 <a href=\"#TOXIK\">Reedici\u00f3n de TOXIK<\/a>. <\/strong><\/p>\n<p><a href=\"https:\/\/www.kissonline.com\/\" target=\"_blank\" rel=\"noopener nofollow\"><strong>KISS<\/strong><\/a> han publicado varios v\u00eddeos para su <a href=\"https:\/\/www.rafabasa.com\/2025\/11\/07\/kiss-omnium-gatherum-nefarious\/#KISS\" rel=\"nofollow noopener\" target=\"_blank\">nueva caja<\/a> dedicada a su m\u00edtico disco en directo de 1975 \u201cAlive!\u201d aparecida el 21 de noviembre.<\/p>\n<p>Los americanos han hablado recientemente de sus <a href=\"https:\/\/www.rafabasa.com\/2025\/11\/19\/kiss-at-war-temple-balls\/#KISS2\" rel=\"nofollow noopener\" target=\"_blank\">pr\u00f3ximos planes<\/a>.<\/p>\n<p>La banda tambi\u00e9n sac\u00f3 hace poco una <a href=\"https:\/\/www.rafabasa.com\/2025\/10\/17\/kiss-battle-beast-blood-incantation\/#KISS2\" rel=\"nofollow noopener\" target=\"_blank\">caja para su tercer disco \u201cDressed To Kill\u201d<\/a>.<\/p>\n<p>El guitarrista original de <strong>KISS<\/strong> <strong>Ace Frehley<\/strong> <a href=\"https:\/\/www.rafabasa.com\/2025\/10\/17\/fallece-el-guitarrista-original-de-kiss-ace-frehley\" target=\"_blank\" rel=\"noopener nofollow\">falleci\u00f3 el 16 de octubre<\/a> a los 74 a\u00f1os de edad.<\/p>\n<p><a href=\"https:\/\/www.kissonline.com\/\" target=\"_blank\" rel=\"noopener nofollow\"><strong>KISS<\/strong><\/a> se despidieron en Abu Dhabi en diciembre de 2023.<\/p>\n<p>\u00a0<\/p>\n<p>\u00a0<\/p>\n<p>\u00a0<\/p>\n<p><a href=\"http:\/\/www.angra.net\/\" target=\"_blank\" rel=\"noopener nofollow\"><strong>ANGRA<\/strong><\/a> se reunir\u00e1n con su exguitarrista <strong>Kiko Loureiro, su exbater\u00eda Aquiles Priester y su excantante Edu Falaschi el 26 de abril <\/strong>para actuar en el festival <strong>Bangers Open Air <\/strong>que se celebrar\u00e1 en el Memorial Da America Latina de <strong>Sao Paulo, Brasil<\/strong>. Ser\u00e1 un espect\u00e1culo especial que contar\u00e1 con la reuni\u00f3n de la formaci\u00f3n \u00abRebirth\u00bb.<\/p>\n<p>La banda actuar\u00e1 con su formaci\u00f3n actual y realizar\u00e1 tambi\u00e9n la mencionada reuni\u00f3n.<\/p>\n<p><img loading=\"lazy\" decoding=\"async\" src=\"https:\/\/www.europesays.com\/es\/wp-content\/uploads\/2025\/11\/reunion1.jpg\" alt=\"ANGRA\" width=\"400\" height=\"500\"\/><\/p>\n<p><a href=\"http:\/\/www.angra.net\/\" target=\"_blank\" rel=\"noopener nofollow\"><strong>ANGRA<\/strong><\/a> comenta:<\/p>\n<p>\u00abSer cabeza de cartel en un importante festival de Brasil, como banda brasile\u00f1a, tiene un enorme significado para nosotros, especialmente en el a\u00f1o en que <a href=\"http:\/\/www.angra.net\/\" target=\"_blank\" rel=\"noopener nofollow\"><strong>ANGRA<\/strong><\/a> celebra 35 a\u00f1os de existencia. Es una prueba de que el metal que se hace aqu\u00ed tiene fuerza, historia y relevancia\u00bb.<\/p>\n<p>Bangers a\u00f1ade:<\/p>\n<p>\u201cTener a \u00a0<a href=\"http:\/\/www.angra.net\/\" target=\"_blank\" rel=\"noopener nofollow\"><strong>ANGRA<\/strong><\/a>, y en concreto al legendario cartel de \u201cRebirth\u201d, como cabeza de cartel de Bangers Open Air es un hito hist\u00f3rico para el metal brasile\u00f1o. En el a\u00f1o en que un festival nacional de metal llega a su cuarta edici\u00f3n, una haza\u00f1a sin precedentes en el pa\u00eds, este encuentro consagra la fuerza, la trayectoria y la relevancia de la m\u00fasica que se produce aqu\u00ed.<\/p>\n<p>Ser\u00e1 una noche larga, intensa y emotiva, que unir\u00e1 diferentes etapas de <a href=\"http:\/\/www.angra.net\/\" target=\"_blank\" rel=\"noopener nofollow\"><strong>ANGRA<\/strong><\/a> en un solo espect\u00e1culo.<\/p>\n<p>Nos vemos en Bangers Open Air para vivir juntos este momento inolvidable\u00bb.<\/p>\n<p>En este <a href=\"https:\/\/www.rafabasa.com\/2023\/11\/23\/angra-jelusick-metalite\/#ANGRA\" target=\"_blank\" rel=\"noopener nofollow\">bloque<\/a> pod\u00e9is escuchar \u00edntegro el \u00faltimo disco de\u00a0<a href=\"http:\/\/www.angra.net\/\" target=\"_blank\" rel=\"noopener nofollow\"><strong>ANGRA<\/strong><\/a>\u00a0\u201cCycles Of Pain\u201d, aparecido el 3 de noviembre de 2023 a trav\u00e9s de Atomic Fire Records.<\/p>\n<p>Todos los detalles en esta\u00a0<a href=\"https:\/\/www.rafabasa.com\/2023\/07\/28\/angra-jose-andrea-evildead\/#ANGRA\" target=\"_blank\" rel=\"noopener nofollow\">noticia<\/a>\u00a0y su \u00faltimo v\u00eddeo en\u00a0<a href=\"https:\/\/www.rafabasa.com\/2023\/09\/15\/angra-art-of-anarchy-pain\/#ANGRA\" target=\"_blank\" rel=\"noopener nofollow\">esta<\/a>.<\/p>\n<p>\u00a0<\/p>\n<p><a href=\"https:\/\/firewind.gr\/\" target=\"_blank\" rel=\"noopener nofollow\"><strong>FIREWIND<\/strong><\/a> han firmado con la filial de Frontiers Music BLKIIBLK Records para editar su pr\u00f3ximo trabajo.<\/p>\n<p><a href=\"https:\/\/firewind.gr\/\" target=\"_blank\" rel=\"noopener nofollow\"><strong>FIREWIND<\/strong><\/a> <a href=\"https:\/\/www.rafabasa.com\/2025\/11\/21\/celtian-firewind-crystal-lake\/#FIREWIND\" rel=\"nofollow noopener\" target=\"_blank\">anunciaron recientemente<\/a> la marcha de su cantante Herbie Langhans y el regreso de Henning Basse.<\/p>\n<p>El grupo ya prepara un <a href=\"https:\/\/www.rafabasa.com\/2025\/08\/20\/overkill-firewind-ripollet-rock\/#FIREWIND\" rel=\"nofollow noopener\" target=\"_blank\">nuevo disco<\/a> conceptual.<\/p>\n<p>AFM Records sac\u00f3 el 1 de marzo de 2024 el \u00faltimo disco de <a href=\"https:\/\/firewind.gr\/\" target=\"_blank\" rel=\"noopener nofollow\"><strong>FIREWIND<\/strong><\/a> \u00abStand United\u00bb.<\/p>\n<p>Todos los detalles en esta <a href=\"https:\/\/www.rafabasa.com\/2023\/10\/13\/nuevo-video-de-doro-proximo-disco-de-firewind-aeolian-estrenan-video\/#FIREWIND\" target=\"_blank\" rel=\"noopener nofollow\">noticia<\/a> y los singles aparecidos en <a href=\"https:\/\/www.rafabasa.com\/2024\/09\/13\/metallica-firewind-mortemia\/#FIREWIND\" target=\"_blank\" rel=\"noopener nofollow\">esta<\/a>.<\/p>\n<p>M\u00e1s sobre la banda en este <a href=\"https:\/\/www.rafabasa.com\/2024\/11\/11\/buckcherry-the-vintage-caravan-firewind-party-san-open-air\/#FIREWIND\" rel=\"nofollow noopener\" target=\"_blank\">bloque<\/a>.<\/p>\n<p>\u00a0<\/p>\n<p>El debut de <strong>TOXIK<\/strong> \u201cWorld Circus\u201d ha sido reeditado en vinilo con doble carpeta por Massacre Records.<\/p>\n<p>Est\u00e1 disponible en diferentes colores.<\/p>\n<p>El <a href=\"https:\/\/www.rafabasa.com\/2022\/05\/11\/baron-rojo-the-quireboys-toxik\/#TOXIK\" target=\"_blank\" rel=\"noopener nofollow\">\u00faltimo disco<\/a> de <strong>TOXIK<\/strong> \u00abDis Morta\u00bb aparecido el 5 de agosto a trav\u00e9s de Massacre Records puede escucharse \u00edntegro en este <a href=\"https:\/\/www.rafabasa.com\/2022\/08\/07\/yngwie-j-malmsteen-toxik-marco-mendoza\/#TOXIK\" target=\"_blank\" rel=\"noopener nofollow\">bloque<\/a>.<\/p>\n<p>Los \u00faltimos lanzamientos del grupo en esta <a href=\"https:\/\/www.rafabasa.com\/2022\/12\/27\/manowar-toxik-iron-curtain\/#TOXIK\" target=\"_blank\" rel=\"noopener nofollow\">noticia<\/a>.<\/p>\n<p>\u00a0<\/p>\n<p align=\"center\"><strong>Sigue el\u00a0<a href=\"https:\/\/whatsapp.com\/channel\/0029VaCprxVBA1f555USvT2O\" target=\"_blank\" rel=\"nofollow noopener\">Canal de RAFABASA.COM en WhatsApp<\/a>, donde encontrar\u00e1s todas nuestras novedades al instante<\/strong><\/p>\n<p>\u00a0<\/p>\n","protected":false},"excerpt":{"rendered":"\u00a0 KISS publican varios v\u00eddeos para su caja de \u201cAlive!\u201d \u2013 Reuni\u00f3n de ANGRA \u2013 FIREWIND con nuevo&hellip;\n","protected":false},"author":2,"featured_media":251600,"comment_status":"","ping_status":"","sticky":false,"template":"","format":"standard","meta":{"footnotes":""},"categories":[170],"tags":[44210,146,147,25,24,63137,4272,184,185,23,63695],"class_list":{"0":"post-251599","1":"post","2":"type-post","3":"status-publish","4":"format-standard","5":"has-post-thumbnail","7":"category-musica","8":"tag-angra","9":"tag-entertainment","10":"tag-entretenimiento","11":"tag-es","12":"tag-espana","13":"tag-firewind","14":"tag-kiss","15":"tag-music","16":"tag-musica","17":"tag-spain","18":"tag-toxik"},"share_on_mastodon":{"url":"https:\/\/pubeurope.com\/@es\/115599747969332730","error":""},"_links":{"self":[{"href":"https:\/\/www.europesays.com\/es\/wp-json\/wp\/v2\/posts\/251599","targetHints":{"allow":["GET"]}}],"collection":[{"href":"https:\/\/www.europesays.com\/es\/wp-json\/wp\/v2\/posts"}],"about":[{"href":"https:\/\/www.europesays.com\/es\/wp-json\/wp\/v2\/types\/post"}],"author":[{"embeddable":true,"href":"https:\/\/www.europesays.com\/es\/wp-json\/wp\/v2\/users\/2"}],"replies":[{"embeddable":true,"href":"https:\/\/www.europesays.com\/es\/wp-json\/wp\/v2\/comments?post=251599"}],"version-history":[{"count":0,"href":"https:\/\/www.europesays.com\/es\/wp-json\/wp\/v2\/posts\/251599\/revisions"}],"wp:featuredmedia":[{"embeddable":true,"href":"https:\/\/www.europesays.com\/es\/wp-json\/wp\/v2\/media\/251600"}],"wp:attachment":[{"href":"https:\/\/www.europesays.com\/es\/wp-json\/wp\/v2\/media?parent=251599"}],"wp:term":[{"taxonomy":"category","embeddable":true,"href":"https:\/\/www.europesays.com\/es\/wp-json\/wp\/v2\/categories?post=251599"},{"taxonomy":"post_tag","embeddable":true,"href":"https:\/\/www.europesays.com\/es\/wp-json\/wp\/v2\/tags?post=251599"}],"curies":[{"name":"wp","href":"https:\/\/api.w.org\/{rel}","templated":true}]}}