{"id":251605,"date":"2025-11-23T15:37:13","date_gmt":"2025-11-23T15:37:13","guid":{"rendered":"https:\/\/www.europesays.com\/es\/251605\/"},"modified":"2025-11-23T15:37:13","modified_gmt":"2025-11-23T15:37:13","slug":"gustavo-ossola-jefe-de-la-unidad-de-oncologia-radioterapica-antes-el-20-de-la-poblacion-tenia-cancer-y-el-80-se-me-moria-hoy-lo-tiene-el-40-y-vive-el-80","status":"publish","type":"post","link":"https:\/\/www.europesays.com\/es\/251605\/","title":{"rendered":"Gustavo Ossola, Jefe de la Unidad de Oncolog\u00eda Radioter\u00e1pica: \u00abAntes el 20% de la poblaci\u00f3n ten\u00eda c\u00e1ncer y el 80% se me mor\u00eda; hoy lo tiene el 40% y vive el 80%\u00bb"},"content":{"rendered":"<p>Es el &#8216;alma mater&#8217; del \u00e1rea asistencial de Oncolog\u00eda del Servicio Riojano de Salud (Seris) en el Cibir, esa joya riojana que ayud\u00f3 a crear  &#8230; hace casi veinte a\u00f1os cuando a\u00fan parec\u00eda un sue\u00f1o. \u00abTodav\u00eda tengo el casco de obra guardado ah\u00ed en la taquilla. Me permitieron elegir equipamiento, dise\u00f1ar medianamente esto, me dieron mucho protagonismo en lo cient\u00edfico y eso vale m\u00e1s que el dinero en una etapa de tu vida, porque esas satisfacciones no tienen precio. Y bueno, arrancamos con este servicio del cual los riojanos deber\u00edan estar orgullosos\u00bb, asevera Gustavo Ossola (Argentina, 1955). Responsable de la Unidad de Oncolog\u00eda Radioter\u00e1pica desde su puesta en marcha en mayo de 2007, este m\u00e9dico, formado como onc\u00f3logo en Estados Unidos \u2013\u00aden Stanford University Hospital y en Harvard Medical School\u2013 y que trabaj\u00f3 en varios pa\u00edses \u2013EE UU, Brasil, Suiza&#8230;\u2013 antes de llegar a Espa\u00f1a, ha atendido en la capital riojana a m\u00e1s de 18.000 pacientes con las dosis exactas de afectividad humana y efectividad m\u00e9dica, tal como reza el lema que colg\u00f3 hace ya muchos a\u00f1os a la entrada de la unidad: &#8216;Tratamos con ciencia y cuidamos con coraz\u00f3n&#8217;. Tan socarr\u00f3n como brillante, su discurso envuelve. Es un placer escucharle y no se muerde la lengua. Con la esperanza de que \u00abhemos logrado que en la mayor\u00eda de los casos que no curamos, podemos cronificar la enfermedad y, adem\u00e1s, haciendo que los tratamientos sean llevaderos\u00bb, tambi\u00e9n alerta de que \u00abcada vez hay mayor incidencia de c\u00e1ncer\u00bb, para poner sobre la mesa uno de los problemas del presente: \u00abHemos perdido la capacidad de ser felices y eso afecta al sistema inmunol\u00f3gico y, adem\u00e1s, comemos fatal\u00bb.<\/p>\n<p class=\"v-p\"><strong>\u2013 En unos a\u00f1os hemos pasado del terror por un diagn\u00f3stico que pod\u00eda ser fatal a la esperanza, no a falsas ilusiones, sino a un optimismo real. \u00bfTenemos motivos fundados?<\/strong><\/p>\n<p class=\"v-p\">\u2013 Tenemos motivos fundados, efectivamente. Cuando yo empec\u00e9 mi residencia, el 80% de mis pacientes fallec\u00edan y hoy, casi 50 a\u00f1os despu\u00e9s, el 80% de mis pacientes viven. En mis inicios no exist\u00eda la quimioterapia siquiera, se ha progresado much\u00edsimo en medio siglo, que en lo que es la historia de la humanidad no es nada, un grano de arena. Se ha logrado que en la mayor\u00eda de los casos que no curamos, podemos cronificar la enfermedad y, adem\u00e1s, haciendo que los tratamientos sean llevaderos. El 8% de los pacientes que tienen c\u00e1ncer va a tener un segundo c\u00e1ncer, un dato que para algunos puede ser horrible, pero que es fant\u00e1stico. \u00bfPor qu\u00e9? Porque es esperanzador, ya que quiere decir que te puedo tratar de un c\u00e1ncer y despu\u00e9s vas a tener otro y te voy a tratar de nuevo. No es que pretenda banalizar el c\u00e1ncer, pero tampoco tiene que ser el cuco, hay enfermedades horribles y hay c\u00e1nceres que son realmente muy llevaderos, lo que pasa es que es una enfermedad con muy mala prensa.<\/p>\n<p><img decoding=\"async\" loading=\"lazy\" src=\"https:\/\/www.europesays.com\/es\/wp-content\/uploads\/2025\/11\/1503225086-kdvF--650x455@La Rioja.jpg\" class=\"v-a-img\" width=\"650\" height=\"455\" alt=\"\" data-voc-vtm-id=\"in-text-traffic\"\/><\/p>\n<p>Miguel Peche<\/p>\n<p><img loading=\"lazy\" decoding=\"async\" src=\"https:\/\/www.europesays.com\/es\/wp-content\/uploads\/2025\/11\/1503225086-kdvF--1920x1344@La Rioja.jpg\" class=\"v-mdl__img-z\" width=\"1920\" height=\"1344\" alt=\"\"\/><\/p>\n<p class=\"v-p\"><strong>\u2013 El sue\u00f1o es curar el c\u00e1ncer o, al menos, cronificar esas enfermedades. \u00bfC\u00f3mo de cerca estamos?<\/strong><\/p>\n<p class=\"v-p\">\u2013 Hay muchas patolog\u00edas en las cuales hay una luz al final del t\u00fanel. Por ejemplo, los progresos en mama son impresionantes. El problema es que cada vez hay mayor incidencia de c\u00e1ncer. Yo veo un problema clave, que puede parecer una bobada pero no lo es, y es que hemos perdido la capacidad de ser felices. Me explico, si somos felices, si tenemos el nivel hormonal, el nivel de oxitocina necesario para que nuestro sistema inmune funcione, para que las defensas funcionen, no vamos a tener c\u00e1ncer. Se considera que en la vida de un individuo con un promedio de vida de 72 a\u00f1os va a tener hasta siete c\u00e1nceres, lo que pasa que ninguno de esos c\u00e1nceres progresa si su sistema inmunol\u00f3gico se encarga de destruirlo. Cualquiera de nosotros, si est\u00e1 estresado, est\u00e1 cansado o est\u00e1 deprimido va a coger una gripe. El sistema inmunol\u00f3gico es fundamental, pero cada vez est\u00e1 peor primero porque no somos felices porque hemos perdido esa capacidad de goce y disfrute de las cosas sencillas; y segundo, porque comemos fatal, mucho ultraprocesado, todo lo que comemos tiene todos los qu\u00edmicos que se te pueda ocurrir y nuestro cuerpo no est\u00e1 preparado para eso. El da\u00f1o es terrible. \u00bfC\u00f3mo puede ser que la Rioja una comunidad de una riqueza exuberante en frutas y verduras tenga tanta incidencia de c\u00e1ncer colorrectal, que est\u00e1 asociado exclusivamente con la dieta?<\/p>\n<p>M\u00e1s c\u00e1ncer de pr\u00f3stata en j\u00f3venes<\/p>\n<p class=\"v-p\"><strong>\u2013 Dec\u00eda que cada vez hay m\u00e1s pacientes oncol\u00f3gicos. Hay quien lo explica por el impulso de los cribados y un diagn\u00f3stico precoz que es fundamental.<\/strong><\/p>\n<p class=\"v-p\">\u2013 Yo no estoy de acuerdo. En el a\u00f1o 78 el 20% de la poblaci\u00f3n ten\u00eda c\u00e1ncer y el 80% de ese 20% se me mor\u00eda; hoy en d\u00eda el 40% de la poblaci\u00f3n tiene c\u00e1ncer y el 80% vive. Se ha incrementado el n\u00famero de pacientes que tiene c\u00e1ncer, pero no porque yo haya detectado precozmente. Tengo c\u00e1nceres que antes eran muy raros y ahora tienen m\u00e1s frecuencia. Por ejemplo, en mis 5 a\u00f1os de MIR yo no vi un c\u00e1ncer de p\u00e1ncreas eso que ve\u00edamos 5.000 pacientes con c\u00e1ncer; es decir, en esos cinco a\u00f1os, con 25.000 pacientes no vi ni un solo c\u00e1ncer de p\u00e1ncreas. En cambio aqu\u00ed en el Cibir, donde tenemos un millar de pacientes por a\u00f1o, 18.000 en estos 18 a\u00f1os, he visto m\u00e1s de 100 pacientes de c\u00e1ncer. Hay m\u00e1s casos de c\u00e1ncer. Me puedes decir que es porque la gente vive m\u00e1s. Vale, s\u00ed, te lo compro, pero no siempre es as\u00ed. Por ejemplo, el c\u00e1ncer de pr\u00f3stata, todo hombre que viva lo suficiente va a tener un c\u00e1ncer de pr\u00f3stata, estamos destinados a ello y el que no lo tenga es porque se muri\u00f3 antes. Pues bien, en la Rioja hay unos 300 nuevos c\u00e1nceres de pr\u00f3stata diagnosticados al a\u00f1o, muchos de 65 y m\u00e1s a\u00f1os. Podr\u00edamos pensar que ese colectivo de poblaci\u00f3n es grande y se ha incrementado adem\u00e1s y al haber m\u00e1s mayores crece el n\u00famero de pacientes afectados. Correcto, pero entonces \u00bfc\u00f3mo te explicas todos los pacientes que tengo yo de 40 y pocos a\u00f1os y que antes no hab\u00eda eso, jam\u00e1s? Por eso ahora estamos queriendo pedir que la anal\u00edtica del PSA que se solicitaba antes a partir de los 60 a\u00f1os se haga a los 40 o los 45. Yo tengo pacientes, los conozco personalmente, de 42 a\u00f1os y con c\u00e1ncer de pr\u00f3stata. \u00bfPor qu\u00e9? No tengo idea. El c\u00e1ncer de pr\u00f3stata me entusiasma mucho, porque es un c\u00e1ncer que localizado es absolutamente curable y los que est\u00e1n progresados tienen una segunda oportunidad de curarse y los que est\u00e1n progresados a segunda tienen una oportunidad de cronificarse. O sea, que hoy para morirte de un c\u00e1ncer de pr\u00f3stata tiene que ser que cuando te lo diagnosticaron estaba muy avanzado o un caso de pr\u00f3stata que est\u00e1 empezando y antes no exist\u00eda y que est\u00e1 asociado a una alteraci\u00f3n gen\u00e9tica, que es la misma que la del c\u00e1ncer de mama. \u00bfPor qu\u00e9? No tengo idea. Es ese c\u00e1ncer de pr\u00f3stata que no responde a las hormonas ni nada, porque es gen\u00e9tico, es agresivo, muy malo. Pues ese, no sabemos las razones, ha empezado a aparecer ahora. F\u00edjate, vamos curando uno y me va surgiendo el otro. \u00bfQu\u00e9 pasa? \u00bfEs el equilibrio natural? \u00bfLa tierra no nos quiere porque somos muchos, somos malos?\u2026 No sabemos.<\/p>\n<p><img decoding=\"async\" loading=\"lazy\" src=\"https:\/\/www.europesays.com\/es\/wp-content\/uploads\/2025\/11\/1503225092-kdvF--170x170@La Rioja.jpg\" class=\"v-a-img\" width=\"170\" height=\"170\" alt=\"Imagen - \u00abUn individuo con un promedio de vida de 72 a\u00f1os va a tener hasta siete c\u00e1nceres, lo que pasa que ninguno progresa si su sistema inmunol\u00f3gico se encarga de destruirlo\u00bb\"\/><\/p>\n<p>\nUn factor clave\n<\/p>\n<p>\u00abUn individuo con un promedio de vida de 72 a\u00f1os va a tener hasta siete c\u00e1nceres, lo que pasa que ninguno progresa si su sistema inmunol\u00f3gico se encarga de destruirlo\u00bb<\/p>\n<p class=\"v-a-pst__p\">\nGustavo Ossola\n<\/p>\n<p class=\"v-a-pst__j\">\nJefe de la Unidad de Oncolog\u00eda Radioter\u00e1pica del Seris en el Cibir\n<\/p>\n<p>\nInc\u00f3gnitas\n<\/p>\n<p>\u00abTanto como corremos nosotros en el desarrollo corre la incidencia del c\u00e1ncer en la poblaci\u00f3n, es una cosa parad\u00f3jica, cuanto m\u00e1s avanzamos m\u00e1s c\u00e1nceres surgen\u00bb<\/p>\n<p>\nUn lujo puntero\n<\/p>\n<p>\u00abYa no se va ning\u00fan riojano fuera; al contrario, recibimos pacientes de otras comunidades porque tenemos t\u00e9cnicas especiales que nos hacen l\u00edderes\u00bb<\/p>\n<p>\nHumanizaci\u00f3n\n<\/p>\n<p>\u00abAqu\u00ed transmitimos a los pacientes que no est\u00e1n solos y yo y mi equipo cumplimos el lema que puse a la entrada de &#8216;Tratamos con ciencia y cuidamos con coraz\u00f3n&#8217;\u00bb<\/p>\n<p class=\"v-p\"><strong>\u2013 Pero llegado el diagn\u00f3stico, los avances s\u00ed que han sido impresionantes en los tratamientos. No se parecen en nada a lo de hace solo veinte a\u00f1os, \u00bfno?<\/strong><\/p>\n<p class=\"v-p\">\u2013 No, en nada. La primera revoluci\u00f3n fue la de los medios de diagn\u00f3stico por imagen. Es decir, poder ver lo que voy a tratar, poder ver d\u00f3nde est\u00e1 la enfermedad, poder ver con m\u00e1s detalle y m\u00e1s definici\u00f3n cu\u00e1l es la enfermedad para poder tratarla directamente. Cuando yo termin\u00e9 medicina, la tomograf\u00eda computada no exist\u00eda y lo que se ve\u00eda era horrible, pero hoy en d\u00eda tenemos una tomograf\u00eda de alta resoluci\u00f3n donde lo que se ve es casi como si pudieras abrir a una persona. Podemos abrir al paciente sin tocarlo y ver realmente d\u00f3nde hay enfermedad y qu\u00e9 grado de agresividad tengo que aplicar para tratarlo. Adem\u00e1s puedo centralizar bien donde est\u00e1 y c\u00f3mo es. Eso me ha permitido avances en todos los sentidos, por ejemplo en la cirug\u00eda, porque antes no se ve\u00eda bien y el cirujano no pod\u00eda ver porciones muy peque\u00f1as, microsc\u00f3picas, y al poco de cerrar al paciente empezaba a crecer de nuevo el tumor y nadie entend\u00eda qu\u00e9 hab\u00eda pasado. Ahora ya sabe exactamente. Tambi\u00e9n sabemos que si el tumor est\u00e1 diseminado no le vamos a dar un tratamiento local, no le demos radiaciones, d\u00e9mosle quimioterapia porque debemos darle un tratamiento sist\u00e9mico. Los avances han sido realmente impresionantes tambi\u00e9n por ejemplo en radiocirug\u00eda, aqu\u00ed tenemos cantidad de tumores, de c\u00e1nceres de pulm\u00f3n, que curamos sin que el paciente sea sometido a una cirug\u00eda que duele much\u00edsimo, y en vez de eso con tres veces que venga aqu\u00ed lo curamos. El avance es enorme, primero por los medios de diagn\u00f3stico que se han desarrollado, segundo por la asistencia de sistemas inform\u00e1ticos que ayudan al m\u00e9dico, tanto el robot Da Vinci como los sistemas de alta precisi\u00f3n que tenemos aqu\u00ed para los haces de radiaci\u00f3n, como por la posibilidad de hacer mejores f\u00e1rmacos para quimioterapia antineopl\u00e1sica. Pero, insisto, tanto como corremos nosotros en el desarrollo corre la incidencia del c\u00e1ncer en la poblaci\u00f3n, es una cosa parad\u00f3jica, cuanto m\u00e1s avanzamos m\u00e1s c\u00e1nceres surgen. Sin saber por qu\u00e9.<\/p>\n<p>Precisi\u00f3n y efectividad<\/p>\n<p class=\"v-p\"><strong>\u2013 Siempre se ha dicho que el Cibir es una maravilla. \u00bfC\u00f3mo estamos en dotaci\u00f3n? \u00bfCu\u00e1les son las joyas para el doctor Ossola?<\/strong><\/p>\n<p class=\"v-p\">\u2013 Yo estoy muy orgulloso, especialmente de dos sistemas. Tenemos uno de localizaci\u00f3n por im\u00e1genes para un tipo de tratamiento que es la braquiterapia, que es el anillo, el &#8216;Ring&#8217;, y en este momento sigue siendo el \u00fanico que funciona en Espa\u00f1a. Estamos content\u00edsimos porque permite incrementar much\u00edsimo la precisi\u00f3n de nuestros tratamientos, con una ventaja inmejorable para tratamientos intraoperatorios ambulatorios. Al paciente lo anestesiamos y con agujas fin\u00edsimas y largas llegamos hasta donde est\u00e1 el tumor para ponerle all\u00ed la dosis de radiaci\u00f3n que queremos y tenemos un sistema de mapeo que nos permite ver en tiempo real qu\u00e9 es lo que estamos haciendo. Eso permite que el paciente, una vez que est\u00e1 despierto, se puede ir a su casa y pueda volver a la semana siguiente porque normalmente en dos sesiones lo solucionamos. Tambi\u00e9n estamos muy orgullosos del equipo de radiocirug\u00eda que tenemos, que tiene un sistema de gu\u00eda por im\u00e1genes estructuradas que es una maravilla y nos permite que seamos tan exitosos en nuestro tratamiento. Las medidas de precisi\u00f3n que tienen nos dan a nosotros tanta seguridad y tanta certeza que nos permiten usar carga pesada, much\u00edsima radiaci\u00f3n, y certeramente en el tumor porque sabemos que est\u00e1 donde debe estar y, a la vez, protegiendo todo lo dem\u00e1s, que antes no se pod\u00eda. La calidad de imagen, pixel a pixel, es tan alta que nos permite diferenciar en un espacio menor a 1 mil\u00edmetro d\u00f3nde termina la parte enferma y d\u00f3nde empieza la parte sana.<\/p>\n<p class=\"v-p\"><strong>\u2013 \u00bfHa pasado ya el tiempo de que el paciente riojano tenga que ir a otras comunidades para ser atendido?<\/strong><\/p>\n<p class=\"v-p\">\u2013 No va ning\u00fan paciente a ninguna otra comunidad; al contrario, recibimos pacientes de otras comunidades aut\u00f3nomas. Hemos dejado de derivar pacientes para ahora recibirlos porque tenemos t\u00e9cnicas que otras comunidades no tienen y hacemos cosas que en otras comunidades no se hace. No es solamente que podamos dar respuesta por la infraestructura y por el equipo humano que tenemos, porque estamos muy bien dotados de personal y, adem\u00e1s, muy capacitado, sino que tenemos tambi\u00e9n capacitaciones en t\u00e9cnicas muy especiales que en otros sitios no han podido capacitar a su gente porque la demanda asistencial los ha obligado a manejarse dentro de lo que tienen que manejarse. Tenemos pacientes hasta de Zamora, que no queda a la vuelta de la esquina, de Segovia, de otras provincias de Castilla y Le\u00f3n\u2026 Tenemos muchos pacientes de fuera porque aqu\u00ed hay t\u00e9cnicas muy especiales y muy espec\u00edficas gracias a las cuales somos l\u00edderes, por ejemplo en el tratamiento del c\u00e1ncer de piel, en lo que somos top ten.<\/p>\n<p>Renacer, esperanza y humanidad<\/p>\n<p class=\"v-p\"><strong>\u2013 Infraestructuras, personal cualificado, tecnolog\u00eda de lujo\u2026 Pero hay m\u00e1s. En varias entrevistas recientes, la semana pasada y esta, un buen n\u00famero de pacientes oncol\u00f3gicos me han citado al doctor Ossola para alabar el apoyo y el abordaje humano recibido. \u00bfQu\u00e9 les da para que les haya quedado una huella tan profunda?<\/strong><\/p>\n<p class=\"v-p\">\u2013 No lo s\u00e9, se deber\u00e1 a la experiencia, a la vejez o a alg\u00fan talento, jajajaja. Es mi forma de ser y trabajar. Yo conoc\u00ed a una persona cuando estaba haciendo mi formaci\u00f3n de gesti\u00f3n en Harvard, un m\u00e9dico catal\u00e1n con c\u00e1ncer, Albert Jovell, que fue un defensor del modelo afectivo-efectivo de atenci\u00f3n y que siempre dec\u00eda &#8216;Podr\u00e9 aceptar que no me puedan curar, pero nunca aceptar\u00e9 que no me puedan cuidar&#8217;. Nosotros hacemos \u00e9nfasis en cuidar al paciente y por eso puse mi lema a la entrada: &#8216;Tratamos con ciencia y cuidamos con coraz\u00f3n&#8217; y en las batas llevamos el narciso, el s\u00edmbolo de nuestra especialidad desde 1955, el a\u00f1o en que nac\u00ed yo, y que representa el renacer y la esperanza. Nosotros tratamos de vender la esperanza del paciente no en su coraz\u00f3n, sino en su recuperaci\u00f3n, porque no podemos mentir ni enga\u00f1ar. Tratamos de que su paso por la enfermedad sea lo m\u00e1s llevadero para \u00e9l, a la vez que tratamos de usar la tecnolog\u00eda m\u00e1s puntera que podemos encontrar. Cuando por primera vez se sienta un paciente delante de m\u00ed s\u00e9 que est\u00e1 muerto de miedo y que lo que menos quiere es estar ah\u00ed. Est\u00e1 perdido porque no entiende lo que le pasa ni por qu\u00e9 le pasa a \u00e9l y, para colmo, no entiende lo que le estamos por hacer y para qu\u00e9 se lo estamos por hacer. Yo lo que le tengo que hacerle entender es que no s\u00e9 exactamente qu\u00e9 tiene ni qu\u00e9 le va a pasar porque todav\u00eda no lo he estudiado, pero que lo que es seguro es que no est\u00e1 solo, que somos dos. No me gusta la palabra lucha o guerra, no, es un trabajo y lo vamos a hacer juntos. Una vez que puedo saber qu\u00e9 le est\u00e1 pasando, debo explic\u00e1rselo y transmitirle tambi\u00e9n mis miedos, porque todav\u00eda hoy me asusto con un paciente, porque no s\u00e9 lo que me voy a encontrar, no s\u00e9 qu\u00e9 le voy a poder ofrecer y me cuesta mantener el tipo si lo que estoy descubriendo en ese momento determinado no me gusta y veo que le queda poco y se lo tengo que decir. Puedo empatizar con \u00e9l porque entiendo lo que le est\u00e1 pasando. Muchas veces me han preguntado, pero \u00bfha tenido usted c\u00e1ncer? Les digo que no y me dicen &#8216;Ah, usted es onc\u00f3logo porque su familia tuvo c\u00e1ncer&#8217;. Pues no, tampoco. Cuando yo me inclin\u00e9 por la Oncolog\u00eda era con el reto de ofrecer esperanza a los que no la ten\u00edan. Yo entend\u00eda que la medicina era un arte, una ciencia, para poder ayudar a que la gente viva mejor. De las enfermedades que conoc\u00eda, que hab\u00eda m\u00e1s enfermedades que ahora, hab\u00eda muchas tuberculosis y las cosas normales que curamos, el c\u00e1ncer me pareci\u00f3 un desaf\u00edo porque era gente a que no hab\u00eda nada que ofrecerle pr\u00e1cticamente.<\/p>\n<p class=\"v-p\"><strong>\u2013 \u00bfHay que decirle siempre la verdad al paciente o cada caso es distinto?<\/strong><\/p>\n<p class=\"v-p\">\u2013 El paciente es una persona \u00fanica y si uno conecta, sabe exactamente qu\u00e9 es lo que quiere saber y muchas veces lo que quiere saber el paciente no tiene nada que ver con lo que la familia quiere que el paciente sepa. Una cosa a la que obligo a todos mis m\u00e9dicos es al contacto f\u00edsico con el paciente. Ahora ya no es necesario explorar al paciente porque viene con el tac, la resonancia, etc&#8230; No necesita desnudarlo, no necesitas tocarle la tripa\u2026 Pero si es imprescindible el contacto f\u00edsico y a los de mi equipo les digo &#8216;le vas a tocar, le vas a estrechar la mano, le vas a tocar el hombro, le vas a dar una palmada en la espalda, lo vas a abrazar&#8217;. En la mirada, en el contacto f\u00edsico, te das cuenta de qu\u00e9 es lo que quiere saber el paciente y c\u00f3mo quiere que se lo digas. Y por otra parte, si bien nadie se muere en la v\u00edspera, nosotros no somos due\u00f1os de vidas y tampoco le puedo decir a un paciente que le quedan tres meses de vida. Gracias a Dios nunca lo hice porque me hubiera comido con patatas mis palabras veinte veces, porque muchos pacientes que pens\u00e9 que iban a vivir lo que no estaba escrito murieron antes y otros que pens\u00e9 que iban a palmar todav\u00eda me saludan. Hay que poner los pies en la tierra, el d\u00eda a d\u00eda, y la pregunta al paciente es \u00bfc\u00f3mo est\u00e1 hoy? Es interesarse por \u00e9l, es hablar. Nosotros aqu\u00ed tenemos un extra\u00f1o privilegio que todav\u00eda la gerencia me permite, y es que el tiempo que dedica cada m\u00e9dico al paciente. Yo obligo a que mis m\u00e9dicos citen un paciente cada hora, en el caso de los pacientes nuevos. La primera cita con el paciente es de una hora para conocerle, para saber qui\u00e9n es, si tiene un loro, un perro o una oveja como mascota, conocerle. Cuando hay comunicaci\u00f3n, cuando el paciente me entiende lo suficiente y yo le puedo decir &#8216;Ya no puedo hacer nada por usted&#8217; y \u00e9l me dice &#8216;Gracias&#8217; es porque conect\u00e9.<\/p>\n<p><img decoding=\"async\" loading=\"lazy\" src=\"https:\/\/www.europesays.com\/es\/wp-content\/uploads\/2025\/11\/1503225087-kdvF--650x455@La Rioja.jpg\" class=\"v-a-img\" width=\"650\" height=\"455\" alt=\"El doctor Gustavo Ossola, en su despacho.\" data-voc-vtm-id=\"in-text-traffic\"\/><\/p>\n<p>El doctor Gustavo Ossola, en su despacho.<\/p>\n<p>Miguel Peche<\/p>\n<p><img loading=\"lazy\" decoding=\"async\" src=\"https:\/\/www.europesays.com\/es\/wp-content\/uploads\/2025\/11\/1503225087-kdvF--650x455@La Rioja.jpg\" class=\"v-mdl__img-z\" width=\"650\" height=\"455\" alt=\"\"\/><\/p>\n<p>\u00abHay causas que no nos quedan claras, el tercer factor, y que nos tienen totalmente despistados\u00bb<\/p>\n<p class=\"v-p\">\nHablar de c\u00e1ncer supone abordar casi 200 patolog\u00edas. Frente a algunas, avances y optimismo; en otras, inc\u00f3gnitas y mucho por saber, seg\u00fan admite el doctor Ossola en un recorrido completo por el cuerpo humano de apenas unos minutos. \u00abSomos menos optimistas quiz\u00e1s en aquellas cuyas causas no nos quedan claras, no tenemos factores en los cuales relacionar porque nos tienen totalmente despistados. Por ejemplo, el c\u00e1ncer de p\u00e1ncreas, que est\u00e1 increment\u00e1ndose en la Rioja, no s\u00e9 exactamente ni c\u00f3mo ni por qu\u00e9, es un c\u00e1ncer que no entendemos. De todos los otros c\u00e1nceres algo sabemos de ellos. El de pulm\u00f3n, hay uno relacionado con el tabaco y otro que no, y este segundo se est\u00e1 incrementando ahora, no sabemos por qu\u00e9. Tampoco nos preocupa tanto porque si se detecta de forma precoz se cura. Del c\u00e1ncer de colorrecto sabemos que est\u00e1 relacionado con la dieta. El de p\u00e1ncreas, que antes se cre\u00eda que ten\u00eda algo que ver con el alcohol, pues no, porque yo tengo much\u00edsimos pacientes que no han probado el alcohol y no toman ni vino. Luego est\u00e1n los c\u00e1nceres del cerebro y del sistema nervioso central, cada vez tenemos m\u00e1s, y no sabemos por d\u00f3nde van, o sea, que s\u00ed son preocupantes porque a su vez los tratamientos son complicados porque el cerebro tiene una especie de barrera, la barrera hematoencef\u00e1lica para protegerlo y que no pasen cosas feas, pero, claro, tampoco deja pasar los medicamentos. A la vez hay partes del cerebro que no sabemos para qu\u00e9 sirven, pero que son silenciosas, lo que permite que el tumor crezca y para cuando da se\u00f1ales ya es grande. Los tumores del cerebro, el sistema nervioso central, es complicado, porque no sabemos por d\u00f3nde cogerlo ni c\u00f3mo prevenirlo. Siguiendo hacia abajo tenemos los tumores de cabeza y cuello, o sea lo que es laringe, etc\u00e9tera, que esos s\u00ed est\u00e1n asociados con el alcohol y con el tabaco muchas veces o con algunas enfermedades v\u00edricas, como el virus del papiloma, pero dan s\u00edntomas y se pueden detecta precozmente, como el c\u00e1ncer de lengua, que sabemos como viene y podemos prevenirlo. La piel y el sol, eso es indudable y est\u00e1 claro, con lo que tambi\u00e9n se puede detectar precozmente. M\u00e1s abajo, c\u00e1ncer de mama en hombre y en mujer, tiene que ver la mayor\u00eda de ellos con una alteraci\u00f3n gen\u00e9tica que conocemos, con lo que podemos hacer seguimiento de las hijas de mujeres que lo tuvieron. La prevenci\u00f3n va muy bien y la detecci\u00f3n precoz es extraordinariamente buena. \u00bfSe terminar\u00e1 alg\u00fan d\u00eda? No. Todav\u00eda no, porque todo c\u00e1ncer es triple factorial, tiene que haber tres factores, uno ya s\u00e9 que es gen\u00e9tico, el otro puede ser de la alimentaci\u00f3n, exceso de grasas en la comida&#8230; Fant\u00e1stico. Pero el tercer factor no s\u00e9 cu\u00e1l es y entonces no lo puedo controlar. Seguimos bajando, al es\u00f3fago y al est\u00f3mago. El es\u00f3fago, por donde pasa la comida, el c\u00e1ncer est\u00e1 relacionado mucho con problemas de reflujo, por malos h\u00e1bitos alimenticios, comer r\u00e1pido, estr\u00e9s, tomar mucho alcohol&#8230; Listo, ya sabemos d\u00f3nde y c\u00f3mo te tienes que cuidar. El c\u00e1ncer de est\u00f3mago, que tambi\u00e9n hay bastante, est\u00e1 relacionado con un bicho, el pylori, que es el que produce la \u00falcera y de la \u00falcera sale el c\u00e1ncer. O sea, tambi\u00e9n sabemos ya que aquellos pacientes que tienen gastritis, problemas g\u00e1stricos a repetici\u00f3n, podemos presuponer que pueden llegar a tener un c\u00e1ncer g\u00e1strico y haciendo el test del aliento podemos saber si tiene el Helicobacter pylori, le damos un antibi\u00f3tico de tratamiento y se lo curamos. El c\u00e1ncer de h\u00edgado, si no es con alcohol no sabemos de d\u00f3nde viene, como el de p\u00e1ncreas. Y al lado de tenemos los ri\u00f1ones y estamos tambi\u00e9n en lo mismo. Afortunadamente no son c\u00e1nceres muy frecuentes. Luego ya entramos al colon e intestino, que ya sabemos que es por el factor de la mala alimentaci\u00f3n, otra vez por el factor gen\u00e9tico, la falla del gen que repara todo, el P53, que no puede repararlo y entonces se acumulan los da\u00f1os&#8230; y nos vuelve a faltar el tercer factor. Seguimos el camino en descenso y tienes en la mujer el \u00fatero, que puede padecer un c\u00e1ncer infeccioso, que es el c\u00e1ncer de cuello uterino, que lo padece la mujer pero lo transmite el hombre a trav\u00e9s del papiloma, pero ese c\u00e1ncer va a dejar de existir en el futuro porque estamos vacunando, es el \u00fanico c\u00e1ncer que tiene vacuna, aunque ahora van a sacar vacuna para el melanoma, un c\u00e1ncer de piel mal\u00edsimo\u00bb, detalla el onc\u00f3logo.<\/p>\n","protected":false},"excerpt":{"rendered":"Es el &#8216;alma mater&#8217; del \u00e1rea asistencial de Oncolog\u00eda del Servicio Riojano de Salud (Seris) en el Cibir,&hellip;\n","protected":false},"author":2,"featured_media":251606,"comment_status":"","ping_status":"","sticky":false,"template":"","format":"standard","meta":{"footnotes":""},"categories":[92],"tags":[1066,25,24,165,315,31564,696,166,23,1343],"class_list":{"0":"post-251605","1":"post","2":"type-post","3":"status-publish","4":"format-standard","5":"has-post-thumbnail","7":"category-salud","8":"tag-cancer","9":"tag-es","10":"tag-espana","11":"tag-health","12":"tag-hoy","13":"tag-moria","14":"tag-poblacion","15":"tag-salud","16":"tag-spain","17":"tag-vive"},"share_on_mastodon":{"url":"https:\/\/pubeurope.com\/@es\/115599760175163997","error":""},"_links":{"self":[{"href":"https:\/\/www.europesays.com\/es\/wp-json\/wp\/v2\/posts\/251605","targetHints":{"allow":["GET"]}}],"collection":[{"href":"https:\/\/www.europesays.com\/es\/wp-json\/wp\/v2\/posts"}],"about":[{"href":"https:\/\/www.europesays.com\/es\/wp-json\/wp\/v2\/types\/post"}],"author":[{"embeddable":true,"href":"https:\/\/www.europesays.com\/es\/wp-json\/wp\/v2\/users\/2"}],"replies":[{"embeddable":true,"href":"https:\/\/www.europesays.com\/es\/wp-json\/wp\/v2\/comments?post=251605"}],"version-history":[{"count":0,"href":"https:\/\/www.europesays.com\/es\/wp-json\/wp\/v2\/posts\/251605\/revisions"}],"wp:featuredmedia":[{"embeddable":true,"href":"https:\/\/www.europesays.com\/es\/wp-json\/wp\/v2\/media\/251606"}],"wp:attachment":[{"href":"https:\/\/www.europesays.com\/es\/wp-json\/wp\/v2\/media?parent=251605"}],"wp:term":[{"taxonomy":"category","embeddable":true,"href":"https:\/\/www.europesays.com\/es\/wp-json\/wp\/v2\/categories?post=251605"},{"taxonomy":"post_tag","embeddable":true,"href":"https:\/\/www.europesays.com\/es\/wp-json\/wp\/v2\/tags?post=251605"}],"curies":[{"name":"wp","href":"https:\/\/api.w.org\/{rel}","templated":true}]}}