{"id":251609,"date":"2025-11-23T15:39:09","date_gmt":"2025-11-23T15:39:09","guid":{"rendered":"https:\/\/www.europesays.com\/es\/251609\/"},"modified":"2025-11-23T15:39:09","modified_gmt":"2025-11-23T15:39:09","slug":"una-imagen-del-cometa-3i-atlas-encendio-las-alarmas-de-la-comunidad-cientifica-al-detectar-una-anomalia","status":"publish","type":"post","link":"https:\/\/www.europesays.com\/es\/251609\/","title":{"rendered":"Una imagen del cometa 3I\/ATLAS encendi\u00f3 las alarmas de la comunidad cient\u00edfica al detectar una anomal\u00eda"},"content":{"rendered":"<p class=\"com-paragraph  --capital --s\">El <a href=\"https:\/\/www.lanacion.com.ar\/ciencia\/un-cientifico-de-harvard-revelo-una-anomalia-del-cometa-3iatlas-que-siembra-dudas-nid20112025\/\" target=\"_self\" title=\"https:\/\/www.lanacion.com.ar\/ciencia\/un-cientifico-de-harvard-revelo-una-anomalia-del-cometa-3iatlas-que-siembra-dudas-nid20112025\/\" class=\"com-link break-word\" data-mrf-recirculation=\"n_link_parrafo\" rel=\"nofollow noopener\">cometa 3I\/ATLAS<\/a>, descubierto en julio por <strong>astr\u00f3nomos de la NASA<\/strong>, volvi\u00f3 a ocupar el centro de atenci\u00f3n internacional tras la publicaci\u00f3n de<strong> una imagen reciente que muestra un cambio abrupto <\/strong>y completamente inesperado en su estructura. Catalogado como el <strong>tercer objeto interestelar en ingresar a nuestro sistema solar<\/strong>, luego de \u2018Oumuamua (2017) y 2I\/Borisov (2019), ATLAS contin\u00faa sorprendiendo a los cient\u00edficos por su comportamiento at\u00edpico.<\/p>\n<p class=\"com-paragraph   --s\">Aunque los especialistas insisten en que <strong>no existe riesgo de impacto con la Tierra<\/strong>, ya que en su punto m\u00e1s cercano pasar\u00e1 a unos <strong>270 millones de kil\u00f3metros<\/strong>, la serie de anomal\u00edas detectadas despert\u00f3 una oleada de estudios y debates en la comunidad astron\u00f3mica.<\/p>\n<p>Las anomal\u00edas del cometa 3I\/ATLAS llamaron la atenci\u00f3n de los expertos(Foto: NASA)<\/p>\n<p class=\"com-paragraph   --s\">Este fue el fen\u00f3meno que primero llam\u00f3 la atenci\u00f3n y se registr\u00f3 poco despu\u00e9s de su detecci\u00f3n. A diferencia de los cometas tradicionales, que muestran colas orientadas en direcci\u00f3n opuesta al Sol debido al viento solar, 3I\/ATLAS<strong> exhibi\u00f3 una anti-cola, un chorro de material dirigido hacia la estrella<\/strong>.<\/p>\n<p class=\"com-paragraph   --s\"><a href=\"https:\/\/www.dw.com\/es\/cometa-interestelar-3i-atlas-cambi%C3%B3-misteriosamente-la-direcci%C3%B3n-de-su-cola\/a-74490798\" rel=\"nofollow noopener\" target=\"_blank\" title=\"https:\/\/www.dw.com\/es\/cometa-interestelar-3i-atlas-cambi%C3%B3-misteriosamente-la-direcci%C3%B3n-de-su-cola\/a-74490798\" class=\"com-link break-word\" data-mrf-recirculation=\"n_link_parrafo\">Seg\u00fan explic\u00f3 la agencia DW<\/a>, esta estructura estaba compuesta por una mezcla inusual de di\u00f3xido de carbono, agua, trazas de cianuro y <strong>una aleaci\u00f3n de n\u00edquel nunca vista en procesos naturales<\/strong>, similar a las producidas por actividad industrial humana. Astr\u00f3nomos que observaron el objeto desde el Telescopio \u00d3ptico N\u00f3rdico en las Islas Canarias describieron el comportamiento como<strong> \u201cextra\u00f1o\u201d<\/strong> y <strong>\u201cdif\u00edcil de explicar con los modelos actuales\u201d<\/strong>.<\/p>\n<p>Esta imagen difundida por Gianluca Masi muestra al cometa interestelar 3I\/Atlas en su recorrido por el espacio a 305 millones de kil\u00f3metros de la Tierra, el mi\u00e9rcoles 19 de noviembre de 2025. La fotograf\u00eda fue tomada en Manciano, Italia. (Gianluca Masi via AP)Gianluca Masi &#8211; Gianluca Masi<\/p>\n<p class=\"com-paragraph   --s\">La anomal\u00eda alcanz\u00f3 un nuevo nivel el <strong>5 de noviembre de 2025<\/strong>, cuando la NASA public\u00f3 im\u00e1genes que revelaron que la anti-cola hab\u00eda desaparecido y en su lugar surg\u00eda una <strong>cola convencional<\/strong>, extensa y luminosa. Las estimaciones indican que <strong>hoy esa cola supera los<\/strong> <strong>56.000 kil\u00f3metros<\/strong>, impulsada por una p\u00e9rdida de masa cercana al 13% tras el perihelio y una aceleraci\u00f3n an\u00f3mala que no se corresponde con la desgasificaci\u00f3n com\u00fan en cometas.<\/p>\n<p class=\"com-paragraph   --s\">Los telescopios espaciales <strong>Hubble<\/strong> y <strong>James Webb (JWST)<\/strong> detectaron otros fen\u00f3menos que aumentaron las dudas:<\/p>\n<p class=\"com-paragraph   --s\">Estos patrones llevaron a varios equipos cient\u00edficos a replantear hip\u00f3tesis sobre la composici\u00f3n, el origen y la din\u00e1mica de este tipo de visitantes interestelares.<\/p>\n<p class=\"com-paragraph   --s\">Seg\u00fan remarc\u00f3 la NASA, el cometa no representa ning\u00fan peligro para el planeta Tierra. \u201c<strong>El paso de 3I\/ATLAS se dar\u00e1 a cientos de millones de kil\u00f3metros y no representa amenaza alguna para la vida humana<\/strong> ni para la infraestructura terrestre\u00bb, puntualizaron. Sin embargo, los expertos coinciden en que se trata de<strong> una oportunidad cient\u00edfica excepcional <\/strong>para seguir estudiando los cuerpos celestes que existen en este y otros Sistemas Solares. <\/p>\n<p>La NASA comparti\u00f3 en sus redes sociales en espa\u00f1ol una imagen que explica la raz\u00f3n por la que el cometa no representa una amenaza para la Tierra(Foto: Instagram @NASA_ES)<\/p>\n<p class=\"com-paragraph   --s\">Por \u00faltimo, lo que es asombroso es que <strong>cualquier persona desde cualquier punto de la Tierra puede observarlo si cuenta con un telescopio<\/strong>. Es por eso que gran cantidad de aficionados comenzaron a compartir en redes sociales las im\u00e1genes de sus avistamientos. <\/p>\n","protected":false},"excerpt":{"rendered":"El cometa 3I\/ATLAS, descubierto en julio por astr\u00f3nomos de la NASA, volvi\u00f3 a ocupar el centro de atenci\u00f3n&hellip;\n","protected":false},"author":2,"featured_media":251610,"comment_status":"","ping_status":"","sticky":false,"template":"","format":"standard","meta":{"footnotes":""},"categories":[81],"tags":[119,123,124,25,24,117,121,122,23,118,120],"class_list":{"0":"post-251609","1":"post","2":"type-post","3":"status-publish","4":"format-standard","5":"has-post-thumbnail","7":"category-ciencia-y-tecnologia","8":"tag-ciencia","9":"tag-ciencia-y-tecnologia","10":"tag-cienciaytecnologia","11":"tag-es","12":"tag-espana","13":"tag-science","14":"tag-science-and-technology","15":"tag-scienceandtechnology","16":"tag-spain","17":"tag-technology","18":"tag-tecnologia"},"share_on_mastodon":{"url":"https:\/\/pubeurope.com\/@es\/115599767562743201","error":""},"_links":{"self":[{"href":"https:\/\/www.europesays.com\/es\/wp-json\/wp\/v2\/posts\/251609","targetHints":{"allow":["GET"]}}],"collection":[{"href":"https:\/\/www.europesays.com\/es\/wp-json\/wp\/v2\/posts"}],"about":[{"href":"https:\/\/www.europesays.com\/es\/wp-json\/wp\/v2\/types\/post"}],"author":[{"embeddable":true,"href":"https:\/\/www.europesays.com\/es\/wp-json\/wp\/v2\/users\/2"}],"replies":[{"embeddable":true,"href":"https:\/\/www.europesays.com\/es\/wp-json\/wp\/v2\/comments?post=251609"}],"version-history":[{"count":0,"href":"https:\/\/www.europesays.com\/es\/wp-json\/wp\/v2\/posts\/251609\/revisions"}],"wp:featuredmedia":[{"embeddable":true,"href":"https:\/\/www.europesays.com\/es\/wp-json\/wp\/v2\/media\/251610"}],"wp:attachment":[{"href":"https:\/\/www.europesays.com\/es\/wp-json\/wp\/v2\/media?parent=251609"}],"wp:term":[{"taxonomy":"category","embeddable":true,"href":"https:\/\/www.europesays.com\/es\/wp-json\/wp\/v2\/categories?post=251609"},{"taxonomy":"post_tag","embeddable":true,"href":"https:\/\/www.europesays.com\/es\/wp-json\/wp\/v2\/tags?post=251609"}],"curies":[{"name":"wp","href":"https:\/\/api.w.org\/{rel}","templated":true}]}}