{"id":251611,"date":"2025-11-23T15:40:14","date_gmt":"2025-11-23T15:40:14","guid":{"rendered":"https:\/\/www.europesays.com\/es\/251611\/"},"modified":"2025-11-23T15:40:14","modified_gmt":"2025-11-23T15:40:14","slug":"antonio-martinez-experto-en-herencias-lo-mejor-es-repartir-bienes-concretos-a-los-herederos-para-que-no-se-peleen","status":"publish","type":"post","link":"https:\/\/www.europesays.com\/es\/251611\/","title":{"rendered":"Antonio Mart\u00ednez, experto en herencias: \u201cLo mejor es repartir bienes concretos a los herederos para que no se peleen\u201d"},"content":{"rendered":"<p class=\"\"><b>Redactar un testamento de forma adecuada<\/b> es la principal garant\u00eda para prevenir <b>tensiones <\/b>entre los futuros herederos, seg\u00fan explica <b>Antonio Mart\u00ednez<\/b>, socio fundador del despacho <b>Mart\u00ednez Lafuente<\/b>. El abogado considera <b>esencial <\/b>que la persona que otorga testamento conozca <b>con precisi\u00f3n<\/b> su patrimonio y lo distribuya de manera <b>equilibrada<\/b>.<\/p>\n<p class=\"\">Mart\u00ednez advierte de que<b> la existencia de numerosos copropietarios suele ser un origen habitual de conflictos<\/b>. Compartir inmuebles puede generar <b>tensiones familiares<\/b>, salvo en casos de v\u00ednculos especialmente estrechos. El letrado reconoce que, en determinadas circunstancias, los herederos <b>pueden llegar a enfrentarse incluso por objetos de escaso valor<\/b>.<\/p>\n<p class=\"\">El especialista se\u00f1ala que <b>una planificaci\u00f3n tard\u00eda del testamento<\/b> suele llevar a repartir los bienes <b>a partes iguales<\/b>, una pr\u00e1ctica que puede resultar <b>problem\u00e1tica<\/b>. Recomienda <b>asignar propiedades concretas a cada beneficiario<\/b> para evitar disputas derivadas de la obligaci\u00f3n de compartir inmuebles no deseados. Cuando los conflictos ya han surgido, sostiene que la v\u00eda m\u00e1s eficaz es<b> la negociaci\u00f3n entre los herederos<\/b> para alcanzar un acuerdo.<\/p>\n<p>Conflictos por la vivienda familiar<\/p>\n<p class=\"\">Uno de los focos de tensi\u00f3n m\u00e1s frecuentes es<b> la vivienda familiar <\/b>especialmente <b>si uno de los hijos reside en ella<\/b> o permanece all\u00ed por falta de alternativas. Mart\u00ednez afirma que esta situaci\u00f3n puede desembocar en la figura del <b>heredero okupa <\/b>y aconseja atribuir la casa a<b> un \u00fanico descendiente y compensar al resto con otros bienes<\/b>. Cuando el conflicto <b>se agrava<\/b>, propone como soluci\u00f3n que <b>quien ocupa la vivienda compre la parte correspondiente al resto de hermanos<\/b>.<\/p>\n<p>Noticias relacionadas<a href=\"https:\/\/as.com\/us\/actualidad\/tenemos-que-pagar-a-nuestro-equipo-la-extrana-peticion-monetaria-del-alcalde-electo-mamdani-a-sus-seguidores-en-nueva-york-f202511-n\/\" class=\"s_m_w _rt-16x9\" title=\"Mamdani defiende una transici\u00f3n \u201cfinanciada por la gente\u201d mientras busca 4 millones para pagar a su equipo antes del 1 de enero.\" data-tb-link=\"\" rel=\"nofollow noopener\" target=\"_blank\"><img decoding=\"async\" src=\"https:\/\/www.europesays.com\/es\/wp-content\/uploads\/2025\/11\/LQ7S6SXVAVJ4NHCBWIHD6NWKCI.jpg\" alt=\"\u201cTenemos que pagar a nuestro equipo\u201d: la extra\u00f1a petici\u00f3n monetaria del alcalde electo Mamdani a sus seguidores en Nueva York\" class=\"\" height=\"9\" width=\"16\"   loading=\"lazy\" data-tb-thumbnail=\"\"\/><\/a><a href=\"https:\/\/as.com\/us\/actualidad\/nuevo-ataque-a-la-vista-advertencia-en-esta-playa-mexicana-tras-un-importante-mensaje-de-sheinbaum-a-trump-f202511-n\/\" class=\"s_m_w _rt-16x9\" title=\"Una playa mexicana en alerta tras misteriosos letreros y el firme mensaje de Sheinbaum frente a las amenazas de Donald Trump.\" data-tb-link=\"\" rel=\"nofollow noopener\" target=\"_blank\"><img decoding=\"async\" src=\"https:\/\/www.europesays.com\/es\/wp-content\/uploads\/2025\/11\/MFQI56RV45DL3HMP3K64NB4F6Q.jpg\" alt=\"\u00bfNuevo ataque a la vista?: advertencia en esta playa mexicana tras un importante mensaje de Sheinbaum a Trump\" class=\"\" height=\"9\" width=\"16\"   loading=\"lazy\" data-tb-thumbnail=\"\"\/><\/a><\/p>\n<p class=\"\"><b>Si el acuerdo no se alcanza<\/b>, el abogado menciona <b>alternativas <\/b>menos favorables, como<b> vender las participaciones de cada heredero a fondos de inversi\u00f3n o empresas especializadas<\/b>. Otra posibilidad es acudir a<b> la v\u00eda judicial<\/b> para solicitar una extinci\u00f3n del condominio, aunque esta f\u00f3rmula implica <b>tasaciones por debajo del valor de mercado<\/b> y se plantea \u00fanicamente como una medida de urgencia.<\/p>\n<p class=\"\"><b>\u00a1Tus opiniones importan!<\/b> Comenta en los art\u00edculos y suscr\u00edbete gratis a nuestra <a href=\"https:\/\/asfan.as.com\/newsletters\/\" target=\"_blank\" rel=\"nofollow noopener\" title=\"https:\/\/asfan.as.com\/newsletters\/\">newsletter<\/a> y a las alertas informativas en la <a href=\"https:\/\/as.com\/aplicacion-de-as-n\/\" target=\"_blank\" rel=\"nofollow noopener\" title=\"https:\/\/as.com\/aplicacion-de-as-n\/\">App<\/a> o el canal de <a href=\"https:\/\/www.whatsapp.com\/channel\/0029VaAasdA7j6g745nz9M10\" target=\"_blank\" rel=\"nofollow noopener\" title=\"https:\/\/www.whatsapp.com\/channel\/0029VaAasdA7j6g745nz9M10\">WhatsApp<\/a>. \u00bfBuscas licenciar contenido? Haz clic <a href=\"https:\/\/profesional.elpais.com\/soluciones-sindicacion?utm_medium=interno&amp;utm_source=crosslinking&amp;utm_campaign=sindicacion_as_pie_articulos\" target=\"_blank\" rel=\"nofollow noopener\" title=\"https:\/\/profesional.elpais.com\/soluciones-sindicacion?utm_medium=interno&amp;utm_source=crosslinking&amp;utm_campaign=sindicacion_as_pie_articulos\">aqu\u00ed<\/a><\/p>\n","protected":false},"excerpt":{"rendered":"Redactar un testamento de forma adecuada es la principal garant\u00eda para prevenir tensiones entre los futuros herederos, seg\u00fan&hellip;\n","protected":false},"author":2,"featured_media":251612,"comment_status":"","ping_status":"","sticky":false,"template":"","format":"standard","meta":{"footnotes":""},"categories":[80],"tags":[82,95,94,25,24,23],"class_list":{"0":"post-251611","1":"post","2":"type-post","3":"status-publish","4":"format-standard","5":"has-post-thumbnail","7":"category-economia","8":"tag-business","9":"tag-economia","10":"tag-economy","11":"tag-es","12":"tag-espana","13":"tag-spain"},"share_on_mastodon":{"url":"https:\/\/pubeurope.com\/@es\/115599771857612787","error":""},"_links":{"self":[{"href":"https:\/\/www.europesays.com\/es\/wp-json\/wp\/v2\/posts\/251611","targetHints":{"allow":["GET"]}}],"collection":[{"href":"https:\/\/www.europesays.com\/es\/wp-json\/wp\/v2\/posts"}],"about":[{"href":"https:\/\/www.europesays.com\/es\/wp-json\/wp\/v2\/types\/post"}],"author":[{"embeddable":true,"href":"https:\/\/www.europesays.com\/es\/wp-json\/wp\/v2\/users\/2"}],"replies":[{"embeddable":true,"href":"https:\/\/www.europesays.com\/es\/wp-json\/wp\/v2\/comments?post=251611"}],"version-history":[{"count":0,"href":"https:\/\/www.europesays.com\/es\/wp-json\/wp\/v2\/posts\/251611\/revisions"}],"wp:featuredmedia":[{"embeddable":true,"href":"https:\/\/www.europesays.com\/es\/wp-json\/wp\/v2\/media\/251612"}],"wp:attachment":[{"href":"https:\/\/www.europesays.com\/es\/wp-json\/wp\/v2\/media?parent=251611"}],"wp:term":[{"taxonomy":"category","embeddable":true,"href":"https:\/\/www.europesays.com\/es\/wp-json\/wp\/v2\/categories?post=251611"},{"taxonomy":"post_tag","embeddable":true,"href":"https:\/\/www.europesays.com\/es\/wp-json\/wp\/v2\/tags?post=251611"}],"curies":[{"name":"wp","href":"https:\/\/api.w.org\/{rel}","templated":true}]}}