{"id":251613,"date":"2025-11-23T15:41:10","date_gmt":"2025-11-23T15:41:10","guid":{"rendered":"https:\/\/www.europesays.com\/es\/251613\/"},"modified":"2025-11-23T15:41:10","modified_gmt":"2025-11-23T15:41:10","slug":"europa-tiene-que-estar-en-esas-conversaciones","status":"publish","type":"post","link":"https:\/\/www.europesays.com\/es\/251613\/","title":{"rendered":"Europa tiene que estar en esas conversaciones"},"content":{"rendered":"<p class=\"L6-news-detail__text\"><b><a title=\"Pedro S\u00e1nchez\" href=\"https:\/\/www.lasexta.com\/noticias\/nacional\/sanchez-muestra-discrepancia-condena-fiscal-general-lamentamos-este-fallo-pero-acatamos_202511236922ff546c137a6987795c70.html\" target=\"_blank\" rel=\"nofollow noopener\">Pedro S\u00e1nchez<\/a><\/b> ha reconocido el \u00abvalor\u00bb del <b><a title=\"plan propuesto\" href=\"https:\/\/www.lasexta.com\/noticias\/internacional\/amnistia-total-reduccion-ejercito-nada-entrar-otan-capitulacion-disfrazada-plan-paz-ucrania_2025112169207bfc6c137a6987771e30.html\" target=\"_blank\" rel=\"nofollow noopener\">plan propuesto<\/a><\/b> por <b><a title=\"Donald Trump\" href=\"https:\/\/www.lasexta.com\/temas\/donald_trump-1\" target=\"_blank\" rel=\"nofollow noopener\">Donald Trump<\/a><\/b> para llegar a una paz entre Ucrania y Rusia, pero tambi\u00e9n ha remarcado <b>la necesidad de \u00abrevisar en profundidad\u00bb la oferta<\/b> y que \u00abeuropeos y ucranianos est\u00e9n representados\u00bb en cualquier conversaci\u00f3n para llegar a un acuerdo.<\/p>\n<p class=\"L6-news-detail__text\">El presidente del Gobierno, desde una comparecencia tras la cumbre del G20 que se celebra en Johannesburgo (Sud\u00e1frica), ha reconocido los esfuerzos de la administraci\u00f3n estadounidense para conseguir un alto el fuego en Ucrania, pero les ha se\u00f1alado que \u00abcuando hablamos del futuro de Ucrania, <b>el pa\u00eds tiene que estar en esas conversaciones<\/b>, y cuando estamos hablando de la arquitectura de seguridad europea, Europa tiene que estar en esas conversaciones\u00bb.<\/p>\n<p class=\"L6-news-detail__text\">Durante su intervenci\u00f3n, S\u00e1nchez ha reiterado que la \u00abinvasi\u00f3n de Vladimir Putin\u00bb <b>no solo afecta a \u00abla integridad territorial y a la soberan\u00eda nacional de Ucrania\u00bb, sino que tambi\u00e9n busca debilitar el proyecto europeo<\/b>, por lo que ha reiterado la necesidad de construir una paz \u00abjusta y duradera\u00bb en la que participe Ucrania y Europa.<\/p>\n<p class=\"L6-news-detail__text\">\u00abNo solamente estamos hablando del presente y el futuro de Ucrania, sino estamos hablando tambi\u00e9n de algo mucho m\u00e1s relevante, y es la arquitectura europea de seguridad. <b>Ucrania ha manifestado desde hace muchos a\u00f1os que quiere ser un pa\u00eds alineado con Europa<\/b> en cuanto a los principios, los valores y la convivencia democr\u00e1tica. Eso est\u00e1 en juego y por lo que est\u00e1 luchando Ucrania. Lo que hay detr\u00e1s es un cuestionamiento de la arquitectura de seguridad europea unilateralmente roto por parte del presidente Putin y de su neoimperialismo\u00bb, ha recalcado.<\/p>\n<p class=\"L6-news-detail__text\">Sobre el ultim\u00e1tum de Trump para que Ucrania acepte la paz (para este pr\u00f3ximo jueves), S\u00e1nchez ha insistido en que lo importante en el acuerdo es que est\u00e9n representados tanto Ucrania como Europa y ha defendido que el pa\u00eds de Volod\u00edmir Zelenski \u00ablo \u00fanico que est\u00e1 buscando y por lo que lucha es por su independencia\u00bb.<\/p>\n<p class=\"L6-news-detail__text\"><b><a title=\"*Sigue a laSexta en Google. Toda la actualidad y el mejor contenido aqu\u00ed.\" href=\"https:\/\/profile.google.com\/cp\/CgkvbS8wZG5xejA\" target=\"_blank\" rel=\"nofollow noopener\">*Sigue a laSexta en Google. Toda la actualidad y el mejor contenido aqu\u00ed.<\/a><\/b><\/p>\n<p class=\"L6-support-news-video__title\">&#8216;Caso Koldo&#8217;<\/p>\n<p>            <a href=\"https:\/\/www.lasexta.com\/noticias\/nacional\/psoe-insiste-que-sabian-nada-acciones-abalos-cerdan-mientras-afirman-que-conocian-todo_20251123692320378080bd5ad6215283.html\" class=\"L6-news__link\" rel=\"nofollow noopener\" target=\"_blank\"><br \/>\n                El PSOE insiste en que no sab\u00edan nada sobre las acciones de \u00c1balos y Cerd\u00e1n mientras en el PP afirman que conoc\u00edan \u00abtodo\u00bb<\/p>\n<p class=\"recirculation-video-desc\">El contexto Los socialistas aseguran que toda la informaci\u00f3n del &#8216;caso Koldo&#8217; les ha pillado por sorpresa mientras que los &#8216;populares&#8217; les acusan no solo de saberlo, sino tambi\u00e9n de taparlo.<\/p>\n<p>            <\/a><\/p>\n","protected":false},"excerpt":{"rendered":"Pedro S\u00e1nchez ha reconocido el \u00abvalor\u00bb del plan propuesto por Donald Trump para llegar a una paz entre&hellip;\n","protected":false},"author":2,"featured_media":251614,"comment_status":"","ping_status":"","sticky":false,"template":"","format":"standard","meta":{"footnotes":""},"categories":[42],"tags":[17,18,13,14,11,61,62,63,64,19,20,9,10,15,16,12,21,22,65,66,67],"class_list":{"0":"post-251613","1":"post","2":"type-post","3":"status-publish","4":"format-standard","5":"has-post-thumbnail","7":"category-internacional","8":"tag-breaking-news","9":"tag-breakingnews","10":"tag-featured-news","11":"tag-featurednews","12":"tag-headlines","13":"tag-internacional","14":"tag-international","15":"tag-international-news","16":"tag-internationalnews","17":"tag-latest-news","18":"tag-latestnews","19":"tag-news","20":"tag-noticias","21":"tag-noticias-destacadas","22":"tag-noticiasdestacadas","23":"tag-titulares","24":"tag-ultimas-noticias","25":"tag-ultimasnoticias","26":"tag-world","27":"tag-world-news","28":"tag-worldnews"},"share_on_mastodon":{"url":"https:\/\/pubeurope.com\/@es\/115599775170214962","error":""},"_links":{"self":[{"href":"https:\/\/www.europesays.com\/es\/wp-json\/wp\/v2\/posts\/251613","targetHints":{"allow":["GET"]}}],"collection":[{"href":"https:\/\/www.europesays.com\/es\/wp-json\/wp\/v2\/posts"}],"about":[{"href":"https:\/\/www.europesays.com\/es\/wp-json\/wp\/v2\/types\/post"}],"author":[{"embeddable":true,"href":"https:\/\/www.europesays.com\/es\/wp-json\/wp\/v2\/users\/2"}],"replies":[{"embeddable":true,"href":"https:\/\/www.europesays.com\/es\/wp-json\/wp\/v2\/comments?post=251613"}],"version-history":[{"count":0,"href":"https:\/\/www.europesays.com\/es\/wp-json\/wp\/v2\/posts\/251613\/revisions"}],"wp:featuredmedia":[{"embeddable":true,"href":"https:\/\/www.europesays.com\/es\/wp-json\/wp\/v2\/media\/251614"}],"wp:attachment":[{"href":"https:\/\/www.europesays.com\/es\/wp-json\/wp\/v2\/media?parent=251613"}],"wp:term":[{"taxonomy":"category","embeddable":true,"href":"https:\/\/www.europesays.com\/es\/wp-json\/wp\/v2\/categories?post=251613"},{"taxonomy":"post_tag","embeddable":true,"href":"https:\/\/www.europesays.com\/es\/wp-json\/wp\/v2\/tags?post=251613"}],"curies":[{"name":"wp","href":"https:\/\/api.w.org\/{rel}","templated":true}]}}