{"id":251621,"date":"2025-11-23T15:48:12","date_gmt":"2025-11-23T15:48:12","guid":{"rendered":"https:\/\/www.europesays.com\/es\/251621\/"},"modified":"2025-11-23T15:48:12","modified_gmt":"2025-11-23T15:48:12","slug":"sock-sobre-la-relacion-de-alcaraz-y-sinner-se-esta-exagerando-la-narrativa-de-que-son-muy-cercanos-entre-ellos","status":"publish","type":"post","link":"https:\/\/www.europesays.com\/es\/251621\/","title":{"rendered":"Sock, sobre la relaci\u00f3n de Alcaraz y Sinner: \u00abSe est\u00e1 exagerando la narrativa de que son muy cercanos entre ellos\u00bb"},"content":{"rendered":"<p class=\"quota-display text-align-center\">\n        <a href=\"https:\/\/www.puntodebreak.com\/MDBA-B3-PDB-QUOTA-25\" rel=\"sponsored nofollow noopener\" title=\"Apuesta en bet365\" target=\"_blank\"><\/p>\n<p>            <img decoding=\"async\" alt=\"Bet365\" class=\"bet-logo lazyload\" loading=\"lazy\" src=\"https:\/\/www.europesays.com\/es\/wp-content\/uploads\/2025\/11\/1763064671_246_b365.jpg\"\/>Streaming UTR Pro Waco en directo<\/p>\n<p> \ud83c\udfbe Dennis Andre Dutine vs Valentino De Pellegrin<\/p>\n<ol class=\"stream-card__steps\">\n<li>Entra aqu\u00ed y reg\u00edstrate en Bet365<\/li>\n<li>Haz tu primer dep\u00f3sito de m\u00ednimo 5\u00a0\u20ac<\/li>\n<li>Entra en la secci\u00f3n \u00abDirecto\u00bb y ve todos los partidos<\/li>\n<\/ol>\n<p>\n                                Ver partido en Bet365\n                            <\/p>\n<p style=\"font-size:9px;line-height:10px;padding:5px 0px 0px 0px;\">Reg\u00edstrese en bet365, ingrese 5\u20ac o m\u00e1s en su cuenta y conseguir\u00e1 un 100% de su ingreso v\u00e1lido en cr\u00e9ditos de apuesta (hasta 100\u20ac). Ingrese 50\u20ac o m\u00e1s y tambi\u00e9n recibir\u00e1 10 fichas doradas para utilizar en tragaperras seleccionadas. Solo para clientes nuevos. Se aplican las condiciones. Las ganancias no incluyen el importe de los cr\u00e9ditos de apuesta. Ingreso m\u00ednimo de 50\u20ac para las fichas doradas. Se aplican premios m\u00e1ximos, restricciones de juego, l\u00edmites de tiempo y condiciones. Es necesario registrarse.<\/p>\n<p>        <\/a>\n      <\/p>\n<p class=\"text-align-justify\"><strong>Jack Sock<\/strong> se ha convertido en la primera persona en dar una opini\u00f3n contraria a la buena relaci\u00f3n que muestran<strong> Carlos Alcaraz y Jannik Sinner<\/strong>. El ex n\u00famero ocho del mundo, asegur\u00f3 en el podcast de &#8216;Nothing Major Show&#8217; que en la amistad entre ambos est\u00e1 impulsada por los aficionados: \u00abCreo que a los fan\u00e1ticos del tenis en general obviamente les encant\u00f3 la narrativa de Roger Federer y\u00a0Rafa Nadal, y son buenos amigos, y creo que como ahora est\u00e1n retirados y no est\u00e1n presentes, la gente lo desea tanto que est\u00e1n impulsando esto. En cada torneo, siento que cada semana ahora, vas a X y es como, &#8216;Oh, Carlos y Jannik, miren esta interacci\u00f3n que tuvieron mientras pasaban por la pista de entrenamiento'\u00bb.<\/p>\n<p class=\"text-align-justify\">\u00abEl hecho de que le des la mano a alguien y le sonr\u00edas no significa que se\u00e1is muy buenos amigos. Quiz\u00e1s se convierta en eso con los a\u00f1os, con la rivalidad y todo eso, pero creo que ahora mismo se est\u00e1 exagerando mucho m\u00e1s de lo que realmente es. Estoy de acuerdo en que son amigos, pero se est\u00e1 exagerando la narrativa de que son muy cercanos entre ellos\u00bb, sentenci\u00f3 el campe\u00f3n del Masters 1000 de Par\u00eds en 2017.<\/p>\n","protected":false},"excerpt":{"rendered":"Streaming UTR Pro Waco en directo \ud83c\udfbe Dennis Andre Dutine vs Valentino De Pellegrin Entra aqu\u00ed y reg\u00edstrate&hellip;\n","protected":false},"author":2,"featured_media":251622,"comment_status":"","ping_status":"","sticky":false,"template":"","format":"standard","meta":{"footnotes":""},"categories":[274],"tags":[168,25,24,23,167,327,326],"class_list":{"0":"post-251621","1":"post","2":"type-post","3":"status-publish","4":"format-standard","5":"has-post-thumbnail","7":"category-tenis","8":"tag-deportes","9":"tag-es","10":"tag-espana","11":"tag-spain","12":"tag-sports","13":"tag-tenis","14":"tag-tennis"},"share_on_mastodon":{"url":"https:\/\/pubeurope.com\/@es\/115599802977488350","error":""},"_links":{"self":[{"href":"https:\/\/www.europesays.com\/es\/wp-json\/wp\/v2\/posts\/251621","targetHints":{"allow":["GET"]}}],"collection":[{"href":"https:\/\/www.europesays.com\/es\/wp-json\/wp\/v2\/posts"}],"about":[{"href":"https:\/\/www.europesays.com\/es\/wp-json\/wp\/v2\/types\/post"}],"author":[{"embeddable":true,"href":"https:\/\/www.europesays.com\/es\/wp-json\/wp\/v2\/users\/2"}],"replies":[{"embeddable":true,"href":"https:\/\/www.europesays.com\/es\/wp-json\/wp\/v2\/comments?post=251621"}],"version-history":[{"count":0,"href":"https:\/\/www.europesays.com\/es\/wp-json\/wp\/v2\/posts\/251621\/revisions"}],"wp:featuredmedia":[{"embeddable":true,"href":"https:\/\/www.europesays.com\/es\/wp-json\/wp\/v2\/media\/251622"}],"wp:attachment":[{"href":"https:\/\/www.europesays.com\/es\/wp-json\/wp\/v2\/media?parent=251621"}],"wp:term":[{"taxonomy":"category","embeddable":true,"href":"https:\/\/www.europesays.com\/es\/wp-json\/wp\/v2\/categories?post=251621"},{"taxonomy":"post_tag","embeddable":true,"href":"https:\/\/www.europesays.com\/es\/wp-json\/wp\/v2\/tags?post=251621"}],"curies":[{"name":"wp","href":"https:\/\/api.w.org\/{rel}","templated":true}]}}