{"id":251623,"date":"2025-11-23T15:49:10","date_gmt":"2025-11-23T15:49:10","guid":{"rendered":"https:\/\/www.europesays.com\/es\/251623\/"},"modified":"2025-11-23T15:49:10","modified_gmt":"2025-11-23T15:49:10","slug":"nys-no-deja-ni-las-migajas-en-tabor","status":"publish","type":"post","link":"https:\/\/www.europesays.com\/es\/251623\/","title":{"rendered":"Nys no deja ni las migajas en Tabor"},"content":{"rendered":"<p class=\"\">De tal palo tal astilla&#8230; O quien a lo suyo se parece, honra merece. Dichos populares que describen a la perfecci\u00f3n <b>lo que Thibau Nys es a su progenitor, Sven: otro genio del ciclocross.<\/b> A sus 23 a\u00f1os, el hijo pr\u00f3digo, que ya cuenta con prestigiosos \u00e9xitos como el oro en el Campeonato de Europa, quiere a\u00f1adir este a\u00f1o a su curr\u00edculum una pieza in\u00e9dita: la general de <a href=\"https:\/\/as.com\/ciclismo\/mas_ciclismo\/tabor-marca-el-inicio-de-la-copa-del-mundo-de-ciclocross-f202511-n\/+\" target=\"_self\" rel=\"nofollow noopener\" title=\"https:\/\/as.com\/ciclismo\/mas_ciclismo\/tabor-marca-el-inicio-de-la-copa-del-mundo-de-ciclocross-f202511-n\/+\"><b>Copa del Mundo. Una nueva edici\u00f3n arranc\u00f3 este domingo en Tabor<\/b><\/a> (Rep\u00fablica Checa), donde el m\u00edtico Sven gan\u00f3 hasta cuatro veces en su \u00e9poca dorada, coto privado que seguir\u00e1 en posesi\u00f3n de la familia Nys despu\u00e9s del <b>incontestable triunfo de Thibau.<\/b><\/p>\n<p class=\"\">Nys, engalanado con el <b>maillot de campe\u00f3n nacional de B\u00e9lgica <\/b>que conquist\u00f3 recientemente, demostr\u00f3 desde la salida un hambre voraz. Una ambici\u00f3n que unida a su incuestionable talento para la pr\u00e1ctica del ciclocross le sit\u00faan en una posici\u00f3n privilegiada para conquistar esta temporada la Copa del Mundo (su padre la gan\u00f3 en tres ocasiones), t\u00edtulo al que hace ya a\u00f1os renunciaron tanto <a href=\"https:\/\/as.com\/noticias\/ciclocross\/\" target=\"_self\" rel=\"nofollow noopener\" title=\"https:\/\/as.com\/noticias\/ciclocross\/\">Mathieu van der Poel como Wout van Aert (entrar\u00e1n en competici\u00f3n dentro de 1 mes)<\/a> para dar prioridad a la carretera. As\u00ed las cosas, el bueno de Nys se encarg\u00f3 de que la carrera no tuviera ning\u00fan tipo de historia: l\u00edder de principio a fin. Solo el neerland\u00e9s <b>Nieuwenhuis pudo seguir su rueda en su primer arre\u00f3n,<\/b> pero ya en la segunda de las ocho vueltas que tuvo la carrera sac\u00f3 bandera blanca.<\/p>\n<p>Noticias relacionadas<\/p>\n<p class=\"\">Por detr\u00e1s, a mucha distancia, se jug\u00f3 el podio el primer cuarteto de mortales, en el que no pudo estar <a href=\"https:\/\/as.com\/noticias\/felipe-orts-lloret\/\" target=\"_self\" rel=\"nofollow noopener\" title=\"https:\/\/as.com\/noticias\/felipe-orts-lloret\/\"><b>Felipe Orts.<\/b> El espa\u00f1ol estuvo lejos de su mejor versi\u00f3n,<\/a> a pesar de llegar a esta cita tras encadenar cuatro top-10 que le hab\u00edan otorgado una buena dosis de confianza, y cruz\u00f3 la meta en 15\u00ba lugar (a 1:40 del vencedor). El circuito no tuvo barro, pero s\u00ed <b>zonas de escarcha fruto de las g\u00e9lidas temperaturas<\/b> que Chequia ha registrado en los \u00faltimos d\u00edas, lo que provoc\u00f3 algunas ca\u00eddas, como la de un Vanthourenhout (vigente campe\u00f3n de Copa del Mundo) que termin\u00f3 la carrera bastante dolorido. El podio, con Nys en lo m\u00e1s alto, lo completaron Sweeck y Nieuwenhuis. El pr\u00f3ximo domingo, segunda cita del certamen en <b>Flamanville <\/b>(Francia).<\/p>\n<p class=\"\"><b>\u00a1Tus opiniones importan!<\/b> Comenta en los art\u00edculos y suscr\u00edbete gratis a nuestra <a href=\"https:\/\/asfan.as.com\/newsletters\/\" target=\"_blank\" rel=\"nofollow noopener\" title=\"https:\/\/asfan.as.com\/newsletters\/\">newsletter<\/a> y a las alertas informativas en la <a href=\"https:\/\/as.com\/aplicacion-de-as-n\/\" target=\"_blank\" rel=\"nofollow noopener\" title=\"https:\/\/as.com\/aplicacion-de-as-n\/\">App<\/a> o el canal de <a href=\"https:\/\/www.whatsapp.com\/channel\/0029VaAasdA7j6g745nz9M10\" target=\"_blank\" rel=\"nofollow noopener\" title=\"https:\/\/www.whatsapp.com\/channel\/0029VaAasdA7j6g745nz9M10\">WhatsApp<\/a>. \u00bfBuscas licenciar contenido? Haz clic <a href=\"https:\/\/profesional.elpais.com\/soluciones-sindicacion?utm_medium=interno&amp;utm_source=crosslinking&amp;utm_campaign=sindicacion_as_pie_articulos\" target=\"_blank\" rel=\"nofollow noopener\" title=\"https:\/\/profesional.elpais.com\/soluciones-sindicacion?utm_medium=interno&amp;utm_source=crosslinking&amp;utm_campaign=sindicacion_as_pie_articulos\">aqu\u00ed<\/a><\/p>\n","protected":false},"excerpt":{"rendered":"De tal palo tal astilla&#8230; O quien a lo suyo se parece, honra merece. Dichos populares que describen&hellip;\n","protected":false},"author":2,"featured_media":251624,"comment_status":"","ping_status":"","sticky":false,"template":"","format":"standard","meta":{"footnotes":""},"categories":[273],"tags":[313,312,168,25,24,23,167],"class_list":{"0":"post-251623","1":"post","2":"type-post","3":"status-publish","4":"format-standard","5":"has-post-thumbnail","7":"category-ciclismo","8":"tag-ciclismo","9":"tag-cycling","10":"tag-deportes","11":"tag-es","12":"tag-espana","13":"tag-spain","14":"tag-sports"},"share_on_mastodon":{"url":"https:\/\/pubeurope.com\/@es\/115599806520107843","error":""},"_links":{"self":[{"href":"https:\/\/www.europesays.com\/es\/wp-json\/wp\/v2\/posts\/251623","targetHints":{"allow":["GET"]}}],"collection":[{"href":"https:\/\/www.europesays.com\/es\/wp-json\/wp\/v2\/posts"}],"about":[{"href":"https:\/\/www.europesays.com\/es\/wp-json\/wp\/v2\/types\/post"}],"author":[{"embeddable":true,"href":"https:\/\/www.europesays.com\/es\/wp-json\/wp\/v2\/users\/2"}],"replies":[{"embeddable":true,"href":"https:\/\/www.europesays.com\/es\/wp-json\/wp\/v2\/comments?post=251623"}],"version-history":[{"count":0,"href":"https:\/\/www.europesays.com\/es\/wp-json\/wp\/v2\/posts\/251623\/revisions"}],"wp:featuredmedia":[{"embeddable":true,"href":"https:\/\/www.europesays.com\/es\/wp-json\/wp\/v2\/media\/251624"}],"wp:attachment":[{"href":"https:\/\/www.europesays.com\/es\/wp-json\/wp\/v2\/media?parent=251623"}],"wp:term":[{"taxonomy":"category","embeddable":true,"href":"https:\/\/www.europesays.com\/es\/wp-json\/wp\/v2\/categories?post=251623"},{"taxonomy":"post_tag","embeddable":true,"href":"https:\/\/www.europesays.com\/es\/wp-json\/wp\/v2\/tags?post=251623"}],"curies":[{"name":"wp","href":"https:\/\/api.w.org\/{rel}","templated":true}]}}