{"id":251625,"date":"2025-11-23T15:51:12","date_gmt":"2025-11-23T15:51:12","guid":{"rendered":"https:\/\/www.europesays.com\/es\/251625\/"},"modified":"2025-11-23T15:51:12","modified_gmt":"2025-11-23T15:51:12","slug":"basquet-sa-real-ibiza-y-cb-pozuelo-inauguran-el-palmares-de-la-liga-3x3-feb","status":"publish","type":"post","link":"https:\/\/www.europesays.com\/es\/251625\/","title":{"rendered":"B\u00e0squet Sa Real Ibiza y CB Pozuelo inauguran el palmar\u00e9s de la Liga 3&#215;3 FEB"},"content":{"rendered":"<p>Tenemos a los primeros campeones hist\u00f3ricos de la nueva competici\u00f3n de 3&#215;3 puesta en marcha por la FEB. En la Caja M\u00e1gica de Madrid se han coronado campeones el B\u00e0squet Sa Real Ibiza de Nacho Mart\u00edn, Sergi Pino, Axel Castillo y Pablo Ferreiro; y el CB Pozuelo de M\u00f3nica Herranz, Habtenesh Calvo y Jimena Lorenzo.<\/p>\n<p>\u00c1REA DE COMUNICACI\u00d3N FEB<\/p>\n<p>Nueva competici\u00f3n, una sede espectacular, gran nivel deportivo y dos campeones que inauguran el palmar\u00e9s de esta nueva Liga de Invierno 3&#215;3 FEB. Valencia Basket 3&#215;3 consigui\u00f3 las dos subcampeonatos con La Celeste en el tercer puesto en las dos categor\u00edas.<\/p>\n<p>Se ha vivido un gran torneo en categor\u00eda masculina, con equipos de alto nivel, jugadores de mucha calidad y la victoria final de un B\u00e0squet Sa Real Ibiza conformado por algunos de los pioneros de este deporte, que siguen siendo competitivos. Nacho Mart\u00edn, Sergi Pino, Axel Castillo y Pablo Ferreiro se hicieron con el t\u00edtulo venciendo al Valencia Basket 3&#215;3.<\/p>\n<p>Los taronjas, con Javi Beir\u00e1n y Juanma Robles en la plantilla, ganaron a los baleares en la primera fase con un doble \u2018in extremis\u2019 del campe\u00f3n del mundo en el \u00faltimo segundo. Despu\u00e9s de ir pasando rondas (cuartos y semis) se volvieron a enfrentar en una final apasionante decidida en la pr\u00f3rroga con un doble de Sergi Pino desde la esquina.<\/p>\n<p>En categor\u00eda femenina se vivieron partidos espectaculares, igualdad y varias sorpresas desde el primer d\u00eda. Las ganadoras llegaron desde el CB Pozuelo y no part\u00edan como favoritas al inicio del torneo. Adem\u00e1s, jugaron con tan solo tres jugadoras y sin posibilidad de cambio. M\u00f3nica Herranz estuvo acertada de cara al aro, Habtenesh Calvo aportada en todos los aspectos y Jimena Lorenzo pon\u00eda la brega cerca del aro.<\/p>\n<p>En la final, no s\u00f3lo aguantaron f\u00edsicamente, sino que realizaron una defensa brutal dejando al Valencia Basket en tan solo 6 puntos, con las taronjas habiendo dominado todo el torneo hasta el partido final. La Celeste consigui\u00f3 el tercer puesto, tanto en categor\u00eda femenina como masculina en un primer torneo hist\u00f3rico.<\/p>\n<p>CLASIFICACI\u00d3N MASCULINA<br \/>&#13;<br \/>\n 1 B\u00e0squet Sa Real IBZ<br \/>&#13;<br \/>\n 2 Valencia Basket 3&#215;3<br \/>&#13;<br \/>\n 3 La Celeste<br \/>&#13;<br \/>\n 4 PBL Las Rozas 3&#215;3<br \/>&#13;<br \/>\n 5 Maresme 3 Viles<br \/>&#13;<br \/>\n 6 M\u00e9rida Woka on Three<br \/>&#13;<br \/>\n 7 Onil 3&#215;3<br \/>&#13;<br \/>\n 8 Bball Center<br \/>&#13;<br \/>\n 9 Ontibasket<br \/>&#13;<br \/>\n 10 Los N\u00f3madas 3&#215;3<br \/>&#13;<br \/>\n 11 CBEV Pac\u00edfico Nero<\/p>\n<p>CLASIFICACI\u00d3N FEMENINA<br \/>&#13;<br \/>\n 1 CB Pozuelo UFV<br \/>&#13;<br \/>\n 2 Valencia Basket 3&#215;3<br \/>&#13;<br \/>\n 3 La Celeste<br \/>&#13;<br \/>\n 4 PBL Las Rozas 3&#215;3<br \/>&#13;<br \/>\n 5 Titans 3&#215;3<br \/>&#13;<br \/>\n 6 Vigo 3&#215;3<br \/>&#13;<br \/>\n 7 M\u00e9rida Woka on Three<br \/>&#13;<br \/>\n 8 Ceuta 3&#215;3<br \/>&#13;<br \/>\n 9 B\u00e0squet Sa Real IBZ<br \/>&#13;<br \/>\n \u00a0<\/p>\n","protected":false},"excerpt":{"rendered":"Tenemos a los primeros campeones hist\u00f3ricos de la nueva competici\u00f3n de 3&#215;3 puesta en marcha por la FEB.&hellip;\n","protected":false},"author":2,"featured_media":251626,"comment_status":"","ping_status":"","sticky":false,"template":"","format":"standard","meta":{"footnotes":""},"categories":[269],"tags":[4605,299,1918,298,4597,4613,4616,4609,4608,4610,168,4603,4606,25,24,4120,4598,4614,2713,4601,830,4599,4600,4602,4615,4617,4607,4604,23,167,4611,4612],"class_list":{"0":"post-251625","1":"post","2":"type-post","3":"status-publish","4":"format-standard","5":"has-post-thumbnail","7":"category-baloncesto","8":"tag-arbitros-baloncesto","9":"tag-baloncesto","10":"tag-basket","11":"tag-basketball","12":"tag-basquet","13":"tag-canalfeb","14":"tag-clasificacion","15":"tag-copa-princesa","16":"tag-copa-principe","17":"tag-copa-reina","18":"tag-deportes","19":"tag-eba","20":"tag-entrenadores-baloncesto","21":"tag-es","22":"tag-espana","23":"tag-estadisticas","24":"tag-federacion-baloncesto","25":"tag-jornada-virtual","26":"tag-jugadores","27":"tag-laeb-plata","28":"tag-leb-oro","29":"tag-liga-espana","30":"tag-liga-espanola-baloncesto","31":"tag-liga-femenina","32":"tag-marcadores-baloncesto","33":"tag-rankings","34":"tag-reglas-baloncesto","35":"tag-seleccion-baloncesto","36":"tag-spain","37":"tag-sports","38":"tag-supercopa","39":"tag-television-baloncesto"},"share_on_mastodon":{"url":"","error":"Validation failed: Text character limit of 500 exceeded"},"_links":{"self":[{"href":"https:\/\/www.europesays.com\/es\/wp-json\/wp\/v2\/posts\/251625","targetHints":{"allow":["GET"]}}],"collection":[{"href":"https:\/\/www.europesays.com\/es\/wp-json\/wp\/v2\/posts"}],"about":[{"href":"https:\/\/www.europesays.com\/es\/wp-json\/wp\/v2\/types\/post"}],"author":[{"embeddable":true,"href":"https:\/\/www.europesays.com\/es\/wp-json\/wp\/v2\/users\/2"}],"replies":[{"embeddable":true,"href":"https:\/\/www.europesays.com\/es\/wp-json\/wp\/v2\/comments?post=251625"}],"version-history":[{"count":0,"href":"https:\/\/www.europesays.com\/es\/wp-json\/wp\/v2\/posts\/251625\/revisions"}],"wp:featuredmedia":[{"embeddable":true,"href":"https:\/\/www.europesays.com\/es\/wp-json\/wp\/v2\/media\/251626"}],"wp:attachment":[{"href":"https:\/\/www.europesays.com\/es\/wp-json\/wp\/v2\/media?parent=251625"}],"wp:term":[{"taxonomy":"category","embeddable":true,"href":"https:\/\/www.europesays.com\/es\/wp-json\/wp\/v2\/categories?post=251625"},{"taxonomy":"post_tag","embeddable":true,"href":"https:\/\/www.europesays.com\/es\/wp-json\/wp\/v2\/tags?post=251625"}],"curies":[{"name":"wp","href":"https:\/\/api.w.org\/{rel}","templated":true}]}}