{"id":251627,"date":"2025-11-23T15:52:16","date_gmt":"2025-11-23T15:52:16","guid":{"rendered":"https:\/\/www.europesays.com\/es\/251627\/"},"modified":"2025-11-23T15:52:16","modified_gmt":"2025-11-23T15:52:16","slug":"sigue-en-directo-el-partido-cadiz-cultural-leonesa-minuto-a-minuto","status":"publish","type":"post","link":"https:\/\/www.europesays.com\/es\/251627\/","title":{"rendered":"Sigue en directo el partido C\u00e1diz-Cultural Leonesa, minuto a minuto"},"content":{"rendered":"<p>                                    <img decoding=\"async\" loading=\"lazy\" src=\"https:\/\/www.europesays.com\/es\/wp-content\/uploads\/2025\/08\/65f85562cf2a7.jpeg\" alt=\"\u00c1ngel Fraguas\" width=\"40\" height=\"40\" data-full-src=\"https:\/\/www.europesays.com\/es\/wp-content\/uploads\/2025\/08\/65f85562cf2a7.jpeg\"\/><\/p>\n<p>                                            30&#8242;<\/p>\n<p>                Primera media hora de juego<\/p>\n<p>                                    16:51 23\/11\/202516:51 23\/11\/2025<\/p>\n<p class=\"paragraph\">El gol anulado a la Cultural es un error arbitral clamoroso. No hay falta por ning\u00fan lado.<\/p>\n<p>                                            29&#8242;<\/p>\n<p>                GOL ANULADO A LA CULTURAL, A CHAC\u00d3N<\/p>\n<p>                                    16:49 23\/11\/202516:50 23\/11\/2025<\/p>\n<p class=\"paragraph\">El \u00e1rbitro anula un gol a la Cultural por falta, aunque muy rigurosa.<\/p>\n<p>                                            27&#8242;<\/p>\n<p>                Amarilla a Thiago Ojeda<\/p>\n<p>                                    16:48 23\/11\/202516:48 23\/11\/2025<\/p>\n<p class=\"paragraph\">El \u00e1rbitro amonesta con cartulina amarilla a Thiago Ojeda. Es la quinta amarilla que recibe y se perder\u00e1 el partido de la pr\u00f3xima jornada en el Reino de Le\u00f3n ante el Granada.<\/p>\n<p>                                            23&#8242;<\/p>\n<p>                La Cultural, con capacidad de reacci\u00f3n<\/p>\n<p>                                    16:43 23\/11\/202516:43 23\/11\/2025<\/p>\n<p class=\"paragraph\">El equipo leon\u00e9s sigue con af\u00e1n atacante en el Nuevo Mirandilla.<\/p>\n<p>                                            20&#8242;<\/p>\n<p>                GOOOOOOOOOOL DE BARZIC PARA LA CULTURAL!!!<\/p>\n<p>                                    16:41 23\/11\/202516:41 23\/11\/2025<\/p>\n<p class=\"paragraph\">1-1: Barzic remata de cabeza tras servicio de Mboula.<\/p>\n<p>                                            19&#8242;<\/p>\n<p>                La Cultural busca el empate<\/p>\n<p>                                    16:38 23\/11\/202516:38 23\/11\/2025<\/p>\n<p class=\"paragraph\">De nuevo Lucas Ribeiro se hace con el bal\u00f3n, pero corta la defensa local.<\/p>\n<p>                                            16&#8242;<\/p>\n<p>                Uyyyyy Lucas Ribeiro, casi empata!!!<\/p>\n<p>                                    16:37 23\/11\/202516:37 23\/11\/2025<\/p>\n<p class=\"paragraph\">Lucas Ribeiro desde la frontal del \u00e1rea chuta y el bal\u00f3n sale por muy poco del marco de V\u00edctor Aznar.<\/p>\n<p>                                            13&#8242;<\/p>\n<p>                GOOOL DEL C\u00c1DIZ<\/p>\n<p>                                    16:33 23\/11\/202516:33 23\/11\/2025<\/p>\n<p class=\"paragraph\">1-0: Mal despeje de Thiago Ojeda, que entrega el bal\u00f3n al local\u00a0Efe Aghama para que anote el primer gol del C\u00e1diz.<\/p>\n<p>                                            12&#8242;<\/p>\n<p>                Saque de esquina para el C\u00e1diz<br \/>\u200b<\/p>\n<p>                                    16:31 23\/11\/202516:31 23\/11\/2025<\/p>\n<p class=\"paragraph\">Iza Carcel\u00e9n la pone y saca el bal\u00f3n de cabeza Chac\u00f3n.<\/p>\n<p>                                            10&#8242;<\/p>\n<p>                El equipo culturalista se mueve bien<\/p>\n<p>                                    16:30 23\/11\/202516:30 23\/11\/2025<\/p>\n<p class=\"paragraph\">Los hombres de Ziganda mueven el bal\u00f3n con sentido.<\/p>\n<p>                                            6&#8242;<\/p>\n<p>                Mucho juego en la medular<\/p>\n<p>                                    16:25 23\/11\/202516:25 23\/11\/2025<\/p>\n<p class=\"paragraph\">Sin llegadas hacia una y otra porter\u00eda.<\/p>\n<p>                                            3&#8242;<\/p>\n<p>                La Cultural, bien posicionada en el campo<\/p>\n<p>                                    16:23 23\/11\/202516:23 23\/11\/2025<\/p>\n<p class=\"paragraph\">El cuadro de Ziganda sale muy enchufado, con otro saque de esquina a su favor que vuelve a sacar Mboula, pero de nuevo sin remate.<\/p>\n<p>                                            1&#8242;<\/p>\n<p>                C\u00f3rner a favor de la Cultural<\/p>\n<p>                                    16:21 23\/11\/202516:21 23\/11\/2025<\/p>\n<p class=\"paragraph\">El equipo leon\u00e9s fuerza el primer saque de esquina que bota Mboula, pero no acierta a rematar nadie.<\/p>\n<p>                                            1&#8242;<\/p>\n<p>                Arranca el partido en el Nuevo Mirandilla<\/p>\n<p>                                    16:19 23\/11\/202516:19 23\/11\/2025<\/p>\n<p class=\"paragraph\">Ya rueda el bal\u00f3n.<\/p>\n<p>                La previa<\/p>\n<p>                                    16:13 23\/11\/202516:22 23\/11\/2025<\/p>\n<p class=\"paragraph\">Ziganda alinea al equipo habitual de los \u00faltimos choques de Liga, con el regreso de Mat\u00eda Barzic al centro de la defensa, despu\u00e9s de ir convocado con la selecci\u00f3n sub-21 de Croacia aunque sin participar ni un solo minuto, en lugar de Tom\u00e1s Ribeiro. El resto, los mismos con los que comenz\u00f3 el choque ante el Malaga CF, que acab\u00f3 en victoria por 1-0 en el Reino de Le\u00f3n.<\/p>\n<p>                ALINEACIONES:\u00a0<\/p>\n<p>                                    16:11 23\/11\/202516:11 23\/11\/2025<\/p>\n<p class=\"paragraph\"><b>C\u00c1DIZ CF:<\/b>\u00a0V\u00edctor Aznar; Iza, Bojan Kovacevic, Iker Recio, Mario Climent; Sergio Ortu\u00f1o, Yussi Diarra; Efe Aghama, Suso, Iuri Tabatadze; y \u00c1lvaro Garc\u00eda Pascual.<br \/>\u200b<b>CULTURAL LEONESA:<\/b>\u00a0\u00c9dgar Bad\u00eda; Iv\u00e1n Calero, Rodri Su\u00e1rez, Barzic, Hinojo; Thiago Ojeda, Selu Diallo; Mboula, Luis Chac\u00f3n, Lucas Ribeiro; y Manu Justo.<br \/>\u200b<b>\u00c1RBITRO:<\/b> Carlos Mu\u00f1iz Mu\u00f1oz (Comit\u00e9 Aragon\u00e9s).<\/p>\n","protected":false},"excerpt":{"rendered":"30&#8242; Primera media hora de juego 16:51 23\/11\/202516:51 23\/11\/2025 El gol anulado a la Cultural es un error&hellip;\n","protected":false},"author":2,"featured_media":251628,"comment_status":"","ping_status":"","sticky":false,"template":"","format":"standard","meta":{"footnotes":""},"categories":[268],"tags":[168,25,24,280,282,281,23,167],"class_list":{"0":"post-251627","1":"post","2":"type-post","3":"status-publish","4":"format-standard","5":"has-post-thumbnail","7":"category-futbol","8":"tag-deportes","9":"tag-es","10":"tag-espana","11":"tag-football","12":"tag-futbol","13":"tag-soccer","14":"tag-spain","15":"tag-sports"},"share_on_mastodon":{"url":"https:\/\/pubeurope.com\/@es\/115599819004939660","error":""},"_links":{"self":[{"href":"https:\/\/www.europesays.com\/es\/wp-json\/wp\/v2\/posts\/251627","targetHints":{"allow":["GET"]}}],"collection":[{"href":"https:\/\/www.europesays.com\/es\/wp-json\/wp\/v2\/posts"}],"about":[{"href":"https:\/\/www.europesays.com\/es\/wp-json\/wp\/v2\/types\/post"}],"author":[{"embeddable":true,"href":"https:\/\/www.europesays.com\/es\/wp-json\/wp\/v2\/users\/2"}],"replies":[{"embeddable":true,"href":"https:\/\/www.europesays.com\/es\/wp-json\/wp\/v2\/comments?post=251627"}],"version-history":[{"count":0,"href":"https:\/\/www.europesays.com\/es\/wp-json\/wp\/v2\/posts\/251627\/revisions"}],"wp:featuredmedia":[{"embeddable":true,"href":"https:\/\/www.europesays.com\/es\/wp-json\/wp\/v2\/media\/251628"}],"wp:attachment":[{"href":"https:\/\/www.europesays.com\/es\/wp-json\/wp\/v2\/media?parent=251627"}],"wp:term":[{"taxonomy":"category","embeddable":true,"href":"https:\/\/www.europesays.com\/es\/wp-json\/wp\/v2\/categories?post=251627"},{"taxonomy":"post_tag","embeddable":true,"href":"https:\/\/www.europesays.com\/es\/wp-json\/wp\/v2\/tags?post=251627"}],"curies":[{"name":"wp","href":"https:\/\/api.w.org\/{rel}","templated":true}]}}