{"id":251629,"date":"2025-11-23T15:53:23","date_gmt":"2025-11-23T15:53:23","guid":{"rendered":"https:\/\/www.europesays.com\/es\/251629\/"},"modified":"2025-11-23T15:53:23","modified_gmt":"2025-11-23T15:53:23","slug":"todo-lo-que-se-sabe-del-almuerzo-de-el-pardo","status":"publish","type":"post","link":"https:\/\/www.europesays.com\/es\/251629\/","title":{"rendered":"todo lo que se sabe del almuerzo de El Pardo"},"content":{"rendered":"<p><b>Don Juan Carlos<\/b> fue de los primeros en llegar. Despu\u00e9s <a href=\"https:\/\/www.eleconomista.es\/informalia\/casas-reales\/noticias\/13657286\/11\/25\/don-juan-carlos-i-y-dona-sofia-ya-estan-juntos-en-el-pardo-en-el-almuerzo-familiar-por-el-50-aniversario-de-la-monarquia.html\" title=\"La Familia Real se re\u00fane al completo en El Pardo: comida familiar por el 50 aniversario de la monarqu\u00eda\" rel=\"nofollow noopener\" target=\"_blank\">vimos a los Reyes don Felipe y do\u00f1a Letizia conduciendo ellos mismos<\/a>, junto a la Princesa y la Infanta. Tambi\u00e9n fuimos testigos del momento en que se incorporaron al evento las infantas <b>Cristina <\/b>y<b> Elena,<\/b> y los otros nietos, que aparecieron en una furgoneta. Uno de los temas fue la felicitaci\u00f3n de todos a la reina <b>do\u00f1a Sof\u00eda por el Tois\u00f3n de Oro<\/b> <a href=\"https:\/\/www.eleconomista.es\/informalia\/casas-reales\/noticias\/13656844\/11\/25\/la-reina-sofia-no-echo-de-menos-este-viernes-a-su-marido-al-recibir-el-toison-de-manos-de-su-hijo-en-20-anos-nunca-la-he-visto-tan-feliz.html\" title=\"La reina Sof\u00eda no ech\u00f3 de menos este viernes a su marido al recibir el Tois\u00f3n de manos de su hijo: &quot;En 20 a\u00f1os nunca la he visto tan feliz&quot;\" rel=\"nofollow noopener\" target=\"_blank\">que le entreg\u00f3 el viernes su hijo<\/a>. Recordemos que ni su marido, ni sus hijas ni tampoco ninguno de sus nietos, salvo la <b>infanta Sof\u00eda y la princesa Leonor, <\/b>pudieron estar presentes.<\/p>\n<p>                            <img decoding=\"async\" src=\"https:\/\/www.europesays.com\/es\/wp-content\/uploads\/2025\/11\/reyes-espana-cita-el-pardo-1200.jpg\" loading=\"lazy\"\/><\/p>\n<p>Eso s\u00ed, vimos <b>preciosos gestos de cari\u00f1o hacia do\u00f1a Sof\u00eda por parte de su hijo<\/b> y de su nuera. Pero, a diferencia de esa celebraci\u00f3n institucional retransmitida con luz y taqu\u00edgrafos, este s\u00e1bado no estuvieron las c\u00e1maras de televisi\u00f3n ni los medios. Aun as\u00ed, sabemos que <b>la familia del Rey se mostr\u00f3 unida en el almuerzo.<\/b> Las comentad\u00edsimas <a href=\"https:\/\/www.eleconomista.es\/informalia\/television\/noticias\/13629722\/11\/25\/sonsoles-critica-la-rajada-del-emerito-sobre-la-reina-letizia-en-sus-memorias-era-necesario-desvelar-ciertas-cosas.html\" rel=\"nofollow noopener\" target=\"_blank\"><b>memorias del rey Juan Carlos, <\/b><\/a>con alusiones pol\u00e9micas hacia <b>do\u00f1a Letizia <\/b>y hacia su propio hijo, no han impedido que los Borbones y sus seres queridos se sentaran alrededor de <b>la misma mesa, larga y rectangular,<\/b> para acompa\u00f1ar al Rey Felipe, al antiguo monarca y a la futura Reina, la princesa Leonor (foto que no tenemos) <a href=\"https:\/\/www.eleconomista.es\/informalia\/casas-reales\/noticias\/13655463\/11\/25\/el-gesto-mas-carinoso-de-las-dos-reinas-letizia-y-sofia-sincronizadas-en-un-luminoso-rosa-palo.html\" title=\"El gesto m\u00e1s cari\u00f1oso de las dos reinas: Letizia y Sof\u00eda, sincronizadas en un luminoso rosa palo\" rel=\"nofollow noopener\" target=\"_blank\">adem\u00e1s de felicitar a do\u00f1a Sof\u00eda, como ya apunt\u00e1bamos<\/a>. No nos consta que nadie, de las setenta personas que compartieron almuerzo, llevara el libro ya publicado en Francia para que don Juan Carlos se lo firmara o dedicara.<\/p>\n<p>Nos aseguran que predomin\u00f3 un tono distendido y cordial, con una sobremesa generosa. Los royals que acudieron a esta conmemoraci\u00f3n (en privado) de los 50 a\u00f1os de la llegada al trono de Juan Carlos I fueron entre otros los de Bulgaria, los griegos y los espa\u00f1oles. <b>Llevaban unos tres a\u00f1os sin reunirse todos<\/b> los miembros de la familia. Seg\u00fan ha podido saber Informalia, unos y otros hablaron en<b> corrillos improvisados de pie, porque antes del almuerzo tuvo lugar un c\u00f3ctel en el sal\u00f3n de los Austrias,<\/b> en el Palacio del Pardo.<\/p>\n<p>Nos cuentan algunos detalles reveladores, como que <b>do\u00f1a Letizia estuvo cerca de sus hijas<\/b> y que, a los postres, <b>don Felipe se puso de pie, micr\u00f3fono en mano, y dirigi\u00f3 unas palabras a los presentes<\/b>, cargadas de cari\u00f1o, refiri\u00e9ndose sobre todo a sus padres, tanto don Juan Carlos como do\u00f1a Sof\u00eda, que se mostraron emocionados.<\/p>\n<p>Sabemos tambi\u00e9n algunos detalles del men\u00fa que Sus Majestades y toda la familia Borb\u00f3n degustaron:<b> la selecci\u00f3n de platos incluy\u00f3 boletus y mero<\/b>, servido por el catering Alabardero. Como apunt\u00e1bamos, los invitados compartieron un aperitivo antes de sentarse en la mesa y, despu\u00e9s de comer, un caf\u00e9. <b>Tanto el c\u00f3ctel como la sobremesa fue de pie<\/b>. <\/p>\n<p>El momento Cenicienta del Em\u00e9rito y Froil\u00e1n<\/p>\n<p>Pero <b>tanto el rey em\u00e9rito como Froil\u00e1n vivieron su<\/b> <b>\u00abmomento Cenicienta\u00bb<\/b> y <b>abandonaron el palacio a la hora l\u00edmite prevista<\/b>, si bien, a diferencia del cuento, fue sobre las cinco de la tarde y no a medianoche, y por supuesto no nos consta que perdieran los zapatos.<\/p>\n<p>Tampoco se fueron en carroza: suponemos (que no sabemos) que un veh\u00edculo los traslad\u00f3 directamente al aer\u00f3dromo para embarcar en un avi\u00f3n privado. <b>El Em\u00e9rito y su nieto fueron los primeros en abandonar el almuerzo<\/b>, presumiblemente camino de alguna capital europea \u2014sea Londres o Ginebra\u2014 o quiz\u00e1s directamente hacia Abu Dabi.<\/p>\n<p>Como ya avanzamos este s\u00e1bado, <a href=\"https:\/\/www.eleconomista.es\/informalia\/casas-reales\/noticias\/13657413\/11\/25\/la-novia-canadiense-de-juan-urdangarin-la-gran-ausente-en-la-comida-familiar-de-el-pardo-ni-rastro-de-sophia.html\" title=\"La novia canadiense de Juan Urdangarin, la gran ausente en la comida familiar de El Pardo: ni rastro de Sophia\" rel=\"nofollow noopener\" target=\"_blank\">otro motivo de comentario fue la presencia de novias<\/a>: varios nietos de los Reyes acudieron con sus respectivas parejas. <b>Telecinco exhibi\u00f3 im\u00e1genes de Pablo Urdangarin yendo a recoger a su novia al barrio de Salamanca<\/b>, en Madrid, sobre las ocho de la ma\u00f1ana, y desde all\u00ed se desplazaron en un veh\u00edculo de lujo de marca japonesa al Palacio de la Zarzuela, donde, seg\u00fan se ha dicho, pudieron desayunar con la reina do\u00f1a Sof\u00eda, que estuvo acompa\u00f1ada de varios nietos. <b>Quer\u00edan darle una sorpresa tras el Tois\u00f3n de Oro.<\/b><\/p>\n<p>Don Juan Carlos y do\u00f1a Sof\u00eda, juntos en El Pardo<\/p>\n<p><b>El rey Juan Carlos I aterriz\u00f3 en Barajas cerca de las 11:30 horas<\/b>, desde all\u00ed se desplaz\u00f3 hasta el Palacio de El Pardo, donde lleg\u00f3 pasadas las 13:00 horas, tres cuartos de hora antes que lo hicieran los Reyes con la princesa Leonor y la infanta Sof\u00eda. Al llegar, por el acceso lateral del palacio, el coche del em\u00e9rito, que viajaba de copiloto, no redujo su velocidad, pero el padre del Rey salud\u00f3 con la mano a los reporteros. <\/p>\n<p>                            <img decoding=\"async\" src=\"https:\/\/www.europesays.com\/es\/wp-content\/uploads\/2025\/11\/770x_emerito.jpg\" loading=\"lazy\"\/><\/p>\n<p>A su llegada, ya esperaban a don Juan Carlos algunos de sus familiares, pero hasta media hora despu\u00e9s no se produjo la entrada al recinto de la reina Sof\u00eda, quien iba en el coche acompa\u00f1ada de la menor de sus hijas, la infanta Cristina. <\/p>\n<p>                            <img decoding=\"async\" src=\"https:\/\/www.europesays.com\/es\/wp-content\/uploads\/2025\/11\/770x_sofia.jpg\" loading=\"lazy\"\/><\/p>\n<p><b>Juan Carlos I lleg\u00f3 directamente de Abu Dabi<\/b>, de donde sali\u00f3 a primera hora de la ma\u00f1ana para llegar a Madrid seis horas de vuelo despu\u00e9s en un avi\u00f3n privado de la compa\u00f1\u00eda Vista Jet. A las 6 de la tarde, en otro avi\u00f3n privado despeg\u00f3 de Barajas en direcci\u00f3n a Abu Dabi. Algunas fuentes indican que con su nieto Froil\u00e1n.<\/p>\n<p>WhatsApp<a href=\"https:\/\/api.whatsapp.com\/send?text=https:\/\/www.eleconomista.es\/informalia\/casas-reales\/noticias\/13657831\/11\/25\/don-juan-carlos-y-la-reina-letizia-juntos-en-la-comida-real-todo-lo-que-se-sabe-del-almuerzo-de-el-pardo.html?utm_source%3Dwhatsapp%26utm_medium%3Dshare_button&amp;id=1648118629957_whatsapp\" target=\"_blank\" data-action=\"share\/whatsapp\/share\" aria-label=\"Compartir en Whatsapp\" rel=\"nofollow noopener\"><\/a>Facebook<a id=\"fb-share\" href=\"#\" target=\"_blank\" rel=\"noopener noreferrer\" aria-label=\"Compartir en Facebook\"><\/a>Twitter<a href=\"https:\/\/twitter.com\/share?text=Don+Juan+Carlos+y+do%C3%B1a+Letizia%2C+juntos+en+la+comida+real%3A+todo+lo+que+se+sabe+del+almuerzo+de+El+Pardo&amp;url=https:\/\/www.eleconomista.es\/informalia\/casas-reales\/noticias\/13657831\/11\/25\/don-juan-carlos-y-la-reina-letizia-juntos-en-la-comida-real-todo-lo-que-se-sabe-del-almuerzo-de-el-pardo.html&amp;via=Informalia&amp;id=1648118839245_twitter\" target=\"_blank\" aria-label=\"Compartir en Twitter\" rel=\"nofollow noopener\"><\/a>Linkedin<a onclick=\"return abrirLinkedin();\" href=\"https:\/\/www.linkedin.com\/shareArticle?text=Don+Juan+Carlos+y+do%C3%B1a+Letizia%2C+juntos+en+la+comida+real%3A+todo+lo+que+se+sabe+del+almuerzo+de+El+Pardo&amp;url=https:\/\/www.eleconomista.es\/informalia\/casas-reales\/noticias\/13657831\/11\/25\/don-juan-carlos-y-la-reina-letizia-juntos-en-la-comida-real-todo-lo-que-se-sabe-del-almuerzo-de-el-pardo.html&amp;mini=true\" target=\"_blank\" aria-label=\"Compartir en linkedin\" rel=\"nofollow noopener\"><\/a>Beloud<a href=\"https:\/\/beloud.com\/share?text=Don+Juan+Carlos+y+do%C3%B1a+Letizia%2C+juntos+en+la+comida+real%3A+todo+lo+que+se+sabe+del+almuerzo+de+El+Pardo&amp;url=https:\/\/www.eleconomista.es\/informalia\/casas-reales\/noticias\/13657831\/11\/25\/don-juan-carlos-y-la-reina-letizia-juntos-en-la-comida-real-todo-lo-que-se-sabe-del-almuerzo-de-el-pardo.html&amp;via=Informalia&amp;id=1648118839245_beloud\" target=\"_blank\" aria-label=\"Compartir en beloud\" rel=\"nofollow noopener\"><\/a>Bluesky<a href=\"https:\/\/bsky.app\/intent\/compose?text=https:\/\/bsky.app\/intent\/compose?text=https:\/\/www.eleconomista.es\/informalia\/casas-reales\/noticias\/13657831\/11\/25\/don-juan-carlos-y-la-reina-letizia-juntos-en-la-comida-real-todo-lo-que-se-sabe-del-almuerzo-de-el-pardo.html&amp;url=https:\/\/www.eleconomista.es\/informalia\/casas-reales\/noticias\/13657831\/11\/25\/don-juan-carlos-y-la-reina-letizia-juntos-en-la-comida-real-todo-lo-que-se-sabe-del-almuerzo-de-el-pardo.html&amp;via=elEconomistaes&amp;id=1648118839245_bluesky\" target=\"_blank\" aria-label=\"Compartir en bluesky\" rel=\"nofollow noopener\"><\/a><\/p>\n<p><script async src=\"https:\/\/platform.twitter.com\/widgets.js\" charset=\"utf-8\"><\/script><\/p>\n","protected":false},"excerpt":{"rendered":"Don Juan Carlos fue de los primeros en llegar. Despu\u00e9s vimos a los Reyes don Felipe y do\u00f1a&hellip;\n","protected":false},"author":2,"featured_media":251630,"comment_status":"","ping_status":"","sticky":false,"template":"","format":"standard","meta":{"footnotes":""},"categories":[174],"tags":[14486,255,146,147,25,24,256,23],"class_list":{"0":"post-251629","1":"post","2":"type-post","3":"status-publish","4":"format-standard","5":"has-post-thumbnail","7":"category-famosos","8":"tag-casas-reales","9":"tag-celebrities","10":"tag-entertainment","11":"tag-entretenimiento","12":"tag-es","13":"tag-espana","14":"tag-famosos","15":"tag-spain"},"share_on_mastodon":{"url":"https:\/\/pubeurope.com\/@es\/115599822846306645","error":""},"_links":{"self":[{"href":"https:\/\/www.europesays.com\/es\/wp-json\/wp\/v2\/posts\/251629","targetHints":{"allow":["GET"]}}],"collection":[{"href":"https:\/\/www.europesays.com\/es\/wp-json\/wp\/v2\/posts"}],"about":[{"href":"https:\/\/www.europesays.com\/es\/wp-json\/wp\/v2\/types\/post"}],"author":[{"embeddable":true,"href":"https:\/\/www.europesays.com\/es\/wp-json\/wp\/v2\/users\/2"}],"replies":[{"embeddable":true,"href":"https:\/\/www.europesays.com\/es\/wp-json\/wp\/v2\/comments?post=251629"}],"version-history":[{"count":0,"href":"https:\/\/www.europesays.com\/es\/wp-json\/wp\/v2\/posts\/251629\/revisions"}],"wp:featuredmedia":[{"embeddable":true,"href":"https:\/\/www.europesays.com\/es\/wp-json\/wp\/v2\/media\/251630"}],"wp:attachment":[{"href":"https:\/\/www.europesays.com\/es\/wp-json\/wp\/v2\/media?parent=251629"}],"wp:term":[{"taxonomy":"category","embeddable":true,"href":"https:\/\/www.europesays.com\/es\/wp-json\/wp\/v2\/categories?post=251629"},{"taxonomy":"post_tag","embeddable":true,"href":"https:\/\/www.europesays.com\/es\/wp-json\/wp\/v2\/tags?post=251629"}],"curies":[{"name":"wp","href":"https:\/\/api.w.org\/{rel}","templated":true}]}}