{"id":251631,"date":"2025-11-23T15:54:21","date_gmt":"2025-11-23T15:54:21","guid":{"rendered":"https:\/\/www.europesays.com\/es\/251631\/"},"modified":"2025-11-23T15:54:21","modified_gmt":"2025-11-23T15:54:21","slug":"estas-son-las-15-fotos-finalistas-del-concurso-mi-verano-en-soria","status":"publish","type":"post","link":"https:\/\/www.europesays.com\/es\/251631\/","title":{"rendered":"Estas son las 15 fotos finalistas del concurso &#8216;Mi Verano en Soria&#8217;"},"content":{"rendered":"<p class=\"paragraph\">El <b>concurso fotogr\u00e1fico &#8216;Mi Verano en Soria&#8217; <\/b>se acerca a su desenlace y ya tenemos las <b>15 fotos finalistas<\/b>, escogidas entre las cerca de 450 participantes. El <b>mi\u00e9rcoles 26 de noviembre<\/b> se dar\u00e1n a conocer el fallo del jurado con los<b> cuatro ganadores<\/b> que se repartir\u00e1n 2.000 euros, con un primer premio de 1.000 euros para la mejor imagen del est\u00edo soriano en una iniciativa de <b>Heraldo-Diario de Soria<\/b>.<\/p>\n<p class=\"paragraph\">Adem\u00e1s, en los enlaces entre estas l\u00edneas y los finalistas, puedes consultar <b>todas las fotos <\/b>presentadas a concurso:\u00a0<\/p>\n<p>            <a href=\"#\" title=\"\"><\/p>\n<p>                    <img loading=\"lazy\" decoding=\"async\" data-index=\"\" width=\"140\" height=\"140\" alt=\"Una de las fotograf\u00edas presentadas al concurso.\" data-full=\"[object Object]\" data-original=\"[object Object]\" src=\"https:\/\/imagenes.heraldodiariodesoria.es\/files\/related_image\/uploads\/2025\/10\/01\/68dd5bac6ff68.jpeg\" data-full-src=\"https:\/\/www.europesays.com\/es\/wp-content\/uploads\/2025\/11\/1763913253_179_68dd5bac6ff68.jpeg\"\/><\/p>\n<p>            <\/a><\/p>\n<p>            <a href=\"#\" title=\"\"><\/p>\n<p>                    <img loading=\"lazy\" decoding=\"async\" data-index=\"\" width=\"140\" height=\"140\" alt=\"\" data-full=\"[object Object]\" data-original=\"[object Object]\" src=\"https:\/\/imagenes.heraldodiariodesoria.es\/files\/related_image\/uploads\/2025\/11\/10\/6912197b5b081.jpeg\" data-full-src=\"https:\/\/www.europesays.com\/es\/wp-content\/uploads\/2025\/11\/6912197b5b081.jpeg\"\/><\/p>\n<p>            <\/a><\/p>\n<p>            <a href=\"#\" title=\"\"><\/p>\n<p>                    <img loading=\"lazy\" decoding=\"async\" data-index=\"\" width=\"140\" height=\"140\" alt=\"\" data-full=\"[object Object]\" data-original=\"[object Object]\" src=\"https:\/\/imagenes.heraldodiariodesoria.es\/files\/related_image\/uploads\/2025\/11\/18\/691c50e2c4494.jpeg\" data-full-src=\"https:\/\/www.europesays.com\/es\/wp-content\/uploads\/2025\/11\/691c50e2c4494.jpeg\"\/><\/p>\n<p>            <\/a><\/p>\n<p>            <a href=\"#\" title=\"\"><\/p>\n<p>                    <img loading=\"lazy\" decoding=\"async\" data-index=\"\" width=\"140\" height=\"140\" alt=\"Una de las fotograf\u00edas presentadas al concurso.\" data-full=\"[object Object]\" data-original=\"[object Object]\" src=\"https:\/\/imagenes.heraldodiariodesoria.es\/files\/related_image\/uploads\/2025\/11\/20\/691f54c33d20a.jpeg\" data-full-src=\"https:\/\/www.europesays.com\/es\/wp-content\/uploads\/2025\/11\/691f54c33d20a.jpeg\"\/><\/p>\n<p>            <\/a><\/p>\n<p class=\"c-detail__media__subtitle\">\n<p>                &#8216;Sue\u00f1os de papel junto al Duero&#8217;fotopaco.photo<\/p>\n<p>        SARA RONCAL RUIZ<\/p>\n<p class=\"c-detail__media__subtitle\">\n<p>                &#8216;Fr\u00e1gil&#8217;. Alameda de Cervantes.fotopaco.photo<\/p>\n<p>        ORLANDO PINILLA<\/p>\n<p class=\"c-detail__media__subtitle\">\n<p>                &#8216;Atardeceres rebosantes de historia&#8217;. Fortaleza califal de Gormaz.fotopaco.photo<\/p>\n<p>        MARINA MU\u00d1OZ BENITO<\/p>\n<p class=\"c-detail__media__subtitle\">\n<p>                &#8216;Momento de alegr\u00eda, luz, diversi\u00f3n, colorido y naturaleza en este verano&#8217;.fotopaco.photo<\/p>\n<p>        JUAN ANTONIO ANT\u00d3N OLIVA<\/p>\n<p class=\"c-detail__media__subtitle\">\n<p>                &#8216;El sol nuestro de cada d\u00eda&#8217;. Almaz\u00e1nfotopaco.photo<\/p>\n<p>        JORGE SANZ GARC\u00cdA<\/p>\n<p class=\"c-detail__media__subtitle\">\n<p>                Castor en el valle del Jal\u00f3n. Fotograf\u00eda tomada en Jubera (Soria).fotopaco.photo<\/p>\n<p>        JES\u00daS DEL BARRIO GARC\u00cdA<\/p>\n<p class=\"c-detail__media__subtitle\">\n<p>                &#8216;La corona de Fuego sobre los Montes de Soria&#8217;.fotopaco.photo<\/p>\n<p>        FRANCISCO S\u00c1NCHEZ MEG\u00cdAS<\/p>\n<p class=\"c-detail__media__subtitle\">\n<p>                &#8216;Los torneos del Cid&#8217;. Mercado Medieval de San Esteban de Gormaz.ENNOdeJONGE<\/p>\n<p>        ENNO DE JONGE<\/p>\n<p class=\"c-detail__media__subtitle\">\n<p>                &#8216;\u00a1Reba\u00f1o y pueblo a la vista1&#8217;. El Cubo de la Sierra (Almarza).<\/p>\n<p>        JOS\u00c9 \u00c1NGEL VITORIA GARC\u00cdA<\/p>\n<p class=\"c-detail__media__subtitle\">\n<p>                &#8216;Ambrona Molona&#8217;<\/p>\n<p>        EDUARDO FERN\u00c1NDEZ AYUSO<\/p>\n<p class=\"c-detail__media__subtitle\">\n<p>                &#8216;Serranita de mi Amor&#8217;<\/p>\n<p>        EDUARDO FERN\u00c1NDEZ AYUSO<\/p>\n<p class=\"c-detail__media__subtitle\">\n<p>                Desde Mi balc\u00f3n. Navaleno.<\/p>\n<p>        ELENA MARCO<\/p>\n<p class=\"c-detail__media__subtitle\">\n<p>                Entre San Polo y San Saturio.<\/p>\n<p>        CARMEN LONGOBARDO<\/p>\n<p class=\"c-detail__media__subtitle\">\n<p>                &#8216;Balanceo hacia el para\u00edso&#8217;. Embalse de la Cuerda del Pozo.<\/p>\n<p>        AMAIA G\u00d3MEZ<\/p>\n<p class=\"c-detail__media__subtitle\">\n<p>                Zona de escalada entre Valdenebro y Bo\u00f3s, a orillas del cauce del Sequillo.<\/p>\n<p>        \u00c1LVARO MU\u00d1OZ<\/p>\n","protected":false},"excerpt":{"rendered":"El concurso fotogr\u00e1fico &#8216;Mi Verano en Soria&#8217; se acerca a su desenlace y ya tenemos las 15 fotos&hellip;\n","protected":false},"author":2,"featured_media":251632,"comment_status":"","ping_status":"","sticky":false,"template":"","format":"standard","meta":{"footnotes":""},"categories":[173],"tags":[229,233,231,230,252,232,234,146,147,25,24,246,23],"class_list":{"0":"post-251631","1":"post","2":"type-post","3":"status-publish","4":"format-standard","5":"has-post-thumbnail","7":"category-arte-y-diseno","8":"tag-arte","9":"tag-arte-y-diseno","10":"tag-arts","11":"tag-arts-and-design","12":"tag-carlos-martinez","13":"tag-design","14":"tag-diseno","15":"tag-entertainment","16":"tag-entretenimiento","17":"tag-es","18":"tag-espana","19":"tag-soria","20":"tag-spain"},"share_on_mastodon":{"url":"https:\/\/pubeurope.com\/@es\/115599826546190224","error":""},"_links":{"self":[{"href":"https:\/\/www.europesays.com\/es\/wp-json\/wp\/v2\/posts\/251631","targetHints":{"allow":["GET"]}}],"collection":[{"href":"https:\/\/www.europesays.com\/es\/wp-json\/wp\/v2\/posts"}],"about":[{"href":"https:\/\/www.europesays.com\/es\/wp-json\/wp\/v2\/types\/post"}],"author":[{"embeddable":true,"href":"https:\/\/www.europesays.com\/es\/wp-json\/wp\/v2\/users\/2"}],"replies":[{"embeddable":true,"href":"https:\/\/www.europesays.com\/es\/wp-json\/wp\/v2\/comments?post=251631"}],"version-history":[{"count":0,"href":"https:\/\/www.europesays.com\/es\/wp-json\/wp\/v2\/posts\/251631\/revisions"}],"wp:featuredmedia":[{"embeddable":true,"href":"https:\/\/www.europesays.com\/es\/wp-json\/wp\/v2\/media\/251632"}],"wp:attachment":[{"href":"https:\/\/www.europesays.com\/es\/wp-json\/wp\/v2\/media?parent=251631"}],"wp:term":[{"taxonomy":"category","embeddable":true,"href":"https:\/\/www.europesays.com\/es\/wp-json\/wp\/v2\/categories?post=251631"},{"taxonomy":"post_tag","embeddable":true,"href":"https:\/\/www.europesays.com\/es\/wp-json\/wp\/v2\/tags?post=251631"}],"curies":[{"name":"wp","href":"https:\/\/api.w.org\/{rel}","templated":true}]}}