{"id":251637,"date":"2025-11-23T15:58:10","date_gmt":"2025-11-23T15:58:10","guid":{"rendered":"https:\/\/www.europesays.com\/es\/251637\/"},"modified":"2025-11-23T15:58:10","modified_gmt":"2025-11-23T15:58:10","slug":"la-ultima-gran-pelicula-de-superheroes-esta-en-streaming-y-no-te-la-puedes-perder-este-fin-de-semana","status":"publish","type":"post","link":"https:\/\/www.europesays.com\/es\/251637\/","title":{"rendered":"La \u00faltima gran pel\u00edcula de superh\u00e9roes est\u00e1 en streaming y no te la puedes perder este fin de semana"},"content":{"rendered":"<p>Ambientada en una <b>realidad alternativa<\/b> con <b>est\u00e9tica de los sesenta<\/b>, esta nueva propuesta de <b>Marvel <\/b>nos mete de lleno en un mundo donde la ciencia avanza tan r\u00e1pido que nadie tiene claro d\u00f3nde est\u00e1n los l\u00edmites. <\/p>\n<p><b>Todo empieza con un experimento<\/b> que, en teor\u00eda, deb\u00eda ser rutinario\u2026 pero <b>algo sale mal<\/b>, y a partir de ah\u00ed<b> las cosas comienzan a cambiar<\/b> m\u00e1s de lo que cualquiera estaba preparado para asumir, con <b>nuevas amenazas <\/b>que llegan incluso desde m\u00e1s all\u00e1 de su propio universo.<\/p>\n<p>As\u00ed se presenta el <b>reinicio <\/b>de una de las <b>sagas m\u00e1s ic\u00f3nicas de la franquicia <\/b>de superh\u00e9roes m\u00e1s conocida del mundo, que despu\u00e9s de <b>dos reboots previos <\/b>que pasaron sin pena ni gloria, llega con la intenci\u00f3n de demostrar que, esta vez s\u00ed, <b>a la tercera va la vencida<\/b>.<\/p>\n<p><b>Un reinicio que es realmente fant\u00e1stico<\/b><\/p>\n<p>En Los 4 Fant\u00e1sticos: Los primeros pasos, la historia nos sit\u00faa ante <b>un equipo de h\u00e9roes ya formado desde hace a\u00f1os<\/b>, en el que Reed Richards, Sue Storm, Johnny Storm y Ben Grimm deben enfrentarse al temido<b> Galactus<\/b>, una <b>amenaza c\u00f3smica <\/b>capaz de devorar planetas enteros. La llegada de este enemigo, acompa\u00f1ada por su heraldo <b>Silver Surfer<\/b>, los pone contra las cuerdas cuando la <b>aniquilaci\u00f3n de la poblaci\u00f3n terr\u00edcola <\/b>se convierte en una posibilidad real.<\/p>\n<p>A trav\u00e9s de un <b>controvertido intercambio<\/b>, Galactus les ofrece una v\u00eda para evitar la destrucci\u00f3n, oblig\u00e1ndolos a elegir entre <b>aceptar sus condiciones<\/b> (con todas sus consecuencias) o <b>buscar una soluci\u00f3n alternativa<\/b>.<\/p>\n<p>El reparto de Los 4 Fant\u00e1sticos: Los primeros pasos est\u00e1 encabezado por <strong data-start=\"177\" data-end=\"193\">Pedro Pascal<\/strong>, que interpreta a Reed Richards; <strong data-start=\"227\" data-end=\"244\">Vanessa Kirby<\/strong> como Sue Storm; <strong data-start=\"261\" data-end=\"277\">Joseph Quinn<\/strong> en el papel de Johnny Storm; y <strong data-start=\"309\" data-end=\"331\">Ebon Moss-Bachrach<\/strong> como Ben Grimm. A ellos se suman <strong data-start=\"365\" data-end=\"381\">Julia Garner<\/strong>, <strong data-start=\"383\" data-end=\"405\">Paul Walter Hauser<\/strong>, <strong data-start=\"407\" data-end=\"425\">John Malkovich<\/strong>, <strong data-start=\"427\" data-end=\"445\">Natasha Lyonne<\/strong> y <strong data-start=\"448\" data-end=\"464\">Ralph Ineson<\/strong>, este \u00faltimo encargado de dar vida a Galactus.<\/p>\n<p><b>D\u00f3nde ver esta pel\u00edcula<\/b><\/p>\n<p>En Espa\u00f1a, Los 4 Fant\u00e1sticos: Los primeros pasos est\u00e1 disponible en<b><a title=\" Disney+\" href=\"https:\/\/www.disneyplus.com\/en-es\/browse\/entity-2142a7a9-4c49-438d-a492-296c4e08b714?distributionPartner=google\" target=\"_blank\" rel=\"nofollow noopener\"> Disney+<\/a><\/b>para suscriptores. Adem\u00e1s, puede alquilarse o comprarse en plataformas digitales como <b><a title=\"Amazon Prime Video\" href=\"https:\/\/www.primevideo.com\/dp\/amzn1.dv.gti.6e2b20c9-b8d9-484a-aa72-09ca50debbf6?autoplay=0&amp;ref_=atv_cf_strg_wb\" target=\"_blank\" rel=\"nofollow noopener\">Amazon Prime Video<\/a><\/b>y <a title=\"Apple TV\" href=\"https:\/\/tv.apple.com\/es\/movie\/los-4-fantasticos-primeros-pasos\/umc.cmc.i8en6ccbtt7tcb61g7psc3zz?action=play\" target=\"_blank\" rel=\"nofollow noopener\"><b>Apple TV<\/b><\/a>, entre otras.<\/p>\n<p>Adem\u00e1s de su est\u00e9tica retro y de la introducci\u00f3n de nuevos enfoques dentro del universo Marvel, la producci\u00f3n logr\u00f3 un impacto notable en cines: <strong data-start=\"404\" data-end=\"458\">recaud\u00f3 521,9 millones de d\u00f3lares en todo el mundo<\/strong>, convirti\u00e9ndose en <strong data-start=\"478\" data-end=\"523\">la d\u00e9cima pel\u00edcula m\u00e1s taquillera de 2025<\/strong> y en <strong data-start=\"529\" data-end=\"603\">la entrega de los 4 Fant\u00e1sticos con mayor recaudaci\u00f3n hasta la fecha<\/strong>.<\/p>\n<p>Tras el \u00e9xito en taquilla y la buena recepci\u00f3n del p\u00fablico, el estudio ya ha confirmado que <strong data-start=\"398\" data-end=\"428\">habr\u00e1 una segunda pel\u00edcula<\/strong> centrada en la evoluci\u00f3n del equipo. Sin embargo, antes de que esa secuela llegue a los cines, los personajes <strong data-start=\"539\" data-end=\"606\">aparecer\u00e1n en Avengers: Doomsday y en Avengers: Secret Wars<\/strong>, dos producciones que reunir\u00e1n a varias l\u00edneas temporales del universo Marvel.<\/p>\n","protected":false},"excerpt":{"rendered":"Ambientada en una realidad alternativa con est\u00e9tica de los sesenta, esta nueva propuesta de Marvel nos mete de&hellip;\n","protected":false},"author":2,"featured_media":251638,"comment_status":"","ping_status":"","sticky":false,"template":"","format":"standard","meta":{"footnotes":""},"categories":[169],"tags":[177,146,147,25,24,176,175,23],"class_list":{"0":"post-251637","1":"post","2":"type-post","3":"status-publish","4":"format-standard","5":"has-post-thumbnail","7":"category-cine","8":"tag-cine","9":"tag-entertainment","10":"tag-entretenimiento","11":"tag-es","12":"tag-espana","13":"tag-film","14":"tag-movies","15":"tag-spain"},"share_on_mastodon":{"url":"https:\/\/pubeurope.com\/@es\/115599841957949164","error":""},"_links":{"self":[{"href":"https:\/\/www.europesays.com\/es\/wp-json\/wp\/v2\/posts\/251637","targetHints":{"allow":["GET"]}}],"collection":[{"href":"https:\/\/www.europesays.com\/es\/wp-json\/wp\/v2\/posts"}],"about":[{"href":"https:\/\/www.europesays.com\/es\/wp-json\/wp\/v2\/types\/post"}],"author":[{"embeddable":true,"href":"https:\/\/www.europesays.com\/es\/wp-json\/wp\/v2\/users\/2"}],"replies":[{"embeddable":true,"href":"https:\/\/www.europesays.com\/es\/wp-json\/wp\/v2\/comments?post=251637"}],"version-history":[{"count":0,"href":"https:\/\/www.europesays.com\/es\/wp-json\/wp\/v2\/posts\/251637\/revisions"}],"wp:featuredmedia":[{"embeddable":true,"href":"https:\/\/www.europesays.com\/es\/wp-json\/wp\/v2\/media\/251638"}],"wp:attachment":[{"href":"https:\/\/www.europesays.com\/es\/wp-json\/wp\/v2\/media?parent=251637"}],"wp:term":[{"taxonomy":"category","embeddable":true,"href":"https:\/\/www.europesays.com\/es\/wp-json\/wp\/v2\/categories?post=251637"},{"taxonomy":"post_tag","embeddable":true,"href":"https:\/\/www.europesays.com\/es\/wp-json\/wp\/v2\/tags?post=251637"}],"curies":[{"name":"wp","href":"https:\/\/api.w.org\/{rel}","templated":true}]}}