{"id":25164,"date":"2025-08-04T14:20:19","date_gmt":"2025-08-04T14:20:19","guid":{"rendered":"https:\/\/www.europesays.com\/es\/25164\/"},"modified":"2025-08-04T14:20:19","modified_gmt":"2025-08-04T14:20:19","slug":"tesla-aprueba-una-concesion-de-96-millones-de-acciones-restringidas-para-elon-musk","status":"publish","type":"post","link":"https:\/\/www.europesays.com\/es\/25164\/","title":{"rendered":"Tesla aprueba una concesi\u00f3n de 96 millones de acciones restringidas para Elon Musk"},"content":{"rendered":"\n<p class=\"yf-1090901\">Investing.com &#8211; Tesla (NASDAQ:TSLA) ha aprobado una concesi\u00f3n de 96 millones de acciones restringidas para su director ejecutivo Elon Musk, seg\u00fan un documento presentado por la compa\u00f1\u00eda este lunes.<\/p>\n<p class=\"yf-1090901\">El \u00abPremio Provisional para el CEO 2025\u00bb fue aprobado por la compa\u00f1\u00eda el domingo, tras una recomendaci\u00f3n de un comit\u00e9 especial de directores independientes, Robyn Denholm y Kathleen Wilson-Thompson, el 1 de agosto. El consejo aprob\u00f3 la concesi\u00f3n con Musk y su hermano Kimbal Musk absteni\u00e9ndose de la votaci\u00f3n.<\/p>\n<p class=\"yf-1090901\">Las acciones se emitir\u00e1n despu\u00e9s de la terminaci\u00f3n o expiraci\u00f3n de los per\u00edodos de espera bajo la Ley de Mejoras Antimonopolio Hart-Scott-Rodino.<\/p>\n<p class=\"yf-1090901\">Tesla planea contabilizar la concesi\u00f3n como acciones restringidas con una condici\u00f3n de rendimiento. La compa\u00f1\u00eda reconocer\u00e1 el gasto de compensaci\u00f3n durante el per\u00edodo de servicio requerido solo si la adjudicaci\u00f3n se vuelve probable. El valor razonable contable en la fecha de concesi\u00f3n se determinar\u00e1 cuando las acciones sean entregadas a Musk.<\/p>\n<p class=\"yf-1090901\">A modo ilustrativo, si las aprobaciones se hubieran obtenido el 1 de agosto, el valor razonable contable en la fecha de concesi\u00f3n habr\u00eda sido aproximadamente 23.700 millones de d\u00f3lares basado en el precio de cierre de las acciones de ese d\u00eda.<\/p>\n<p class=\"yf-1090901\">Actualmente, la compa\u00f1\u00eda espera no reconocer un gasto de compensaci\u00f3n tras la emisi\u00f3n de la concesi\u00f3n, ya que no cree que se cumplir\u00e1 la condici\u00f3n de rendimiento. Sin embargo, Tesla reevaluar\u00e1 esta probabilidad al menos trimestralmente.<\/p>\n<p class=\"yf-1090901\">Si la condici\u00f3n de rendimiento se considera probable m\u00e1s adelante durante el per\u00edodo de servicio de dos a\u00f1os, Tesla registrar\u00e1 un gasto retroactivo. Si la condici\u00f3n sigue consider\u00e1ndose improbable al final de este per\u00edodo, la compa\u00f1\u00eda podr\u00eda no reconocer ning\u00fan gasto de compensaci\u00f3n.<\/p>\n<p class=\"yf-1090901\">Este art\u00edculo ha sido generado y traducido con el apoyo de AI y revisado por un editor. Para m\u00e1s informaci\u00f3n, consulte nuestros T&amp;C.<\/p>\n<p> Story Continues <\/p>\n","protected":false},"excerpt":{"rendered":"Investing.com &#8211; Tesla (NASDAQ:TSLA) ha aprobado una concesi\u00f3n de 96 millones de acciones restringidas para su director ejecutivo&hellip;\n","protected":false},"author":2,"featured_media":18578,"comment_status":"","ping_status":"","sticky":false,"template":"","format":"standard","meta":{"footnotes":""},"categories":[80],"tags":[82,14086,95,94,11405,25,24,14084,14085,23,12336],"class_list":{"0":"post-25164","1":"post","2":"type-post","3":"status-publish","4":"format-standard","5":"has-post-thumbnail","7":"category-economia","8":"tag-business","9":"tag-concesion","10":"tag-economia","11":"tag-economy","12":"tag-elon-musk","13":"tag-es","14":"tag-espana","15":"tag-precio-de-cierre","16":"tag-robyn-denholm","17":"tag-spain","18":"tag-tesla"},"share_on_mastodon":{"url":"","error":""},"_links":{"self":[{"href":"https:\/\/www.europesays.com\/es\/wp-json\/wp\/v2\/posts\/25164","targetHints":{"allow":["GET"]}}],"collection":[{"href":"https:\/\/www.europesays.com\/es\/wp-json\/wp\/v2\/posts"}],"about":[{"href":"https:\/\/www.europesays.com\/es\/wp-json\/wp\/v2\/types\/post"}],"author":[{"embeddable":true,"href":"https:\/\/www.europesays.com\/es\/wp-json\/wp\/v2\/users\/2"}],"replies":[{"embeddable":true,"href":"https:\/\/www.europesays.com\/es\/wp-json\/wp\/v2\/comments?post=25164"}],"version-history":[{"count":0,"href":"https:\/\/www.europesays.com\/es\/wp-json\/wp\/v2\/posts\/25164\/revisions"}],"wp:featuredmedia":[{"embeddable":true,"href":"https:\/\/www.europesays.com\/es\/wp-json\/wp\/v2\/media\/18578"}],"wp:attachment":[{"href":"https:\/\/www.europesays.com\/es\/wp-json\/wp\/v2\/media?parent=25164"}],"wp:term":[{"taxonomy":"category","embeddable":true,"href":"https:\/\/www.europesays.com\/es\/wp-json\/wp\/v2\/categories?post=25164"},{"taxonomy":"post_tag","embeddable":true,"href":"https:\/\/www.europesays.com\/es\/wp-json\/wp\/v2\/tags?post=25164"}],"curies":[{"name":"wp","href":"https:\/\/api.w.org\/{rel}","templated":true}]}}